{"id":720,"date":"2023-07-24T13:32:44","date_gmt":"2023-07-24T13:32:44","guid":{"rendered":"https:\/\/roger-peltzer.com\/cotton-made-in-africa-une-etude-de-cas-sur-la-production-durable-basee-sur-une-consommation-responsable\/"},"modified":"2024-06-15T16:18:43","modified_gmt":"2024-06-15T16:18:43","slug":"cotton-made-in-africa-une-etude-de-cas-sur-la-production-durable-basee-sur-une-consommation-responsable","status":"publish","type":"post","link":"https:\/\/roger-peltzer.com\/fr\/cotton-made-in-africa-une-etude-de-cas-sur-la-production-durable-basee-sur-une-consommation-responsable\/","title":{"rendered":"Cotton Made in Africa : une \u00e9tude de cas sur la production durable bas\u00e9e sur une consommation responsable"},"content":{"rendered":"\n<p>En Afrique, le coton est principalement cultiv\u00e9 dans des r\u00e9gions particuli\u00e8rement expos\u00e9es aux cons\u00e9quences du changement climatique, qui comptent parmi les r\u00e9gions les plus pauvres de leurs pays respectifs et qui sont aujourd&rsquo;hui souvent soumises \u00e0 un niveau \u00e9lev\u00e9 d&rsquo;ins\u00e9curit\u00e9 en raison des activit\u00e9s de bandes terroristes, g\u00e9n\u00e9ralement islamistes. C&rsquo;est notamment le cas du Burkina Faso, du Mali et du Tchad. Et c&rsquo;\u00e9tait \u00e9galement le cas jusqu&rsquo;\u00e0 r\u00e9cemment dans le nord du Cameroun.  <\/p>\n\n<p>Les normes de durabilit\u00e9 telles que Cotton Made in Africa (CmiA) peuvent jouer un r\u00f4le important dans l&rsquo;am\u00e9lioration des conditions de vie des petits exploitants agricoles en Afrique.<\/p>\n<figure class=\"wp-block-post-featured-image\"><img loading=\"lazy\" decoding=\"async\" width=\"851\" height=\"1113\" src=\"https:\/\/roger-peltzer.com\/wp-content\/uploads\/2023\/07\/Anneke-Voss_Cote-divoire.jpg\" class=\"attachment-post-thumbnail size-post-thumbnail wp-post-image\" alt=\"\" style=\"object-fit:cover;\" srcset=\"https:\/\/roger-peltzer.com\/wp-content\/uploads\/2023\/07\/Anneke-Voss_Cote-divoire.jpg 851w, https:\/\/roger-peltzer.com\/wp-content\/uploads\/2023\/07\/Anneke-Voss_Cote-divoire-229x300.jpg 229w, https:\/\/roger-peltzer.com\/wp-content\/uploads\/2023\/07\/Anneke-Voss_Cote-divoire-783x1024.jpg 783w, https:\/\/roger-peltzer.com\/wp-content\/uploads\/2023\/07\/Anneke-Voss_Cote-divoire-768x1004.jpg 768w\" sizes=\"auto, (max-width: 851px) 100vw, 851px\" \/><\/figure>\n<p>La consommation et la production responsables sont une cl\u00e9 du d\u00e9veloppement durable et constituent donc en soi un \u00ab\u00a0Objectif de d\u00e9veloppement durable (ODD 12)\u00a0\u00bb. La consommation et les modes de production doivent \u00eatre socialement responsables et \u00e9conomiquement viables.<\/p>\n\n<p>Cotton Made in Africa (CmiA) est une initiative de certification au sein de l&rsquo;industrie textile. Elle a \u00e9t\u00e9 cr\u00e9\u00e9e il y a 18 ans en tant que l&rsquo;un des plus grands partenariats public-priv\u00e9 de la coop\u00e9ration allemande au d\u00e9veloppement avec des entreprises priv\u00e9es et des fondations priv\u00e9es pour une cha\u00eene d&rsquo;approvisionnement bas\u00e9e sur l&rsquo;agriculture. CmiA, tout comme sa norme s\u0153ur BCI, vise \u00e0 garantir le respect de normes environnementales et sociales sp\u00e9cifiques dans le processus de production du coton. Partout o\u00f9 la norme est mise en \u0153uvre et contr\u00f4l\u00e9e, elle offre aux consommateurs et aux d\u00e9taillants textiles la certitude que le coton utilis\u00e9 dans les textiles \u00e9ligibles a \u00e9t\u00e9 produit conform\u00e9ment aux crit\u00e8res de CmiA (BCI). Actuellement, en Afrique, un million de foyers de petits agriculteurs, dont 6 \u00e0 7 millions de membres de la famille, produisent selon les normes de la marque CmiA.<\/p>\n\n<p>Ce document politique discute de l&rsquo;impact de l&rsquo;introduction de CmiA sur les agriculteurs certifi\u00e9s, ainsi que des autres d\u00e9fis auxquels les normes devront faire face apr\u00e8s une introduction r\u00e9ussie. Des conclusions g\u00e9n\u00e9rales en sont tir\u00e9es pour les normes de durabilit\u00e9. Les principales conclusions sont les suivantes :<\/p>\n\n<ul class=\"wp-block-list\">\n<li>CmiA montre que les normes de durabilit\u00e9 ne fonctionnent pas uniquement sur les march\u00e9s de niche \u00e0 prix \u00e9lev\u00e9s, mais qu&rsquo;elles peuvent \u00e9galement avoir du succ\u00e8s sur le march\u00e9 de masse.<\/li>\n\n\n\n<li>Bien que le coton ne soit pas un produit alimentaire, les revenus qu&rsquo;il g\u00e9n\u00e8re peuvent am\u00e9liorer la s\u00e9curit\u00e9 alimentaire des petits agriculteurs. Parall\u00e8lement, la production de denr\u00e9es alimentaires qui accompagne le coton certifi\u00e9 augmente la s\u00e9curit\u00e9 alimentaire.<\/li>\n\n\n\n<li>La d\u00e9finition de normes doit \u00eatre associ\u00e9e \u00e0 un soutien aux agriculteurs afin qu&rsquo;ils puissent les respecter et g\u00e9n\u00e9rer des effets positifs pour eux-m\u00eames. Le d\u00e9fi consiste non seulement \u00e0 garantir le respect des normes sociales et environnementales minimales, mais aussi \u00e0 g\u00e9n\u00e9rer un revenu pour les agriculteurs.<\/li>\n\n\n\n<li>Autant le cofinancement public des phases de lancement et de construction des normes de durabilit\u00e9 est utile, autant il faut s&rsquo;assurer qu&rsquo;une fois la phase de construction termin\u00e9e, les normes seront financ\u00e9es par la cha\u00eene de valeur. Enfin, le commerce de d\u00e9tail du textile et les consommateurs doivent payer le prix pour que les textiles soient produits dans des conditions durables.<\/li>\n\n\n\n<li>Comme la mise en \u0153uvre de normes de durabilit\u00e9 sur le march\u00e9 de masse et dans les pays producteurs demande du temps et de la patience, on ne peut pas s&rsquo;attendre \u00e0 ce que les conditions de vie et les revenus des agriculteurs s&rsquo;am\u00e9liorent de mani\u00e8re spectaculaire d\u00e8s le court ou moyen terme. Il est donc important d&rsquo;investir \u00e0 long terme et sur de nombreuses ann\u00e9es dans la production \u00e0 petite \u00e9chelle et son environnement.<\/li>\n\n\n\n<li>Le passage d&rsquo;une production de coton intensive en pesticides \u00e0 une lutte biologique contre les ravageurs semble possible sans perte de productivit\u00e9 majeure.<\/li>\n\n\n\n<li>Pour d\u00e9terminer si et dans quelle mesure les conditions de vie et les revenus des petits agriculteurs certifi\u00e9s s&rsquo;am\u00e9liorent r\u00e9ellement, il faut une analyse d&rsquo;impact d\u00e9taill\u00e9e et continue, adapt\u00e9e aux conditions complexes de la production des petits agriculteurs en Afrique.<\/li>\n<\/ul>\n\n<p>Vous pouvez consulter l&rsquo;\u00e9tude compl\u00e8te, ou le Policy Brief, en cliquant sur le lien suivant :<\/p>\n<a class=\"wp-block-read-more\" href=\"https:\/\/roger-peltzer.com\/fr\/cotton-made-in-africa-une-etude-de-cas-sur-la-production-durable-basee-sur-une-consommation-responsable\/\" target=\"_blank\"><a href=\"https:\/\/www.idos-research.de\/policy-brief\/article\/cotton-made-in-africa-a-case-study-of-sustainable-production-through-responsible-consumption\/\">https:\/\/www.idos-research.de\/policy-brief\/article\/cotton-made-in-africa-a-case-study-of-sustainable-production-through-responsible-consumption\/<\/a><span class=\"screen-reader-text\">\u00a0: Cotton Made in Africa : une \u00e9tude de cas sur la production durable bas\u00e9e sur une consommation responsable<\/span><\/a>","protected":false},"excerpt":{"rendered":"<p>En Afrique, le coton est principalement cultiv\u00e9 dans des r\u00e9gions particuli\u00e8rement expos\u00e9es aux cons\u00e9quences du changement climatique, qui comptent parmi les r\u00e9gions les plus pauvres de leurs pays respectifs et qui sont aujourd&rsquo;hui souvent soumises \u00e0 un niveau \u00e9lev\u00e9 d&rsquo;ins\u00e9curit\u00e9<\/p>\n","protected":false},"author":2,"featured_media":486,"comment_status":"open","ping_status":"open","sticky":false,"template":"","format":"standard","meta":{"footnotes":""},"categories":[62],"tags":[],"ppma_author":[26],"class_list":["post-720","post","type-post","status-publish","format-standard","has-post-thumbnail","hentry","category-droits-de-lhomme"],"yoast_head":"<!-- This site is optimized with the Yoast SEO plugin v27.5 - https:\/\/yoast.com\/product\/yoast-seo-wordpress\/ -->\n<title>Cotton Made in Africa : une \u00e9tude de cas sur la production durable bas\u00e9e sur une consommation responsable - Politique internationale<\/title>\n<meta name=\"description\" content=\"Blog de Roger Peltzer sur le d\u00e9veloppement et la politique \u00e9trang\u00e8re, sur les th\u00e8mes des \u00c9tats fragiles, des droits de l&#039;homme et de l&#039;Am\u00e9rique latine.\" \/>\n<meta name=\"robots\" content=\"index, follow, max-snippet:-1, max-image-preview:large, max-video-preview:-1\" \/>\n<link rel=\"canonical\" href=\"https:\/\/roger-peltzer.com\/fr\/cotton-made-in-africa-une-etude-de-cas-sur-la-production-durable-basee-sur-une-consommation-responsable\/\" \/>\n<meta property=\"og:locale\" content=\"fr_FR\" \/>\n<meta property=\"og:type\" content=\"article\" \/>\n<meta property=\"og:title\" content=\"Cotton Made in Africa : une \u00e9tude de cas sur la production durable bas\u00e9e sur une consommation responsable - Politique internationale\" \/>\n<meta property=\"og:description\" content=\"Blog de Roger Peltzer sur le d\u00e9veloppement et la politique \u00e9trang\u00e8re, sur les th\u00e8mes des \u00c9tats fragiles, des droits de l&#039;homme et de l&#039;Am\u00e9rique latine.\" \/>\n<meta property=\"og:url\" content=\"https:\/\/roger-peltzer.com\/fr\/cotton-made-in-africa-une-etude-de-cas-sur-la-production-durable-basee-sur-une-consommation-responsable\/\" \/>\n<meta property=\"og:site_name\" content=\"Politique internationale\" \/>\n<meta property=\"article:published_time\" content=\"2023-07-24T13:32:44+00:00\" \/>\n<meta property=\"article:modified_time\" content=\"2024-06-15T16:18:43+00:00\" \/>\n<meta property=\"og:image\" content=\"https:\/\/roger-peltzer.com\/wp-content\/uploads\/2023\/07\/Anneke-Voss_Cote-divoire.jpg\" \/>\n\t<meta property=\"og:image:width\" content=\"851\" \/>\n\t<meta property=\"og:image:height\" content=\"1113\" \/>\n\t<meta property=\"og:image:type\" content=\"image\/jpeg\" \/>\n<meta name=\"author\" content=\"Roger Peltzer\" \/>\n<meta name=\"twitter:card\" content=\"summary_large_image\" \/>\n<meta name=\"twitter:label1\" content=\"\u00c9crit par\" \/>\n\t<meta name=\"twitter:data1\" content=\"Roger Peltzer\" \/>\n\t<meta name=\"twitter:label2\" content=\"Dur\u00e9e de lecture estim\u00e9e\" \/>\n\t<meta name=\"twitter:data2\" content=\"4 minutes\" \/>\n<script type=\"application\/ld+json\" class=\"yoast-schema-graph\">{\"@context\":\"https:\\\/\\\/schema.org\",\"@graph\":[{\"@type\":\"Article\",\"@id\":\"https:\\\/\\\/roger-peltzer.com\\\/fr\\\/cotton-made-in-africa-une-etude-de-cas-sur-la-production-durable-basee-sur-une-consommation-responsable\\\/#article\",\"isPartOf\":{\"@id\":\"https:\\\/\\\/roger-peltzer.com\\\/fr\\\/cotton-made-in-africa-une-etude-de-cas-sur-la-production-durable-basee-sur-une-consommation-responsable\\\/\"},\"author\":{\"name\":\"Roger Peltzer\",\"@id\":\"https:\\\/\\\/roger-peltzer.com\\\/fr\\\/#\\\/schema\\\/person\\\/6506ec1961bde1e8ad9521e95d6a8dac\"},\"headline\":\"Cotton Made in Africa : une \u00e9tude de cas sur la production durable bas\u00e9e sur une consommation responsable\",\"datePublished\":\"2023-07-24T13:32:44+00:00\",\"dateModified\":\"2024-06-15T16:18:43+00:00\",\"mainEntityOfPage\":{\"@id\":\"https:\\\/\\\/roger-peltzer.com\\\/fr\\\/cotton-made-in-africa-une-etude-de-cas-sur-la-production-durable-basee-sur-une-consommation-responsable\\\/\"},\"wordCount\":733,\"commentCount\":0,\"publisher\":{\"@id\":\"https:\\\/\\\/roger-peltzer.com\\\/fr\\\/#\\\/schema\\\/person\\\/6506ec1961bde1e8ad9521e95d6a8dac\"},\"image\":{\"@id\":\"https:\\\/\\\/roger-peltzer.com\\\/fr\\\/cotton-made-in-africa-une-etude-de-cas-sur-la-production-durable-basee-sur-une-consommation-responsable\\\/#primaryimage\"},\"thumbnailUrl\":\"https:\\\/\\\/roger-peltzer.com\\\/wp-content\\\/uploads\\\/2023\\\/07\\\/Anneke-Voss_Cote-divoire.jpg\",\"articleSection\":[\"Droits de l'homme\"],\"inLanguage\":\"fr-FR\",\"potentialAction\":[{\"@type\":\"CommentAction\",\"name\":\"Comment\",\"target\":[\"https:\\\/\\\/roger-peltzer.com\\\/fr\\\/cotton-made-in-africa-une-etude-de-cas-sur-la-production-durable-basee-sur-une-consommation-responsable\\\/#respond\"]}]},{\"@type\":\"WebPage\",\"@id\":\"https:\\\/\\\/roger-peltzer.com\\\/fr\\\/cotton-made-in-africa-une-etude-de-cas-sur-la-production-durable-basee-sur-une-consommation-responsable\\\/\",\"url\":\"https:\\\/\\\/roger-peltzer.com\\\/fr\\\/cotton-made-in-africa-une-etude-de-cas-sur-la-production-durable-basee-sur-une-consommation-responsable\\\/\",\"name\":\"Cotton Made in Africa : une \u00e9tude de cas sur la production durable bas\u00e9e sur une consommation responsable - Politique internationale\",\"isPartOf\":{\"@id\":\"https:\\\/\\\/roger-peltzer.com\\\/fr\\\/#website\"},\"primaryImageOfPage\":{\"@id\":\"https:\\\/\\\/roger-peltzer.com\\\/fr\\\/cotton-made-in-africa-une-etude-de-cas-sur-la-production-durable-basee-sur-une-consommation-responsable\\\/#primaryimage\"},\"image\":{\"@id\":\"https:\\\/\\\/roger-peltzer.com\\\/fr\\\/cotton-made-in-africa-une-etude-de-cas-sur-la-production-durable-basee-sur-une-consommation-responsable\\\/#primaryimage\"},\"thumbnailUrl\":\"https:\\\/\\\/roger-peltzer.com\\\/wp-content\\\/uploads\\\/2023\\\/07\\\/Anneke-Voss_Cote-divoire.jpg\",\"datePublished\":\"2023-07-24T13:32:44+00:00\",\"dateModified\":\"2024-06-15T16:18:43+00:00\",\"description\":\"Blog de Roger Peltzer sur le d\u00e9veloppement et la politique \u00e9trang\u00e8re, sur les th\u00e8mes des \u00c9tats fragiles, des droits de l'homme et de l'Am\u00e9rique latine.\",\"breadcrumb\":{\"@id\":\"https:\\\/\\\/roger-peltzer.com\\\/fr\\\/cotton-made-in-africa-une-etude-de-cas-sur-la-production-durable-basee-sur-une-consommation-responsable\\\/#breadcrumb\"},\"inLanguage\":\"fr-FR\",\"potentialAction\":[{\"@type\":\"ReadAction\",\"target\":[\"https:\\\/\\\/roger-peltzer.com\\\/fr\\\/cotton-made-in-africa-une-etude-de-cas-sur-la-production-durable-basee-sur-une-consommation-responsable\\\/\"]}]},{\"@type\":\"ImageObject\",\"inLanguage\":\"fr-FR\",\"@id\":\"https:\\\/\\\/roger-peltzer.com\\\/fr\\\/cotton-made-in-africa-une-etude-de-cas-sur-la-production-durable-basee-sur-une-consommation-responsable\\\/#primaryimage\",\"url\":\"https:\\\/\\\/roger-peltzer.com\\\/wp-content\\\/uploads\\\/2023\\\/07\\\/Anneke-Voss_Cote-divoire.jpg\",\"contentUrl\":\"https:\\\/\\\/roger-peltzer.com\\\/wp-content\\\/uploads\\\/2023\\\/07\\\/Anneke-Voss_Cote-divoire.jpg\",\"width\":851,\"height\":1113,\"caption\":\"Anneke Voss_Cote d'ivoire\"},{\"@type\":\"BreadcrumbList\",\"@id\":\"https:\\\/\\\/roger-peltzer.com\\\/fr\\\/cotton-made-in-africa-une-etude-de-cas-sur-la-production-durable-basee-sur-une-consommation-responsable\\\/#breadcrumb\",\"itemListElement\":[{\"@type\":\"ListItem\",\"position\":1,\"name\":\"Accueil\",\"item\":\"https:\\\/\\\/roger-peltzer.com\\\/fr\\\/\"},{\"@type\":\"ListItem\",\"position\":2,\"name\":\"Cotton Made in Africa : une \u00e9tude de cas sur la production durable bas\u00e9e sur une consommation responsable\"}]},{\"@type\":\"WebSite\",\"@id\":\"https:\\\/\\\/roger-peltzer.com\\\/fr\\\/#website\",\"url\":\"https:\\\/\\\/roger-peltzer.com\\\/fr\\\/\",\"name\":\"Politique internationale\",\"description\":\"Roger Peltzer\",\"publisher\":{\"@id\":\"https:\\\/\\\/roger-peltzer.com\\\/fr\\\/#\\\/schema\\\/person\\\/6506ec1961bde1e8ad9521e95d6a8dac\"},\"potentialAction\":[{\"@type\":\"SearchAction\",\"target\":{\"@type\":\"EntryPoint\",\"urlTemplate\":\"https:\\\/\\\/roger-peltzer.com\\\/fr\\\/?s={search_term_string}\"},\"query-input\":{\"@type\":\"PropertyValueSpecification\",\"valueRequired\":true,\"valueName\":\"search_term_string\"}}],\"inLanguage\":\"fr-FR\"},{\"@type\":[\"Person\",\"Organization\"],\"@id\":\"https:\\\/\\\/roger-peltzer.com\\\/fr\\\/#\\\/schema\\\/person\\\/6506ec1961bde1e8ad9521e95d6a8dac\",\"name\":\"Roger Peltzer\",\"image\":{\"@type\":\"ImageObject\",\"inLanguage\":\"fr-FR\",\"@id\":\"https:\\\/\\\/roger-peltzer.com\\\/wp-content\\\/uploads\\\/2023\\\/09\\\/roger-peltzer-weltjugendtag-square.jpgd5bfa09cc9b6ba3f4dfe4bfbbc24c702\",\"url\":\"https:\\\/\\\/roger-peltzer.com\\\/wp-content\\\/uploads\\\/2023\\\/09\\\/roger-peltzer-weltjugendtag-square.jpg\",\"contentUrl\":\"https:\\\/\\\/roger-peltzer.com\\\/wp-content\\\/uploads\\\/2023\\\/09\\\/roger-peltzer-weltjugendtag-square.jpg\",\"caption\":\"Roger Peltzer\"},\"logo\":{\"@id\":\"https:\\\/\\\/roger-peltzer.com\\\/wp-content\\\/uploads\\\/2023\\\/09\\\/roger-peltzer-weltjugendtag-square.jpgd5bfa09cc9b6ba3f4dfe4bfbbc24c702\"},\"description\":\"[wpml-string context=\\\"pb-bioinfo\\\" name=\\\"info-1\\\"]70 Jahre alt, verheiratet, 3 Kinder und 4 Enkelkinder. Ich habe an der Universit\u00e4t M\u00fcnster Volkswirtschaft studiert und anschlie\u00dfend den postgraduierten Kurs am deutschen Institut f\u00fcr Entwicklungspolitik (heute IDOS) absolviert.[\\\/wpml-string]\",\"sameAs\":[\"https:\\\/\\\/roger-peltzer.com\\\/ueber-mich\\\/\"],\"url\":\"https:\\\/\\\/roger-peltzer.com\\\/fr\\\/author\\\/roger\\\/\"}]}<\/script>\n<!-- \/ Yoast SEO plugin. -->","yoast_head_json":{"title":"Cotton Made in Africa : une \u00e9tude de cas sur la production durable bas\u00e9e sur une consommation responsable - Politique internationale","description":"Blog de Roger Peltzer sur le d\u00e9veloppement et la politique \u00e9trang\u00e8re, sur les th\u00e8mes des \u00c9tats fragiles, des droits de l'homme et de l'Am\u00e9rique latine.","robots":{"index":"index","follow":"follow","max-snippet":"max-snippet:-1","max-image-preview":"max-image-preview:large","max-video-preview":"max-video-preview:-1"},"canonical":"https:\/\/roger-peltzer.com\/fr\/cotton-made-in-africa-une-etude-de-cas-sur-la-production-durable-basee-sur-une-consommation-responsable\/","og_locale":"fr_FR","og_type":"article","og_title":"Cotton Made in Africa : une \u00e9tude de cas sur la production durable bas\u00e9e sur une consommation responsable - Politique internationale","og_description":"Blog de Roger Peltzer sur le d\u00e9veloppement et la politique \u00e9trang\u00e8re, sur les th\u00e8mes des \u00c9tats fragiles, des droits de l'homme et de l'Am\u00e9rique latine.","og_url":"https:\/\/roger-peltzer.com\/fr\/cotton-made-in-africa-une-etude-de-cas-sur-la-production-durable-basee-sur-une-consommation-responsable\/","og_site_name":"Politique internationale","article_published_time":"2023-07-24T13:32:44+00:00","article_modified_time":"2024-06-15T16:18:43+00:00","og_image":[{"width":851,"height":1113,"url":"https:\/\/roger-peltzer.com\/wp-content\/uploads\/2023\/07\/Anneke-Voss_Cote-divoire.jpg","type":"image\/jpeg"}],"author":"Roger Peltzer","twitter_card":"summary_large_image","twitter_misc":{"\u00c9crit par":"Roger Peltzer","Dur\u00e9e de lecture estim\u00e9e":"4 minutes"},"schema":{"@context":"https:\/\/schema.org","@graph":[{"@type":"Article","@id":"https:\/\/roger-peltzer.com\/fr\/cotton-made-in-africa-une-etude-de-cas-sur-la-production-durable-basee-sur-une-consommation-responsable\/#article","isPartOf":{"@id":"https:\/\/roger-peltzer.com\/fr\/cotton-made-in-africa-une-etude-de-cas-sur-la-production-durable-basee-sur-une-consommation-responsable\/"},"author":{"name":"Roger Peltzer","@id":"https:\/\/roger-peltzer.com\/fr\/#\/schema\/person\/6506ec1961bde1e8ad9521e95d6a8dac"},"headline":"Cotton Made in Africa : une \u00e9tude de cas sur la production durable bas\u00e9e sur une consommation responsable","datePublished":"2023-07-24T13:32:44+00:00","dateModified":"2024-06-15T16:18:43+00:00","mainEntityOfPage":{"@id":"https:\/\/roger-peltzer.com\/fr\/cotton-made-in-africa-une-etude-de-cas-sur-la-production-durable-basee-sur-une-consommation-responsable\/"},"wordCount":733,"commentCount":0,"publisher":{"@id":"https:\/\/roger-peltzer.com\/fr\/#\/schema\/person\/6506ec1961bde1e8ad9521e95d6a8dac"},"image":{"@id":"https:\/\/roger-peltzer.com\/fr\/cotton-made-in-africa-une-etude-de-cas-sur-la-production-durable-basee-sur-une-consommation-responsable\/#primaryimage"},"thumbnailUrl":"https:\/\/roger-peltzer.com\/wp-content\/uploads\/2023\/07\/Anneke-Voss_Cote-divoire.jpg","articleSection":["Droits de l'homme"],"inLanguage":"fr-FR","potentialAction":[{"@type":"CommentAction","name":"Comment","target":["https:\/\/roger-peltzer.com\/fr\/cotton-made-in-africa-une-etude-de-cas-sur-la-production-durable-basee-sur-une-consommation-responsable\/#respond"]}]},{"@type":"WebPage","@id":"https:\/\/roger-peltzer.com\/fr\/cotton-made-in-africa-une-etude-de-cas-sur-la-production-durable-basee-sur-une-consommation-responsable\/","url":"https:\/\/roger-peltzer.com\/fr\/cotton-made-in-africa-une-etude-de-cas-sur-la-production-durable-basee-sur-une-consommation-responsable\/","name":"Cotton Made in Africa : une \u00e9tude de cas sur la production durable bas\u00e9e sur une consommation responsable - Politique internationale","isPartOf":{"@id":"https:\/\/roger-peltzer.com\/fr\/#website"},"primaryImageOfPage":{"@id":"https:\/\/roger-peltzer.com\/fr\/cotton-made-in-africa-une-etude-de-cas-sur-la-production-durable-basee-sur-une-consommation-responsable\/#primaryimage"},"image":{"@id":"https:\/\/roger-peltzer.com\/fr\/cotton-made-in-africa-une-etude-de-cas-sur-la-production-durable-basee-sur-une-consommation-responsable\/#primaryimage"},"thumbnailUrl":"https:\/\/roger-peltzer.com\/wp-content\/uploads\/2023\/07\/Anneke-Voss_Cote-divoire.jpg","datePublished":"2023-07-24T13:32:44+00:00","dateModified":"2024-06-15T16:18:43+00:00","description":"Blog de Roger Peltzer sur le d\u00e9veloppement et la politique \u00e9trang\u00e8re, sur les th\u00e8mes des \u00c9tats fragiles, des droits de l'homme et de l'Am\u00e9rique latine.","breadcrumb":{"@id":"https:\/\/roger-peltzer.com\/fr\/cotton-made-in-africa-une-etude-de-cas-sur-la-production-durable-basee-sur-une-consommation-responsable\/#breadcrumb"},"inLanguage":"fr-FR","potentialAction":[{"@type":"ReadAction","target":["https:\/\/roger-peltzer.com\/fr\/cotton-made-in-africa-une-etude-de-cas-sur-la-production-durable-basee-sur-une-consommation-responsable\/"]}]},{"@type":"ImageObject","inLanguage":"fr-FR","@id":"https:\/\/roger-peltzer.com\/fr\/cotton-made-in-africa-une-etude-de-cas-sur-la-production-durable-basee-sur-une-consommation-responsable\/#primaryimage","url":"https:\/\/roger-peltzer.com\/wp-content\/uploads\/2023\/07\/Anneke-Voss_Cote-divoire.jpg","contentUrl":"https:\/\/roger-peltzer.com\/wp-content\/uploads\/2023\/07\/Anneke-Voss_Cote-divoire.jpg","width":851,"height":1113,"caption":"Anneke Voss_Cote d'ivoire"},{"@type":"BreadcrumbList","@id":"https:\/\/roger-peltzer.com\/fr\/cotton-made-in-africa-une-etude-de-cas-sur-la-production-durable-basee-sur-une-consommation-responsable\/#breadcrumb","itemListElement":[{"@type":"ListItem","position":1,"name":"Accueil","item":"https:\/\/roger-peltzer.com\/fr\/"},{"@type":"ListItem","position":2,"name":"Cotton Made in Africa : une \u00e9tude de cas sur la production durable bas\u00e9e sur une consommation responsable"}]},{"@type":"WebSite","@id":"https:\/\/roger-peltzer.com\/fr\/#website","url":"https:\/\/roger-peltzer.com\/fr\/","name":"Politique internationale","description":"Roger Peltzer","publisher":{"@id":"https:\/\/roger-peltzer.com\/fr\/#\/schema\/person\/6506ec1961bde1e8ad9521e95d6a8dac"},"potentialAction":[{"@type":"SearchAction","target":{"@type":"EntryPoint","urlTemplate":"https:\/\/roger-peltzer.com\/fr\/?s={search_term_string}"},"query-input":{"@type":"PropertyValueSpecification","valueRequired":true,"valueName":"search_term_string"}}],"inLanguage":"fr-FR"},{"@type":["Person","Organization"],"@id":"https:\/\/roger-peltzer.com\/fr\/#\/schema\/person\/6506ec1961bde1e8ad9521e95d6a8dac","name":"Roger Peltzer","image":{"@type":"ImageObject","inLanguage":"fr-FR","@id":"https:\/\/roger-peltzer.com\/wp-content\/uploads\/2023\/09\/roger-peltzer-weltjugendtag-square.jpgd5bfa09cc9b6ba3f4dfe4bfbbc24c702","url":"https:\/\/roger-peltzer.com\/wp-content\/uploads\/2023\/09\/roger-peltzer-weltjugendtag-square.jpg","contentUrl":"https:\/\/roger-peltzer.com\/wp-content\/uploads\/2023\/09\/roger-peltzer-weltjugendtag-square.jpg","caption":"Roger Peltzer"},"logo":{"@id":"https:\/\/roger-peltzer.com\/wp-content\/uploads\/2023\/09\/roger-peltzer-weltjugendtag-square.jpgd5bfa09cc9b6ba3f4dfe4bfbbc24c702"},"description":"[wpml-string context=\"pb-bioinfo\" name=\"info-1\"]70 Jahre alt, verheiratet, 3 Kinder und 4 Enkelkinder. Ich habe an der Universit\u00e4t M\u00fcnster Volkswirtschaft studiert und anschlie\u00dfend den postgraduierten Kurs am deutschen Institut f\u00fcr Entwicklungspolitik (heute IDOS) absolviert.[\/wpml-string]","sameAs":["https:\/\/roger-peltzer.com\/ueber-mich\/"],"url":"https:\/\/roger-peltzer.com\/fr\/author\/roger\/"}]}},"authors":[{"term_id":26,"user_id":2,"is_guest":0,"slug":"roger","display_name":"Roger Peltzer","avatar_url":{"url":"https:\/\/roger-peltzer.com\/wp-content\/uploads\/2023\/09\/roger-peltzer-weltjugendtag-square.jpg","url2x":"https:\/\/roger-peltzer.com\/wp-content\/uploads\/2023\/09\/roger-peltzer-weltjugendtag-square.jpg"},"0":null,"1":"","2":"","3":"","4":"","5":"","6":"","7":"","8":""}],"_links":{"self":[{"href":"https:\/\/roger-peltzer.com\/fr\/wp-json\/wp\/v2\/posts\/720","targetHints":{"allow":["GET"]}}],"collection":[{"href":"https:\/\/roger-peltzer.com\/fr\/wp-json\/wp\/v2\/posts"}],"about":[{"href":"https:\/\/roger-peltzer.com\/fr\/wp-json\/wp\/v2\/types\/post"}],"author":[{"embeddable":true,"href":"https:\/\/roger-peltzer.com\/fr\/wp-json\/wp\/v2\/users\/2"}],"replies":[{"embeddable":true,"href":"https:\/\/roger-peltzer.com\/fr\/wp-json\/wp\/v2\/comments?post=720"}],"version-history":[{"count":2,"href":"https:\/\/roger-peltzer.com\/fr\/wp-json\/wp\/v2\/posts\/720\/revisions"}],"predecessor-version":[{"id":722,"href":"https:\/\/roger-peltzer.com\/fr\/wp-json\/wp\/v2\/posts\/720\/revisions\/722"}],"wp:featuredmedia":[{"embeddable":true,"href":"https:\/\/roger-peltzer.com\/fr\/wp-json\/wp\/v2\/media\/486"}],"wp:attachment":[{"href":"https:\/\/roger-peltzer.com\/fr\/wp-json\/wp\/v2\/media?parent=720"}],"wp:term":[{"taxonomy":"category","embeddable":true,"href":"https:\/\/roger-peltzer.com\/fr\/wp-json\/wp\/v2\/categories?post=720"},{"taxonomy":"post_tag","embeddable":true,"href":"https:\/\/roger-peltzer.com\/fr\/wp-json\/wp\/v2\/tags?post=720"},{"taxonomy":"author","embeddable":true,"href":"https:\/\/roger-peltzer.com\/fr\/wp-json\/wp\/v2\/ppma_author?post=720"}],"curies":[{"name":"wp","href":"https:\/\/api.w.org\/{rel}","templated":true}]}}