{"id":657,"date":"2023-08-22T11:43:45","date_gmt":"2023-08-22T11:43:45","guid":{"rendered":"https:\/\/roger-peltzer.com\/afghanistan-financement-des-petites-et-moyennes-entreprises-dans-un-contexte-difficile\/"},"modified":"2024-06-15T16:03:54","modified_gmt":"2024-06-15T16:03:54","slug":"afghanistan-financement-des-petites-et-moyennes-entreprises-dans-un-contexte-difficile","status":"publish","type":"post","link":"https:\/\/roger-peltzer.com\/fr\/afghanistan-financement-des-petites-et-moyennes-entreprises-dans-un-contexte-difficile\/","title":{"rendered":"Afghanistan - Financement des petites et moyennes entreprises dans un contexte difficile"},"content":{"rendered":"\n<p><strong>Peut-on et doit-on encore intervenir en Afghanistan en dehors de l&rsquo;aide humanitaire directe ? Ou est-ce que toute activit\u00e9 \u00e9conomique ne soutient pas directement ou indirectement les talibans ?<\/strong> <strong>Un entretien avec Bernd Leidner, pr\u00e9sident du conseil d&rsquo;administration de la Fondation afghane de garantie des cr\u00e9dits (ACGF).<\/strong><\/p>\n\n<p><\/p>\n\n<p>Le Fonds de garantie de cr\u00e9dit pour l&rsquo;Afghanistan (ACGF) est \u00e0 l&rsquo;origine un projet de la coop\u00e9ration allemande au d\u00e9veloppement. Avant la prise de pouvoir par les talibans, ACGF \u00e9tait l&rsquo;un des projets de coop\u00e9ration internationale au d\u00e9veloppement les plus r\u00e9ussis en Afghanistan. Ce fonds garantissait 50% des pr\u00eats accord\u00e9s aux petites et moyennes entreprises en Afghanistan. Aujourd&rsquo;hui, apr\u00e8s la prise de pouvoir par les talibans, ACGF reprend ses activit\u00e9s de garantie. Bernd Leidner, l&rsquo;un des deux directeurs de l&rsquo;ACGF, donne son avis.<\/p>\n\n<p>L&rsquo;interview a \u00e9t\u00e9 r\u00e9alis\u00e9e par Roger Peltzer, qui est membre du conseil d&rsquo;administration de la fondation ACGF et qui a jou\u00e9 un r\u00f4le important dans la transformation du programme de garantie g\u00e9r\u00e9 par la DEG &#8211; Deutsche Investitions- und Entwicklungsgesellschaft en une fondation en 2014.<\/p>\n\n<p><strong>Question :<\/strong> Monsieur Leidner, vous travaillez depuis plus de 30 ans dans le \u00ab\u00a0business\u00a0\u00bb de la mise en place de fonds de garantie de cr\u00e9dit &#8211; d&rsquo;abord en Palestine, puis en Afghanistan \u00e0 partir de 2004. Comment fonctionne un fonds de garantie de pr\u00eat ?<\/p>\n\n<p><strong>R\u00e9ponse : <\/strong>La condition la plus importante est d&rsquo;abord que le fonds de garantie des pr\u00eats dispose de fonds propres suffisants, fournis par un gouvernement ou, souvent, par des institutions donatrices. Sur cette base, le fonds est alors en mesure de garantir les pr\u00eats accord\u00e9s par les banques aux petites et moyennes entreprises, g\u00e9n\u00e9ralement \u00e0 hauteur de 50 \u00e0 80%. Id\u00e9alement, les garanties \u00e0 100% ne sont pas accord\u00e9es afin que les banques conservent un certain risque propre et assurent ainsi une s\u00e9lection rigoureuse de leurs emprunteurs. Sans ces garanties, les banques n&rsquo;accorderaient pas de tels pr\u00eats aux PME en raison du risque qu&rsquo;ils impliquent, qu&rsquo;il soit simplement per\u00e7u subjectivement ou r\u00e9ellement pr\u00e9sent objectivement. En Afghanistan, comme dans d&rsquo;autres pays en d\u00e9veloppement, nous avons \u00e9galement le cas o\u00f9 la banque centrale reconna\u00eet ces garanties comme des s\u00fbret\u00e9s et accorde aux banques des avantages suppl\u00e9mentaires pour le calcul des ratios de fonds propres et des provisions. Sans le fonds de garantie des cr\u00e9dits, les banques pourraient sinon accorder beaucoup moins de cr\u00e9dits au total et le co\u00fbt du risque de ces cr\u00e9dits serait plus \u00e9lev\u00e9.<\/p>\n\n<p>Il est \u00e9galement important de noter que dans de nombreux pays, l&#8217;emprunteur final, c&rsquo;est-\u00e0-dire le client qui re\u00e7oit le pr\u00eat de la banque, ne sait pas que ce pr\u00eat est garanti. Cela ne devrait pas nuire aux habitudes de paiement des clients. Les banques partenaires b\u00e9n\u00e9ficient en outre d&rsquo;une assistance technique (AT) substantielle de la part de l&rsquo;ACGF, qui leur permet de d\u00e9velopper des produits de cr\u00e9dit adapt\u00e9s \u00e0 leurs besoins et de professionnaliser leurs processus de cr\u00e9dit, ce qui leur permet \u00e9galement de minimiser les risques de d\u00e9faillance.<\/p>\n\n<p><strong>Question :<\/strong> Un fonds de garantie de pr\u00eats ne peut-il alors accorder des garanties qu&rsquo;\u00e0 hauteur de 1:1 de ses fonds propres ?<\/p>\n\n<p><strong>R\u00e9ponse : <\/strong>Non, \u00e9tant donn\u00e9 que, comme nous le verrons, les probabilit\u00e9s de d\u00e9faut sont faibles en temps normal, les fonds de garantie peuvent utiliser un effet de levier sur leur capital et couvrir beaucoup plus de volume de garantie que les fonds propres disponibles ; dans le cas de l&rsquo;ACGF, cet effet de levier est g\u00e9n\u00e9ralement cinq fois plus important. Ce facteur est l&rsquo;un des principaux avantages en termes d&rsquo;efficacit\u00e9 des fonds de garantie de pr\u00eat.<\/p>\n\n<p><strong>Question :<\/strong> Comment est n\u00e9 le fonds de garantie de cr\u00e9dit pour l&rsquo;Afghanistan et la structure actuelle de la fondation ?<\/p>\n\n<p><strong>R\u00e9ponse : <\/strong>Apr\u00e8s avoir acquis de l&rsquo;exp\u00e9rience en mati\u00e8re de garantie de pr\u00eats dans les territoires palestiniens, la DEG m&rsquo;a contact\u00e9 en 2004 pour me demander de concevoir un programme de garantie de pr\u00eats pour l&rsquo;Afghanistan. Celui-ci a ensuite \u00e9t\u00e9 lanc\u00e9 en 2005 avec un financement initial de 1 million d&rsquo;euros du BMZ (le BMZ a ensuite fourni des fonds suppl\u00e9mentaires substantiels) et 5 millions de dollars de l&rsquo;USAID. Au d\u00e9part, la DEG \u00e9tait le d\u00e9positaire de cette ligne et devait encore approuver individuellement \u00e0 Cologne les garanties mises en place par notre \u00e9quipe \u00e0 Kaboul. De 2005 \u00e0 2014, nous avons ainsi mis en place 99 millions de dollars de garanties, soit un total de 133 millions de dollars de pr\u00eats aux PME, avec de tr\u00e8s bons taux de remboursement : le taux de d\u00e9faut des pr\u00eats sous-jacents \u00e9tait inf\u00e9rieur \u00e0 2%.<\/p>\n\n<p>Ce programme ne faisait pas partie des activit\u00e9s principales de la DEG et, en m\u00eame temps, le volume d&rsquo;affaires s&rsquo;\u00e9tendait de plus en plus ; il fallait trouver une solution institutionnelle. Avec le soutien du BMZ et de la DEG &#8211; et apr\u00e8s un scepticisme initial de la part de la Cour des comptes f\u00e9d\u00e9rale et du minist\u00e8re f\u00e9d\u00e9ral des Finances &#8211; nous avons ensuite mis en place la Fondation afghane de garantie de cr\u00e9dit. Il s&rsquo;agit d&rsquo;une fondation de droit allemand \u00e0 but non lucratif dont le si\u00e8ge est \u00e0 Cologne. Elle dispose d&rsquo;une filiale de droit priv\u00e9 \u00e0 Kaboul qui d\u00e9veloppe les activit\u00e9s sur place en collaboration avec le si\u00e8ge en Allemagne.<\/p>\n\n<p><strong>Question : <\/strong>Que s&rsquo;est-il pass\u00e9 ensuite apr\u00e8s la cr\u00e9ation de la fondation ?<\/p>\n\n<p><strong>R\u00e9ponse :<\/strong> Nous avons d&rsquo;abord obtenu une subvention de 5,6 millions de dollars de la Banque mondiale. A cela s&rsquo;est ajout\u00e9e une ligne d&rsquo;assistance technique de 2,5 millions de dollars. En 2020, la Banque mondiale nous a promis une enveloppe pouvant atteindre 60 millions de dollars, dont 16 millions ont \u00e9t\u00e9 vers\u00e9s jusqu&rsquo;\u00e0 la prise de pouvoir des talibans. Parall\u00e8lement, la KfW a approuv\u00e9 une dotation d&rsquo;un montant maximal de 14,5 millions d&rsquo;euros. Nous avons ainsi pu d\u00e9velopper consid\u00e9rablement notre activit\u00e9 et avions 60 employ\u00e9s sur place avant la prise de pouvoir des talibans. Les op\u00e9rations de cr\u00e9dit ont \u00e9t\u00e9 \u00e9tendues \u00e0 260 millions de dollars en cumul\u00e9. ACGF avait alors dans ses livres pr\u00e8s de la moiti\u00e9 de l&rsquo;encours des pr\u00eats aux PME en Afghanistan. La taille des pr\u00eats variait de quelques milliers de dollars \u00e0 0,5 million de dollars. Notre syst\u00e8me de suivi et d&rsquo;\u00e9valuation a montr\u00e9 que nos activit\u00e9s avaient permis de pr\u00e9server environ 50.000 emplois et d&rsquo;en cr\u00e9er 9.000 nouveaux. Sans vouloir para\u00eetre pr\u00e9tentieux, nous avons certainement \u00e9t\u00e9 l&rsquo;un des projets les plus r\u00e9ussis de la coop\u00e9ration allemande et internationale au d\u00e9veloppement en Afghanistan.<\/p>\n\n<p><strong>Question : <\/strong>Et puis il y a eu la prise de pouvoir par les talibans. Quel a \u00e9t\u00e9 l&rsquo;impact sur l&rsquo;ACGF ?<\/p>\n\n<p><strong>R\u00e9ponse :<\/strong> Tout d&rsquo;abord, nous avons \u00e9vacu\u00e9 en peu de temps, avec le soutien du BMZ et d&rsquo;autres organisations, tous nos employ\u00e9s (appel\u00e9s employ\u00e9s locaux) ainsi que leurs familles (250 personnes au total) vers l&rsquo;Allemagne. Notre bureau a \u00e9t\u00e9 pris d&rsquo;assaut par les talibans, mais une fois la premi\u00e8re temp\u00eate pass\u00e9e, nous avons rapidement ouvert un nouveau bureau \u00e0 Kaboul. Aussi contre-intuitif que cela puisse para\u00eetre, la situation en mati\u00e8re de s\u00e9curit\u00e9 s&rsquo;est tout \u00e0 fait am\u00e9lior\u00e9e sous les talibans, de sorte que nous pouvons \u00e0 nouveau nous rendre en Afghanistan sans probl\u00e8me, et nous le faisons d&rsquo;ailleurs r\u00e9guli\u00e8rement. Nos banques partenaires et les institutions de microfinance partenaires ont bien s\u00fbr subi des pertes consid\u00e9rables dans leurs portefeuilles de pr\u00eats en raison du changement de r\u00e9gime &#8211; m\u00eame si, au final, ces pertes ont \u00e9t\u00e9 moins importantes que nous ne l&rsquo;avions craint au d\u00e9part. Nous avons ensuite convenu avec ces banques, au terme d&rsquo;un long processus de n\u00e9gociation et d&rsquo;examen, de les indemniser pour les pertes garanties. Cela n&rsquo;a pas profit\u00e9 au capital de notre fondation, mais \u00e9tait absolument n\u00e9cessaire pour maintenir la cr\u00e9dibilit\u00e9 de l&rsquo;ACGF et le partenariat avec les institutions financi\u00e8res.<\/p>\n\n<p><strong>Question :<\/strong> Et maintenant, que se passe-t-il ?<\/p>\n\n<p><strong>R\u00e9ponse :<\/strong> En collaboration avec nos partenaires, nous avons relanc\u00e9 notre activit\u00e9 de garantie et conclu de nouveaux contrats-cadres de garantie. L&rsquo;ensemble des op\u00e9rations de cr\u00e9dit en Afghanistan est d\u00e9sormais constitu\u00e9 de financements islamiques, qui ne comportent pas d&rsquo;int\u00e9r\u00eats mais des frais, des marges b\u00e9n\u00e9ficiaires, etc. Certains donateurs souhaitent vivement que nous reprenions notre activit\u00e9, notamment en soutenant les entrepreneurs et en contribuant aux services publics et \u00e0 la fourniture de biens de consommation courante par le financement du secteur priv\u00e9. Par exemple, l&rsquo;UE nous a maintenant accord\u00e9 un financement de 11,9 millions d&rsquo;euros pour des subventions aux entrepreneurs, des services d&rsquo;assistance technique et des frais de fonctionnement. En outre, nous discutons avec la Banque mondiale et le PNUD d&rsquo;un apport suppl\u00e9mentaire de capital de garantie.<\/p>\n\n<p><strong>Question :<\/strong> Est-il possible d&rsquo;exercer une telle activit\u00e9 dans les circonstances actuelles ? Et comment garantir une participation ad\u00e9quate des femmes aux travaux de l&rsquo;ACGF et aux op\u00e9rations de cr\u00e9dit ?<\/p>\n\n<p><strong>R\u00e9ponse :<\/strong> La situation en Afghanistan est plus nuanc\u00e9e qu&rsquo;elle ne l&rsquo;est ici pour le grand public. Ainsi, il est toujours possible et m\u00eame courant que les femmes travaillent dans le secteur priv\u00e9 et financier. Nous avons maintenant recrut\u00e9 quatre personnes pour notre \u00e9quipe encore petite au sein de notre filiale de conseil \u00e0 Kaboul.<\/p>\n\n<p>Dans le domaine de la microfinance, que nous couvrons principalement avec notre partenaire OXUS Afghanistan, la proportion de femmes parmi les emprunteurs reste d&rsquo;environ 50%. En raison de leur culture, les femmes afghanes ont particuli\u00e8rement du mal \u00e0 fournir les garanties habituellement exig\u00e9es pour l&rsquo;obtention d&rsquo;un pr\u00eat. Les garanties de l&rsquo;ACGF contribuent donc particuli\u00e8rement \u00e0 la participation des femmes \u00e0 la vie \u00e9conomique. C&rsquo;est un point tr\u00e8s important pour l&rsquo;ACGF et nos donateurs.<\/p>\n\n<p><strong>Question :<\/strong> O\u00f9 placez-vous vos principaux accents en mati\u00e8re de coop\u00e9ration au d\u00e9veloppement pour l&rsquo;Afghanistan et comment abordez-vous le nouveau gouvernement ?<\/p>\n\n<p><strong>R\u00e9ponse :<\/strong> La population afghane a besoin d&rsquo;un secteur priv\u00e9 puissant, qui est traditionnellement constitu\u00e9 principalement de PME. Malgr\u00e9 toutes les difficult\u00e9s, les PME sont capables de r\u00e9agir \u00e0 l&rsquo;environnement et de saisir leurs opportunit\u00e9s avec flexibilit\u00e9 et initiative. En p\u00e9riode de marge de man\u0153uvre fiscale limit\u00e9e, c&rsquo;est surtout le secteur priv\u00e9, essentiellement les PME, qui doit cr\u00e9er des revenus et des emplois. Le contexte actuel ne s&rsquo;est pas seulement d\u00e9t\u00e9rior\u00e9. La fourniture de services financiers, notamment de cr\u00e9dits, est essentielle au bon fonctionnement du secteur des PME. Donner acc\u00e8s au financement pour les PME et \u00e9tablir et consolider les structures du secteur financier, tel est le mandat de l&rsquo;ACGF, auquel nous continuerons \u00e0 nous consacrer.<\/p>\n\n<p>En principe, ACGF ne travaille qu&rsquo;avec des banques et des institutions de microfinance priv\u00e9es. La banque centrale constitue une exception dans une certaine mesure.<\/p>\n\n<p><strong>Question :<\/strong> L&rsquo;ACGF est une structure tr\u00e8s allemande. Qu&rsquo;en est-il de l&rsquo;appropriation afghane ?<\/p>\n\n<p><strong>R\u00e9ponse :<\/strong> Avant la chute des talibans, nous avions dans notre conseil d&rsquo;administration de trois membres un employ\u00e9 du gouvernement afghan, d\u00e9tach\u00e9 du minist\u00e8re des Finances. Mais ce dernier a \u00e9galement \u00e9migr\u00e9 \u00e0 l&rsquo;\u00e9tranger.<\/p>\n\n<p>A tr\u00e8s long terme, dans un contexte nettement diff\u00e9rent de celui d&rsquo;aujourd&rsquo;hui, il pourrait \u00eatre tout \u00e0 fait judicieux de renforcer les structures en Afghanistan sur le long terme. Mais tout d&rsquo;abord, le si\u00e8ge en Allemagne s&rsquo;est av\u00e9r\u00e9 extraordinairement efficace. Je ne sais pas o\u00f9 nous en serions aujourd&rsquo;hui si nous avions eu le capital de la fondation et la direction lors du renversement de Kaboul.<\/p>\n\n<p><strong>Question :<\/strong> La fondation ACGF est une fondation de consommation, ce qui signifie que vous pouvez consommer votre capital et que vous le faites. Elles d\u00e9pendent donc de l&rsquo;apport occasionnel de capitaux suppl\u00e9mentaires. Est-ce un concept commercial durable ?<\/p>\n\n<p><strong>R\u00e9ponse :<\/strong> Pour que notre mod\u00e8le commercial fonctionne, nous devons consacrer un effort tr\u00e8s important \u00e0 l&rsquo;\u00e9valuation des cr\u00e9dits et \u00e0 l&rsquo;assistance technique pour nos partenaires. Le secteur financier afghan n&rsquo;est pas encore tr\u00e8s mature et efficace. Nous d\u00e9ployons en outre des efforts consid\u00e9rables dans le contexte de nos bailleurs de fonds internationaux et pour assurer une tr\u00e8s bonne gouvernance et conformit\u00e9. De plus, en raison des bouleversements et de leur situation \u00e9conomique, nos banques partenaires sont loin d&rsquo;\u00eatre en mesure d&rsquo;offrir des commissions de garantie couvrant les co\u00fbts et, en tant que fondation \u00e0 but non lucratif, nous ne sommes pas tenus de percevoir des commissions de garantie conformes au march\u00e9. En ce sens, nos co\u00fbts d&rsquo;exploitation et de risque d\u00e9passent largement les commissions per\u00e7ues sur les op\u00e9rations de garantie. Nous travaillons toutefois en permanence \u00e0 r\u00e9duire cet \u00e9cart. A cela s&rsquo;ajoute le fait que, pendant de nombreuses ann\u00e9es, nous n&rsquo;avons pratiquement pas pu g\u00e9n\u00e9rer de revenus d&rsquo;int\u00e9r\u00eats \u00e0 partir de l&rsquo;investissement de notre capital de garantie en raison des faibles taux d&rsquo;int\u00e9r\u00eat.<\/p>\n\n<p><strong>Derni\u00e8re question :<\/strong> l&rsquo;ACGF fait partie des projets les plus r\u00e9ussis de la coop\u00e9ration allemande et internationale avec l&rsquo;Afghanistan. Quelles le\u00e7ons la coop\u00e9ration au d\u00e9veloppement peut-elle tirer de l&rsquo;exp\u00e9rience de l&rsquo;ACGF ? R\u00e9ponse : ACGF peut \u00eatre consid\u00e9r\u00e9 comme faisant partie du secteur financier afghan. Nous avons mis en place une structure dont la fonction est de mobiliser des capitaux locaux tout en att\u00e9nuant les risques de cr\u00e9dit. M\u00eame si le secteur financier afghan n&rsquo;est pas bien d\u00e9velopp\u00e9 et ne permet pas de couvrir les co\u00fbts des garanties de pr\u00eat, nous utilisons les principes du secteur priv\u00e9 pour fournir des services financiers orient\u00e9s vers la demande. En Afghanistan, il n&rsquo;y a pas seulement un besoin de garanties, mais aussi une demande. ACGF accorde une tr\u00e8s grande importance au partenariat de confiance avec les \u00e9tablissements de cr\u00e9dit locaux et s&rsquo;inspire des meilleures pratiques internationales dans la mise en \u0153uvre de ses activit\u00e9s.<\/p>\n\n<p><em>Photo : Propri\u00e9taire d&rsquo;un garage \u00e0 Kaboul ; photo : Daniel Jobmann<\/em><\/p>\n","protected":false},"excerpt":{"rendered":"<p>Peut-on et doit-on encore intervenir en Afghanistan en dehors de l&rsquo;aide humanitaire directe ? Ou est-ce que toute activit\u00e9 \u00e9conomique ne soutient pas directement ou indirectement les talibans ? Un entretien avec Bernd Leidner, pr\u00e9sident du conseil d&rsquo;administration de la<\/p>\n","protected":false},"author":2,"featured_media":512,"comment_status":"open","ping_status":"open","sticky":false,"template":"","format":"standard","meta":{"footnotes":""},"categories":[66],"tags":[],"ppma_author":[29],"class_list":["post-657","post","type-post","status-publish","format-standard","has-post-thumbnail","hentry","category-etats-fragiles"],"yoast_head":"<!-- This site is optimized with the Yoast SEO plugin v27.5 - https:\/\/yoast.com\/product\/yoast-seo-wordpress\/ -->\n<title>Afghanistan - Financement des petites et moyennes entreprises dans un contexte difficile - Politique internationale<\/title>\n<meta name=\"description\" content=\"Blog de Roger Peltzer sur le d\u00e9veloppement et la politique \u00e9trang\u00e8re, sur les th\u00e8mes des \u00c9tats fragiles, des droits de l&#039;homme et de l&#039;Am\u00e9rique latine.\" \/>\n<meta name=\"robots\" content=\"index, follow, max-snippet:-1, max-image-preview:large, max-video-preview:-1\" \/>\n<link rel=\"canonical\" href=\"https:\/\/roger-peltzer.com\/fr\/afghanistan-financement-des-petites-et-moyennes-entreprises-dans-un-contexte-difficile\/\" \/>\n<meta property=\"og:locale\" content=\"fr_FR\" \/>\n<meta property=\"og:type\" content=\"article\" \/>\n<meta property=\"og:title\" content=\"Afghanistan - Financement des petites et moyennes entreprises dans un contexte difficile - Politique internationale\" \/>\n<meta property=\"og:description\" content=\"Blog de Roger Peltzer sur le d\u00e9veloppement et la politique \u00e9trang\u00e8re, sur les th\u00e8mes des \u00c9tats fragiles, des droits de l&#039;homme et de l&#039;Am\u00e9rique latine.\" \/>\n<meta property=\"og:url\" content=\"https:\/\/roger-peltzer.com\/fr\/afghanistan-financement-des-petites-et-moyennes-entreprises-dans-un-contexte-difficile\/\" \/>\n<meta property=\"og:site_name\" content=\"Politique internationale\" \/>\n<meta property=\"article:published_time\" content=\"2023-08-22T11:43:45+00:00\" \/>\n<meta property=\"article:modified_time\" content=\"2024-06-15T16:03:54+00:00\" \/>\n<meta property=\"og:image\" content=\"https:\/\/roger-peltzer.com\/wp-content\/uploads\/2023\/08\/werkstattbesitzer-in-kabul-scaled.jpg\" \/>\n\t<meta property=\"og:image:width\" content=\"2560\" \/>\n\t<meta property=\"og:image:height\" content=\"1707\" \/>\n\t<meta property=\"og:image:type\" content=\"image\/jpeg\" \/>\n<meta name=\"author\" content=\"Bernd Leidner\" \/>\n<meta name=\"twitter:card\" content=\"summary_large_image\" \/>\n<meta name=\"twitter:label1\" content=\"\u00c9crit par\" \/>\n\t<meta name=\"twitter:data1\" content=\"Roger Peltzer\" \/>\n\t<meta name=\"twitter:label2\" content=\"Dur\u00e9e de lecture estim\u00e9e\" \/>\n\t<meta name=\"twitter:data2\" content=\"12 minutes\" \/>\n<script type=\"application\/ld+json\" class=\"yoast-schema-graph\">{\"@context\":\"https:\\\/\\\/schema.org\",\"@graph\":[{\"@type\":\"Article\",\"@id\":\"https:\\\/\\\/roger-peltzer.com\\\/fr\\\/afghanistan-financement-des-petites-et-moyennes-entreprises-dans-un-contexte-difficile\\\/#article\",\"isPartOf\":{\"@id\":\"https:\\\/\\\/roger-peltzer.com\\\/fr\\\/afghanistan-financement-des-petites-et-moyennes-entreprises-dans-un-contexte-difficile\\\/\"},\"author\":{\"name\":\"Roger Peltzer\",\"@id\":\"https:\\\/\\\/roger-peltzer.com\\\/fr\\\/#\\\/schema\\\/person\\\/6506ec1961bde1e8ad9521e95d6a8dac\"},\"headline\":\"Afghanistan - Financement des petites et moyennes entreprises dans un contexte difficile\",\"datePublished\":\"2023-08-22T11:43:45+00:00\",\"dateModified\":\"2024-06-15T16:03:54+00:00\",\"mainEntityOfPage\":{\"@id\":\"https:\\\/\\\/roger-peltzer.com\\\/fr\\\/afghanistan-financement-des-petites-et-moyennes-entreprises-dans-un-contexte-difficile\\\/\"},\"wordCount\":2364,\"commentCount\":0,\"publisher\":{\"@id\":\"https:\\\/\\\/roger-peltzer.com\\\/fr\\\/#\\\/schema\\\/person\\\/6506ec1961bde1e8ad9521e95d6a8dac\"},\"image\":{\"@id\":\"https:\\\/\\\/roger-peltzer.com\\\/fr\\\/afghanistan-financement-des-petites-et-moyennes-entreprises-dans-un-contexte-difficile\\\/#primaryimage\"},\"thumbnailUrl\":\"https:\\\/\\\/roger-peltzer.com\\\/wp-content\\\/uploads\\\/2023\\\/08\\\/werkstattbesitzer-in-kabul-scaled.jpg\",\"articleSection\":[\"\u00c9tats fragiles\"],\"inLanguage\":\"fr-FR\",\"potentialAction\":[{\"@type\":\"CommentAction\",\"name\":\"Comment\",\"target\":[\"https:\\\/\\\/roger-peltzer.com\\\/fr\\\/afghanistan-financement-des-petites-et-moyennes-entreprises-dans-un-contexte-difficile\\\/#respond\"]}]},{\"@type\":\"WebPage\",\"@id\":\"https:\\\/\\\/roger-peltzer.com\\\/fr\\\/afghanistan-financement-des-petites-et-moyennes-entreprises-dans-un-contexte-difficile\\\/\",\"url\":\"https:\\\/\\\/roger-peltzer.com\\\/fr\\\/afghanistan-financement-des-petites-et-moyennes-entreprises-dans-un-contexte-difficile\\\/\",\"name\":\"Afghanistan - Financement des petites et moyennes entreprises dans un contexte difficile - Politique internationale\",\"isPartOf\":{\"@id\":\"https:\\\/\\\/roger-peltzer.com\\\/fr\\\/#website\"},\"primaryImageOfPage\":{\"@id\":\"https:\\\/\\\/roger-peltzer.com\\\/fr\\\/afghanistan-financement-des-petites-et-moyennes-entreprises-dans-un-contexte-difficile\\\/#primaryimage\"},\"image\":{\"@id\":\"https:\\\/\\\/roger-peltzer.com\\\/fr\\\/afghanistan-financement-des-petites-et-moyennes-entreprises-dans-un-contexte-difficile\\\/#primaryimage\"},\"thumbnailUrl\":\"https:\\\/\\\/roger-peltzer.com\\\/wp-content\\\/uploads\\\/2023\\\/08\\\/werkstattbesitzer-in-kabul-scaled.jpg\",\"datePublished\":\"2023-08-22T11:43:45+00:00\",\"dateModified\":\"2024-06-15T16:03:54+00:00\",\"description\":\"Blog de Roger Peltzer sur le d\u00e9veloppement et la politique \u00e9trang\u00e8re, sur les th\u00e8mes des \u00c9tats fragiles, des droits de l'homme et de l'Am\u00e9rique latine.\",\"breadcrumb\":{\"@id\":\"https:\\\/\\\/roger-peltzer.com\\\/fr\\\/afghanistan-financement-des-petites-et-moyennes-entreprises-dans-un-contexte-difficile\\\/#breadcrumb\"},\"inLanguage\":\"fr-FR\",\"potentialAction\":[{\"@type\":\"ReadAction\",\"target\":[\"https:\\\/\\\/roger-peltzer.com\\\/fr\\\/afghanistan-financement-des-petites-et-moyennes-entreprises-dans-un-contexte-difficile\\\/\"]}]},{\"@type\":\"ImageObject\",\"inLanguage\":\"fr-FR\",\"@id\":\"https:\\\/\\\/roger-peltzer.com\\\/fr\\\/afghanistan-financement-des-petites-et-moyennes-entreprises-dans-un-contexte-difficile\\\/#primaryimage\",\"url\":\"https:\\\/\\\/roger-peltzer.com\\\/wp-content\\\/uploads\\\/2023\\\/08\\\/werkstattbesitzer-in-kabul-scaled.jpg\",\"contentUrl\":\"https:\\\/\\\/roger-peltzer.com\\\/wp-content\\\/uploads\\\/2023\\\/08\\\/werkstattbesitzer-in-kabul-scaled.jpg\",\"width\":2560,\"height\":1707,\"caption\":\"werkstattbesitzer-in-kabul\"},{\"@type\":\"BreadcrumbList\",\"@id\":\"https:\\\/\\\/roger-peltzer.com\\\/fr\\\/afghanistan-financement-des-petites-et-moyennes-entreprises-dans-un-contexte-difficile\\\/#breadcrumb\",\"itemListElement\":[{\"@type\":\"ListItem\",\"position\":1,\"name\":\"Accueil\",\"item\":\"https:\\\/\\\/roger-peltzer.com\\\/fr\\\/\"},{\"@type\":\"ListItem\",\"position\":2,\"name\":\"Afghanistan - Financement des petites et moyennes entreprises dans un contexte difficile\"}]},{\"@type\":\"WebSite\",\"@id\":\"https:\\\/\\\/roger-peltzer.com\\\/fr\\\/#website\",\"url\":\"https:\\\/\\\/roger-peltzer.com\\\/fr\\\/\",\"name\":\"Politique internationale\",\"description\":\"Roger Peltzer\",\"publisher\":{\"@id\":\"https:\\\/\\\/roger-peltzer.com\\\/fr\\\/#\\\/schema\\\/person\\\/6506ec1961bde1e8ad9521e95d6a8dac\"},\"potentialAction\":[{\"@type\":\"SearchAction\",\"target\":{\"@type\":\"EntryPoint\",\"urlTemplate\":\"https:\\\/\\\/roger-peltzer.com\\\/fr\\\/?s={search_term_string}\"},\"query-input\":{\"@type\":\"PropertyValueSpecification\",\"valueRequired\":true,\"valueName\":\"search_term_string\"}}],\"inLanguage\":\"fr-FR\"},{\"@type\":[\"Person\",\"Organization\"],\"@id\":\"https:\\\/\\\/roger-peltzer.com\\\/fr\\\/#\\\/schema\\\/person\\\/6506ec1961bde1e8ad9521e95d6a8dac\",\"name\":\"Roger Peltzer\",\"image\":{\"@type\":\"ImageObject\",\"inLanguage\":\"fr-FR\",\"@id\":\"https:\\\/\\\/roger-peltzer.com\\\/wp-content\\\/uploads\\\/2023\\\/09\\\/roger-peltzer-weltjugendtag-square.jpgd5bfa09cc9b6ba3f4dfe4bfbbc24c702\",\"url\":\"https:\\\/\\\/roger-peltzer.com\\\/wp-content\\\/uploads\\\/2023\\\/09\\\/roger-peltzer-weltjugendtag-square.jpg\",\"contentUrl\":\"https:\\\/\\\/roger-peltzer.com\\\/wp-content\\\/uploads\\\/2023\\\/09\\\/roger-peltzer-weltjugendtag-square.jpg\",\"caption\":\"Roger Peltzer\"},\"logo\":{\"@id\":\"https:\\\/\\\/roger-peltzer.com\\\/wp-content\\\/uploads\\\/2023\\\/09\\\/roger-peltzer-weltjugendtag-square.jpgd5bfa09cc9b6ba3f4dfe4bfbbc24c702\"},\"description\":\"[wpml-string context=\\\"pb-bioinfo\\\" name=\\\"info-1\\\"]70 Jahre alt, verheiratet, 3 Kinder und 4 Enkelkinder. Ich habe an der Universit\u00e4t M\u00fcnster Volkswirtschaft studiert und anschlie\u00dfend den postgraduierten Kurs am deutschen Institut f\u00fcr Entwicklungspolitik (heute IDOS) absolviert.[\\\/wpml-string]\",\"sameAs\":[\"https:\\\/\\\/roger-peltzer.com\\\/ueber-mich\\\/\"],\"url\":\"https:\\\/\\\/roger-peltzer.com\\\/fr\\\/author\\\/roger\\\/\"}]}<\/script>\n<!-- \/ Yoast SEO plugin. -->","yoast_head_json":{"title":"Afghanistan - Financement des petites et moyennes entreprises dans un contexte difficile - Politique internationale","description":"Blog de Roger Peltzer sur le d\u00e9veloppement et la politique \u00e9trang\u00e8re, sur les th\u00e8mes des \u00c9tats fragiles, des droits de l'homme et de l'Am\u00e9rique latine.","robots":{"index":"index","follow":"follow","max-snippet":"max-snippet:-1","max-image-preview":"max-image-preview:large","max-video-preview":"max-video-preview:-1"},"canonical":"https:\/\/roger-peltzer.com\/fr\/afghanistan-financement-des-petites-et-moyennes-entreprises-dans-un-contexte-difficile\/","og_locale":"fr_FR","og_type":"article","og_title":"Afghanistan - Financement des petites et moyennes entreprises dans un contexte difficile - Politique internationale","og_description":"Blog de Roger Peltzer sur le d\u00e9veloppement et la politique \u00e9trang\u00e8re, sur les th\u00e8mes des \u00c9tats fragiles, des droits de l'homme et de l'Am\u00e9rique latine.","og_url":"https:\/\/roger-peltzer.com\/fr\/afghanistan-financement-des-petites-et-moyennes-entreprises-dans-un-contexte-difficile\/","og_site_name":"Politique internationale","article_published_time":"2023-08-22T11:43:45+00:00","article_modified_time":"2024-06-15T16:03:54+00:00","og_image":[{"width":2560,"height":1707,"url":"https:\/\/roger-peltzer.com\/wp-content\/uploads\/2023\/08\/werkstattbesitzer-in-kabul-scaled.jpg","type":"image\/jpeg"}],"author":"Bernd Leidner","twitter_card":"summary_large_image","twitter_misc":{"\u00c9crit par":"Roger Peltzer","Dur\u00e9e de lecture estim\u00e9e":"12 minutes"},"schema":{"@context":"https:\/\/schema.org","@graph":[{"@type":"Article","@id":"https:\/\/roger-peltzer.com\/fr\/afghanistan-financement-des-petites-et-moyennes-entreprises-dans-un-contexte-difficile\/#article","isPartOf":{"@id":"https:\/\/roger-peltzer.com\/fr\/afghanistan-financement-des-petites-et-moyennes-entreprises-dans-un-contexte-difficile\/"},"author":{"name":"Roger Peltzer","@id":"https:\/\/roger-peltzer.com\/fr\/#\/schema\/person\/6506ec1961bde1e8ad9521e95d6a8dac"},"headline":"Afghanistan - Financement des petites et moyennes entreprises dans un contexte difficile","datePublished":"2023-08-22T11:43:45+00:00","dateModified":"2024-06-15T16:03:54+00:00","mainEntityOfPage":{"@id":"https:\/\/roger-peltzer.com\/fr\/afghanistan-financement-des-petites-et-moyennes-entreprises-dans-un-contexte-difficile\/"},"wordCount":2364,"commentCount":0,"publisher":{"@id":"https:\/\/roger-peltzer.com\/fr\/#\/schema\/person\/6506ec1961bde1e8ad9521e95d6a8dac"},"image":{"@id":"https:\/\/roger-peltzer.com\/fr\/afghanistan-financement-des-petites-et-moyennes-entreprises-dans-un-contexte-difficile\/#primaryimage"},"thumbnailUrl":"https:\/\/roger-peltzer.com\/wp-content\/uploads\/2023\/08\/werkstattbesitzer-in-kabul-scaled.jpg","articleSection":["\u00c9tats fragiles"],"inLanguage":"fr-FR","potentialAction":[{"@type":"CommentAction","name":"Comment","target":["https:\/\/roger-peltzer.com\/fr\/afghanistan-financement-des-petites-et-moyennes-entreprises-dans-un-contexte-difficile\/#respond"]}]},{"@type":"WebPage","@id":"https:\/\/roger-peltzer.com\/fr\/afghanistan-financement-des-petites-et-moyennes-entreprises-dans-un-contexte-difficile\/","url":"https:\/\/roger-peltzer.com\/fr\/afghanistan-financement-des-petites-et-moyennes-entreprises-dans-un-contexte-difficile\/","name":"Afghanistan - Financement des petites et moyennes entreprises dans un contexte difficile - Politique internationale","isPartOf":{"@id":"https:\/\/roger-peltzer.com\/fr\/#website"},"primaryImageOfPage":{"@id":"https:\/\/roger-peltzer.com\/fr\/afghanistan-financement-des-petites-et-moyennes-entreprises-dans-un-contexte-difficile\/#primaryimage"},"image":{"@id":"https:\/\/roger-peltzer.com\/fr\/afghanistan-financement-des-petites-et-moyennes-entreprises-dans-un-contexte-difficile\/#primaryimage"},"thumbnailUrl":"https:\/\/roger-peltzer.com\/wp-content\/uploads\/2023\/08\/werkstattbesitzer-in-kabul-scaled.jpg","datePublished":"2023-08-22T11:43:45+00:00","dateModified":"2024-06-15T16:03:54+00:00","description":"Blog de Roger Peltzer sur le d\u00e9veloppement et la politique \u00e9trang\u00e8re, sur les th\u00e8mes des \u00c9tats fragiles, des droits de l'homme et de l'Am\u00e9rique latine.","breadcrumb":{"@id":"https:\/\/roger-peltzer.com\/fr\/afghanistan-financement-des-petites-et-moyennes-entreprises-dans-un-contexte-difficile\/#breadcrumb"},"inLanguage":"fr-FR","potentialAction":[{"@type":"ReadAction","target":["https:\/\/roger-peltzer.com\/fr\/afghanistan-financement-des-petites-et-moyennes-entreprises-dans-un-contexte-difficile\/"]}]},{"@type":"ImageObject","inLanguage":"fr-FR","@id":"https:\/\/roger-peltzer.com\/fr\/afghanistan-financement-des-petites-et-moyennes-entreprises-dans-un-contexte-difficile\/#primaryimage","url":"https:\/\/roger-peltzer.com\/wp-content\/uploads\/2023\/08\/werkstattbesitzer-in-kabul-scaled.jpg","contentUrl":"https:\/\/roger-peltzer.com\/wp-content\/uploads\/2023\/08\/werkstattbesitzer-in-kabul-scaled.jpg","width":2560,"height":1707,"caption":"werkstattbesitzer-in-kabul"},{"@type":"BreadcrumbList","@id":"https:\/\/roger-peltzer.com\/fr\/afghanistan-financement-des-petites-et-moyennes-entreprises-dans-un-contexte-difficile\/#breadcrumb","itemListElement":[{"@type":"ListItem","position":1,"name":"Accueil","item":"https:\/\/roger-peltzer.com\/fr\/"},{"@type":"ListItem","position":2,"name":"Afghanistan - Financement des petites et moyennes entreprises dans un contexte difficile"}]},{"@type":"WebSite","@id":"https:\/\/roger-peltzer.com\/fr\/#website","url":"https:\/\/roger-peltzer.com\/fr\/","name":"Politique internationale","description":"Roger Peltzer","publisher":{"@id":"https:\/\/roger-peltzer.com\/fr\/#\/schema\/person\/6506ec1961bde1e8ad9521e95d6a8dac"},"potentialAction":[{"@type":"SearchAction","target":{"@type":"EntryPoint","urlTemplate":"https:\/\/roger-peltzer.com\/fr\/?s={search_term_string}"},"query-input":{"@type":"PropertyValueSpecification","valueRequired":true,"valueName":"search_term_string"}}],"inLanguage":"fr-FR"},{"@type":["Person","Organization"],"@id":"https:\/\/roger-peltzer.com\/fr\/#\/schema\/person\/6506ec1961bde1e8ad9521e95d6a8dac","name":"Roger Peltzer","image":{"@type":"ImageObject","inLanguage":"fr-FR","@id":"https:\/\/roger-peltzer.com\/wp-content\/uploads\/2023\/09\/roger-peltzer-weltjugendtag-square.jpgd5bfa09cc9b6ba3f4dfe4bfbbc24c702","url":"https:\/\/roger-peltzer.com\/wp-content\/uploads\/2023\/09\/roger-peltzer-weltjugendtag-square.jpg","contentUrl":"https:\/\/roger-peltzer.com\/wp-content\/uploads\/2023\/09\/roger-peltzer-weltjugendtag-square.jpg","caption":"Roger Peltzer"},"logo":{"@id":"https:\/\/roger-peltzer.com\/wp-content\/uploads\/2023\/09\/roger-peltzer-weltjugendtag-square.jpgd5bfa09cc9b6ba3f4dfe4bfbbc24c702"},"description":"[wpml-string context=\"pb-bioinfo\" name=\"info-1\"]70 Jahre alt, verheiratet, 3 Kinder und 4 Enkelkinder. Ich habe an der Universit\u00e4t M\u00fcnster Volkswirtschaft studiert und anschlie\u00dfend den postgraduierten Kurs am deutschen Institut f\u00fcr Entwicklungspolitik (heute IDOS) absolviert.[\/wpml-string]","sameAs":["https:\/\/roger-peltzer.com\/ueber-mich\/"],"url":"https:\/\/roger-peltzer.com\/fr\/author\/roger\/"}]}},"authors":[{"term_id":29,"user_id":0,"is_guest":1,"slug":"bernd-leidner","display_name":"Bernd Leidner","avatar_url":{"url":"https:\/\/roger-peltzer.com\/wp-content\/uploads\/2023\/09\/bernd-leitner.jpg","url2x":"https:\/\/roger-peltzer.com\/wp-content\/uploads\/2023\/09\/bernd-leitner.jpg"},"0":null,"1":"","2":"","3":"","4":"","5":"","6":"","7":"","8":""}],"_links":{"self":[{"href":"https:\/\/roger-peltzer.com\/fr\/wp-json\/wp\/v2\/posts\/657","targetHints":{"allow":["GET"]}}],"collection":[{"href":"https:\/\/roger-peltzer.com\/fr\/wp-json\/wp\/v2\/posts"}],"about":[{"href":"https:\/\/roger-peltzer.com\/fr\/wp-json\/wp\/v2\/types\/post"}],"author":[{"embeddable":true,"href":"https:\/\/roger-peltzer.com\/fr\/wp-json\/wp\/v2\/users\/2"}],"replies":[{"embeddable":true,"href":"https:\/\/roger-peltzer.com\/fr\/wp-json\/wp\/v2\/comments?post=657"}],"version-history":[{"count":2,"href":"https:\/\/roger-peltzer.com\/fr\/wp-json\/wp\/v2\/posts\/657\/revisions"}],"predecessor-version":[{"id":659,"href":"https:\/\/roger-peltzer.com\/fr\/wp-json\/wp\/v2\/posts\/657\/revisions\/659"}],"wp:featuredmedia":[{"embeddable":true,"href":"https:\/\/roger-peltzer.com\/fr\/wp-json\/wp\/v2\/media\/512"}],"wp:attachment":[{"href":"https:\/\/roger-peltzer.com\/fr\/wp-json\/wp\/v2\/media?parent=657"}],"wp:term":[{"taxonomy":"category","embeddable":true,"href":"https:\/\/roger-peltzer.com\/fr\/wp-json\/wp\/v2\/categories?post=657"},{"taxonomy":"post_tag","embeddable":true,"href":"https:\/\/roger-peltzer.com\/fr\/wp-json\/wp\/v2\/tags?post=657"},{"taxonomy":"author","embeddable":true,"href":"https:\/\/roger-peltzer.com\/fr\/wp-json\/wp\/v2\/ppma_author?post=657"}],"curies":[{"name":"wp","href":"https:\/\/api.w.org\/{rel}","templated":true}]}}