{"id":613,"date":"2023-11-09T22:21:43","date_gmt":"2023-11-09T22:21:43","guid":{"rendered":"https:\/\/roger-peltzer.com\/guatemala-le-president-nouvellement-elu-bernardo-arevalo-en-lutte-pour-la-democratie-et-letat-de-droit\/"},"modified":"2024-06-15T16:01:37","modified_gmt":"2024-06-15T16:01:37","slug":"guatemala-le-president-nouvellement-elu-bernardo-arevalo-en-lutte-pour-la-democratie-et-letat-de-droit","status":"publish","type":"post","link":"https:\/\/roger-peltzer.com\/fr\/guatemala-le-president-nouvellement-elu-bernardo-arevalo-en-lutte-pour-la-democratie-et-letat-de-droit\/","title":{"rendered":"Guatemala : le pr\u00e9sident nouvellement \u00e9lu Bernardo Ar\u00e9valo en lutte pour la d\u00e9mocratie et l'\u00c9tat de droit"},"content":{"rendered":"\n<p><strong>Les puissantes castes politiques d\u00e9chues utilisent toute l&rsquo;influence qu&rsquo;il leur reste pour rendre la passation de pouvoir avec le nouveau pr\u00e9sident \u00e9lu Bernardo Ar\u00e9valo aussi difficile que possible. B. Ar\u00e9valo d\u00e9crit cela comme un coup d&rsquo;\u00c9tat qui se pr\u00e9pare \u00e0 bas bruit. Il re\u00e7oit toutefois un soutien important de la part de la population civile, notamment du mouvement indien maya, ainsi que de l&rsquo;Organisation des \u00c9tats am\u00e9ricains (OEA) et des \u00c9tats-Unis. Cet article d\u00e9crit les r\u00e9sistances que Bernardo Ar\u00e9valo doit surmonter et discute de la mani\u00e8re dont l&rsquo;Allemagne et l&rsquo;UE peuvent soutenir le processus de d\u00e9mocratisation au Guatemala.<\/strong><\/p>\n\n<h3 class=\"wp-block-heading\"><strong>Tout le monde est surpris : Bernardo Ar\u00e9valo arrive en deuxi\u00e8me position au premier tour de l&rsquo;\u00e9lection<\/strong><\/h3>\n\n<p><\/p>\n\n<p>Plus les \u00e9lections approchent dans un pays, plus la tension s&rsquo;intensifie. Il en a \u00e9t\u00e9 de m\u00eame pour les \u00e9lections pr\u00e9sidentielles au Guatemala, dont le premier tour s&rsquo;est d\u00e9roul\u00e9 le 25 juin 2023. Mais lorsque les r\u00e9sultats des \u00e9lections sont apparus le soir du scrutin, tout le monde s&rsquo;est frott\u00e9 les yeux. Personne ne s&rsquo;attendait \u00e0 ce que Bernardo Ar\u00e9valo se hisse \u00e0 la deuxi\u00e8me place. Dans tous les pronostics \u00e9lectoraux pr\u00e9c\u00e9dents, seuls les noms bien connus, comme Zury Rios, la fille de l&rsquo;ancien chef d&rsquo;\u00c9tat de facto Efrain Rios Montt, apparaissaient parmi les premiers nomm\u00e9s. Et parmi les premiers, on attendait \u00e9galement Sandra Torres, ancienne premi\u00e8re dame du pays. Elle a obtenu les 21% pr\u00e9vus par les sondages, ce qui la place en premi\u00e8re position. Mais c&rsquo;est le candidat Bernardo Ar\u00e9valo qui a cr\u00e9\u00e9 la surprise absolue en obtenant le deuxi\u00e8me plus grand nombre de voix. Il a obtenu 17% des voix et s&rsquo;est donc qualifi\u00e9 pour le second tour. Bernardo Ar\u00e9valo s&rsquo;est pr\u00e9sent\u00e9 sous les couleurs du parti lib\u00e9ral de gauche Movimiento Semilla. Le parti Semilla s&rsquo;est form\u00e9 lors des manifestations de masse contre le gouvernement corrompu de l&rsquo;ex-g\u00e9n\u00e9ral Otto P\u00e9rez en 2015. Le duo de candidats Bernardo Ar\u00e9valo et Karin Herrera a pu se concentrer sur le second tour du 20 ao\u00fbt.<\/p>\n\n<p>Apr\u00e8s le premier tour, l&rsquo;oligarchie traditionnellement conservatrice ainsi que ses favoris au Parlement et au gouvernement ont d\u00fb r\u00e9fl\u00e9chir \u00e0 la mani\u00e8re dont ils allaient dig\u00e9rer leur perte de pouvoir annonc\u00e9e. Bernardo Ar\u00e9valo et le parti Semilla ont ax\u00e9 leur campagne \u00e9lectorale sur la lutte contre la corruption et se sont abstenus d&rsquo;aborder des questions telles que la propri\u00e9t\u00e9 priv\u00e9e et les fondements du syst\u00e8me juridique. Il ne fait aucun doute qu&rsquo;ils ont ainsi r\u00e9ussi \u00e0 toucher la corde sensible de la majorit\u00e9 de l&rsquo;\u00e9lectorat, lass\u00e9e de l&rsquo;innommable corruption et du n\u00e9potisme du soi-disant pacte des corrompus dirig\u00e9 par l&rsquo;actuel pr\u00e9sident A. Giammattei. Giammattei n&rsquo;a pas seulement h\u00e9rit\u00e9 de la corruption de son pr\u00e9d\u00e9cesseur Jimmy Morales, il l&rsquo;a surpass\u00e9e.<\/p>\n\n<h3 class=\"wp-block-heading\"><strong>L&rsquo;appareil judiciaire se positionne contre le r\u00e9sultat des \u00e9lections<\/strong><\/h3>\n\n<p><\/p>\n\n<p>Dans ce contexte, il convient de souligner qu&rsquo;il y a deux ans, les juges* de la Cour constitutionnelle ont \u00e9t\u00e9 renouvel\u00e9s. Jusqu&rsquo;alors, la Cour constitutionnelle avait \u00e9t\u00e9 une expression claire de l&rsquo;\u00c9tat de droit lib\u00e9ral. Depuis la nouvelle \u00e9lection, qui n&rsquo;a pas fait l&rsquo;unanimit\u00e9, il n&rsquo;y a plus de juges lib\u00e9raux* \u00e0 la Cour constitutionnelle. Au moins un des cinq juges les plus hauts plac\u00e9s figure sur la liste Magnitsky des \u00c9tats-Unis (\u00e9galement appel\u00e9e liste Engel ou liste anti-corruption). Il est \u00e9galement d\u00e9primant de constater que l&rsquo;autre haute cour, la Cour supr\u00eame, n&rsquo;a pas \u00e9t\u00e9 renouvel\u00e9e par le Parlement au cours des quatre derni\u00e8res ann\u00e9es, ce qui signifie que les int\u00e9r\u00eats du favoritisme s&rsquo;y sont \u00e9galement install\u00e9s. Pour compl\u00e9ter le canon de la trajectoire inqui\u00e9tante de l&rsquo;\u00c9tat de droit sous le gouvernement Giammattei, le pr\u00e9sident A. Giammattei a reconduit au printemps la procureure g\u00e9n\u00e9rale Consuelo Porras apr\u00e8s son premier mandat, nonobstant le fait qu&rsquo;elle figure \u00e9galement sur la liste Magnitsky aux \u00c9tats-Unis. Avec cette transformation du syst\u00e8me judiciaire par le gouvernement et la majorit\u00e9 parlementaire, les principes de l&rsquo;\u00c9tat de droit, qui sont l&rsquo;un des fondements d&rsquo;une d\u00e9mocratie, ont \u00e9t\u00e9 mis \u00e0 mal au Guatemala.<\/p>\n\n<p>Tout au long du processus \u00e9lectoral, les plus hauts juges* et le procureur g\u00e9n\u00e9ral ont jou\u00e9 un r\u00f4le constamment guid\u00e9 par l&rsquo;int\u00e9r\u00eat en faveur des positions populistes de droite. Il ne fait aucun doute que le minist\u00e8re public et la Cour supr\u00eame agissent avec l&rsquo;appui politique du Pacte des corrompus. Le large silence du pr\u00e9sident A. Giammattei sur les agissements de ces cercles peut \u00eatre consid\u00e9r\u00e9 comme un encouragement pour la triple alliance form\u00e9e par la procureure g\u00e9n\u00e9rale, son coll\u00e8gue procureur et le juge Fredy Orellana.<\/p>\n\n<p>Cependant, ni le pacte des corrompus ni les plus hauts responsables de l&rsquo;appareil judiciaire n&rsquo;ont l&rsquo;intention de renoncer \u00e0 l&rsquo;attrait du pouvoir. D\u00e8s la veille du premier tour, le procureur sp\u00e9cial Rafael Curruchiche a annonc\u00e9 au nom du bureau du procureur g\u00e9n\u00e9ral qu&rsquo;une proc\u00e9dure avait \u00e9t\u00e9 lanc\u00e9e contre le parti Semilla pour lui retirer son statut de parti politique. Des irr\u00e9gularit\u00e9s auraient \u00e9t\u00e9 d\u00e9couvertes dans les signatures de la fondation du parti. Cette accusation semble \u00e9trange, \u00e9tant donn\u00e9 que le parti a \u00e9t\u00e9 autoris\u00e9 \u00e0 participer aux \u00e9lections sans probl\u00e8me par la Cour supr\u00eame \u00e9lectorale. Ce n&rsquo;est pas un secret que l&rsquo;objectif principal est de rendre la vie du parti Semilla et du pr\u00e9sident Ar\u00e9valo aussi difficile que possible.<\/p>\n\n<p>C&rsquo;est dans ce type de motivation que l&rsquo;on peut situer l&rsquo;intervention du minist\u00e8re public, qui a saisi des urnes \u00e0 la Cour supr\u00eame des \u00e9lections avec l&rsquo;intervention de la police, afin de v\u00e9rifier l&rsquo;exactitude du d\u00e9compte des voix. En d&rsquo;autres termes, le minist\u00e8re public va \u00e0 l&rsquo;encontre du tribunal \u00e9lectoral supr\u00eame et cette action est ratifi\u00e9e par la Cour supr\u00eame. La Cour supr\u00eame \u00e9lectorale avait \u00e9galement \u00e9t\u00e9 menac\u00e9e de destitution entre-temps. Tous les appels de l&rsquo;UE, des \u00c9tats-Unis, de la Colombie et du Br\u00e9sil, ainsi que de l&rsquo;Organisation des \u00c9tats am\u00e9ricains (OEA), n&rsquo;ont pas vraiment r\u00e9ussi \u00e0 mettre un terme aux agissements putschistes du Pacte des corrompus. Mais le processus \u00e9lectoral a \u00e9t\u00e9 tr\u00e8s surveill\u00e9, notamment par les \u00c9tats-Unis, l&rsquo;UE et l&rsquo;OEA, de sorte que les r\u00e9sultats des \u00e9lections n&rsquo;ont pas pu \u00eatre modifi\u00e9s a posteriori. Il est \u00e9galement important de noter que la Cour supr\u00eame \u00e9lectorale a jou\u00e9 un r\u00f4le ind\u00e9pendant inattendu vis-\u00e0-vis du gouvernement, ce qui est tr\u00e8s louable. De plus, le comportement des deux procureurs en chef et de leur soutien judiciaire a entra\u00een\u00e9 une forte augmentation de la pression de la population civile par le biais de barrages routiers et a d\u00e9clench\u00e9 une solidarit\u00e9 avec B. Ar\u00e9valo.<\/p>\n\n<h3 class=\"wp-block-heading\"><strong>Le second tour : une victoire \u00e9crasante de Bernardo Ar\u00e9valo<\/strong><\/h3>\n\n<p><\/p>\n\n<p>Sandra Torres et Bernardo Ar\u00e9valo se sont alors affront\u00e9s au second tour. La populiste et capricieuse Sandra Torres a fait de nombreuses promesses superficielles, telles que la c\u00e9l\u00e9bration de la famille compos\u00e9e d&rsquo;un homme et d&rsquo;une femme, la construction d&rsquo;une prison de haute s\u00e9curit\u00e9, la cr\u00e9ation d&rsquo;un minist\u00e8re de la religion et d&rsquo;un minist\u00e8re pour la population indienne maya, pensant ainsi obtenir de nombreux votes de la part des \u00e9vang\u00e9liques et des Mayas. N\u00e9anmoins, Sandra Torres a toujours \u00e9t\u00e9 impopulaire aupr\u00e8s d&rsquo;une grande partie de la population, notamment parce qu&rsquo;elle a jou\u00e9 le r\u00f4le de rassembleur de majorit\u00e9 au cours des deux derni\u00e8res ann\u00e9es pour les propositions du gouvernement au Parlement, y compris pour les budgets respectifs. La plupart des \u00e9lecteurs* n&rsquo;ont pas non plus appr\u00e9ci\u00e9 les pol\u00e9miques dont Bernardo Ar\u00e9valo les a accabl\u00e9s avant le second tour. Elle a ainsi mis en doute la nationalit\u00e9 d&rsquo;Ar\u00e9valo, qui est n\u00e9 en Uruguay. En effet, Bernardo Ar\u00e9valo est n\u00e9 en exil, fils de Juan Jos\u00e9 Ar\u00e9valo, fondateur du Guatemala d\u00e9mocratique refond\u00e9 en 1944 et ancien pr\u00e9sident du pays. C&rsquo;est vers cet exil que son p\u00e8re a d\u00fb se tourner apr\u00e8s le coup d&rsquo;\u00c9tat anti-r\u00e9formiste de 1954. Pendant la campagne \u00e9lectorale, Bernardo Ar\u00e9valo s&rsquo;est bien gard\u00e9 d&rsquo;attirer l&rsquo;attention de Sandra Torres sur sa naissance au Belice. L&rsquo;accent mis sur la valeur de la famille \u00e9tait dirig\u00e9 contre Ar\u00e9valo, car il avait r\u00e9cemment assist\u00e9 au mariage de sa fille lesbienne, assumant ainsi non seulement son r\u00f4le de p\u00e8re de famille, mais d\u00e9montrant \u00e9galement son ouverture aux familles arc-en-ciel.<\/p>\n\n<p>Au second tour, B. Ar\u00e9valo a remport\u00e9 58% des voix, tandis que Sandra Torres, loin derri\u00e8re, n&rsquo;a obtenu que 37% (le reste \u00e9tant des votes nuls). Cette victoire a \u00e9t\u00e9 une nouvelle confirmation de la volont\u00e9 des \u00e9lecteurs* de s&rsquo;opposer \u00e0 la corruption dominante, dont Sandra Torres n&rsquo;est pas injustement consid\u00e9r\u00e9e comme faisant partie du cercle. Le vote de ces nombreux \u00e9lecteurs* exprime leur col\u00e8re \u00e0 l&rsquo;\u00e9gard d&rsquo;un parlement mal aim\u00e9 et du gouvernement autoritaire actuel.<\/p>\n\n<h3 class=\"wp-block-heading\"><strong>Blocages de routes par la population civile contre blocages de l&rsquo;appareil judiciaire<\/strong><\/h3>\n\n<p><\/p>\n\n<p>Aujourd&rsquo;hui, le m\u00e9contentement monte dans les rues du Guatemala face \u00e0 la remise en question du r\u00e9sultat des \u00e9lections par les cercles de pouvoir autour du gouvernement actuel et de l&rsquo;appareil judiciaire. Depuis des semaines, les rues sont bloqu\u00e9es et la soci\u00e9t\u00e9 civile r\u00e9clame la d\u00e9mission de Consuelo Porras et de son bras droit, Rafael Curruchiche, ainsi que du juge Fredy Orellana qui les assiste et qui se met au service des deux procureurs*. Il est remarquable que le mouvement de protestation soit men\u00e9, parmi d&rsquo;autres, par la population maya, en particulier les soi-disant 48 cantons de Totonicapan.<\/p>\n\n<p>Mais le pacte des corrompus reste jusqu&rsquo;\u00e0 pr\u00e9sent uni : Consuelo Porras refuse de d\u00e9missionner et la Cour constitutionnelle la soutient par une d\u00e9cision selon laquelle elle ne peut pas \u00eatre destitu\u00e9e, m\u00eame par le pr\u00e9sident.<\/p>\n\n<p>Bernardo Ar\u00e9valo montre qu&rsquo;il a les reins solides face aux pressions du Pacte des corrompus (droite conservatrice). Avec son exp\u00e9rience d&rsquo;ancien vice-ministre des Affaires \u00e9trang\u00e8res et d&rsquo;ancien ambassadeur en Espagne, il repr\u00e9sente \u00e9galement plus qu&rsquo;un nouveau venu en politique. Mais il doit d&rsquo;abord ma\u00eetriser la longue p\u00e9riode de prise de fonction qui s&rsquo;\u00e9tend de fin ao\u00fbt \u00e0 mi-janvier. Il peut clairement s&rsquo;appuyer sur une grande partie de la soci\u00e9t\u00e9 civile, sur la Conf\u00e9rence des \u00e9v\u00eaques catholiques et sur une grande partie du monde des entreprises (\u00e0 l&rsquo;exception des grandes associations d&rsquo;agriculteurs) qui, pour diverses raisons, tiennent \u00e0 ce que la volont\u00e9 des citoyens soit respect\u00e9e lors des \u00e9lections. Les entrepreneurs l&rsquo;ont r\u00e9cemment exprim\u00e9 \u00e0 nouveau, m\u00eame s&rsquo;ils n&rsquo;appr\u00e9cient pas les blocages de routes pour des raisons \u00e9conomiques. Face \u00e0 Bernardo Ar\u00e9valo et au parti Semilla, il y a le bloc des corrompus de l&rsquo;ex\u00e9cutif et du judiciaire, qui se maintiendra en place m\u00eame apr\u00e8s la prise de fonction en janvier.<\/p>\n\n<h3 class=\"wp-block-heading\"><strong>L&rsquo;\u00e9preuve de la d\u00e9mocratie se poursuit m\u00eame apr\u00e8s la prise de fonction<\/strong><\/h3>\n\n<p><\/p>\n\n<p>Le pr\u00e9sident Bernardo Ar\u00e9valo suscite de nombreux espoirs, m\u00eame s&rsquo;ils ne se concr\u00e9tisent pas tous. S&rsquo;il parvient, au cours de sa premi\u00e8re ann\u00e9e de mandat, \u00e0 remplacer certaines personnes du pacte des corrompus \u00e0 des postes de haut niveau dans le pouvoir judiciaire et \u00e0 imposer une nette am\u00e9lioration de la transparence dans l&rsquo;administration publique et la politique gouvernementale, il pourra obtenir le soutien de la soci\u00e9t\u00e9 civile. Jusqu&rsquo;\u00e0 pr\u00e9sent, lui et son parti Semilla ainsi que les partis de l&rsquo;Alliance n&rsquo;ont pas la majorit\u00e9 avec 59 voix au Parlement sur un total de 160 si\u00e8ges. Mais il se peut n\u00e9anmoins que ce pourcentage de voix augmente. Cela dit, dans une d\u00e9mocratie pr\u00e9sidentielle, il existe de nombreuses d\u00e9cisions qui peuvent \u00eatre prises par le biais de d\u00e9crets pr\u00e9sidentiels. Il est encourageant de constater que l&rsquo;\u00e9quipe de B. Ar\u00e9valo, qui n\u00e9gocie actuellement la passation de pouvoir avec des membres du gouvernement, est compos\u00e9e de personnes plut\u00f4t jeunes, qui ne sont pas issues de la sph\u00e8re politique \u00e9troite actuelle, proche du gouvernement. De cette \u00e9quipe, l&rsquo;une ou l&rsquo;autre deviendra ministre*. Il ressort des allusions encore prudentes faites jusqu&rsquo;\u00e0 pr\u00e9sent par Ar\u00e9valo qu&rsquo;il entend utiliser les marges de man\u0153uvre pour apporter des am\u00e9liorations : les progr\u00e8s dans les programmes sociaux et \u00e9ducatifs lui tiennent \u00e0 c\u0153ur, tout comme la r\u00e9forme du fonds foncier dont le fonctionnement est affaibli, le respect des accords de paix et la promotion politique de la population indienne maya. Pour la r\u00e9gion d&rsquo;Am\u00e9rique centrale o\u00f9 l&rsquo;autoritarisme s&rsquo;est install\u00e9, Ar\u00e9valo sera une lueur d&rsquo;espoir.<\/p>\n\n<h3 class=\"wp-block-heading\"><strong>Que peuvent et doivent faire l&rsquo;UE et l&rsquo;Allemagne ?<\/strong><\/h3>\n\n<p><\/p>\n\n<p>Le changement qui se dessine avec un pr\u00e9sident Ar\u00e9valo est \u00e9galement important pour nous. En mati\u00e8re de politique \u00e9trang\u00e8re, il est essentiel que le gouvernement Ar\u00e9valo, qui sera en place en janvier prochain, b\u00e9n\u00e9ficie d&rsquo;un soutien suffisant et visible au niveau allemand et europ\u00e9en, car il est probable que les anciennes structures du pouvoir mettront beaucoup, beaucoup d&rsquo;obstacles sur le chemin du nouveau pr\u00e9sident. D\u00e8s \u00e0 pr\u00e9sent, le minist\u00e8re allemand des Affaires \u00e9trang\u00e8res pourrait inviter le pr\u00e9sident \u00e9lu Bernardo Ar\u00e9valo en Allemagne, en signe de respect pour les r\u00e9sultats des \u00e9lections et de reconnaissance du parti Semilla par la communaut\u00e9 internationale. Comme l&rsquo;a d\u00e9j\u00e0 fait l&rsquo;administration am\u00e9ricaine. Si cela s&rsquo;av\u00e8re difficile en termes de temps, il serait pr\u00e9f\u00e9rable de les inviter rapidement apr\u00e8s l&rsquo;investiture. Pour l&rsquo;investiture, une pr\u00e9sence suffisamment visible du minist\u00e8re des Affaires \u00e9trang\u00e8res, au-del\u00e0 de la pr\u00e9sence de l&rsquo;ambassade d&rsquo;Allemagne, est recommand\u00e9e. Au niveau de l&rsquo;Allemagne et de l&rsquo;UE, il faudrait enfin imposer des sanctions aux personnes pr\u00e9sentes au Guatemala (restrictions de visas d&rsquo;entr\u00e9e, gel des avoirs bancaires de ces personnes \u00e0 l&rsquo;\u00e9tranger), comme c&rsquo;est le cas pour le Nicaragua ou la Russie. \u00c9tant donn\u00e9 que la procureure C. Porras et son coll\u00e8gue R. Curruchiche sont expos\u00e9s \u00e0 ces sanctions aux \u00c9tats-Unis, ils pourraient \u00eatre envisag\u00e9s \u00e0 cet effet. Le parti Semilla et le futur gouvernement peuvent \u00eatre accompagn\u00e9s de mani\u00e8re plus intensive par le biais de conseils politiques et de programmes de promotion de l&rsquo;\u00c9tat de droit, de mani\u00e8re bilat\u00e9rale ou en collaboration avec la Cour des droits de l&rsquo;homme de l&rsquo;OEA (CIDH). Le minist\u00e8re allemand de la Coop\u00e9ration au d\u00e9veloppement (BMZ) peut user de son influence pour, d&rsquo;une part, soutenir les organisations de la soci\u00e9t\u00e9 civile allemande dans leurs projets au Guatemala en collaboration avec le futur gouvernement local et, d&rsquo;autre part, soutenir, dans le cadre de la coop\u00e9ration europ\u00e9enne au d\u00e9veloppement, des programmes visant \u00e0 combler les lacunes dans le domaine de la planification \u00e9conomique, des programmes sociaux et \u00e9ducatifs et de la promotion des populations indig\u00e8nes.<\/p>\n","protected":false},"excerpt":{"rendered":"<p>Les puissantes castes politiques d\u00e9chues utilisent toute l&rsquo;influence qu&rsquo;il leur reste pour rendre la passation de pouvoir avec le nouveau pr\u00e9sident \u00e9lu Bernardo Ar\u00e9valo aussi difficile que possible. B. Ar\u00e9valo d\u00e9crit cela comme un coup d&rsquo;\u00c9tat qui se pr\u00e9pare \u00e0<\/p>\n","protected":false},"author":2,"featured_media":516,"comment_status":"open","ping_status":"open","sticky":false,"template":"","format":"standard","meta":{"footnotes":""},"categories":[63],"tags":[],"ppma_author":[31],"class_list":["post-613","post","type-post","status-publish","format-standard","has-post-thumbnail","hentry","category-amerique-latine"],"yoast_head":"<!-- This site is optimized with the Yoast SEO plugin v27.5 - https:\/\/yoast.com\/product\/yoast-seo-wordpress\/ -->\n<title>Guatemala : le pr\u00e9sident nouvellement \u00e9lu Bernardo Ar\u00e9valo en lutte pour la d\u00e9mocratie et l&#039;\u00c9tat de droit - Politique internationale<\/title>\n<meta name=\"description\" content=\"Blog de Roger Peltzer sur le d\u00e9veloppement et la politique \u00e9trang\u00e8re, sur les th\u00e8mes des \u00c9tats fragiles, des droits de l&#039;homme et de l&#039;Am\u00e9rique latine.\" \/>\n<meta name=\"robots\" content=\"index, follow, max-snippet:-1, max-image-preview:large, max-video-preview:-1\" \/>\n<link rel=\"canonical\" href=\"https:\/\/roger-peltzer.com\/fr\/guatemala-le-president-nouvellement-elu-bernardo-arevalo-en-lutte-pour-la-democratie-et-letat-de-droit\/\" \/>\n<meta property=\"og:locale\" content=\"fr_FR\" \/>\n<meta property=\"og:type\" content=\"article\" \/>\n<meta property=\"og:title\" content=\"Guatemala : le pr\u00e9sident nouvellement \u00e9lu Bernardo Ar\u00e9valo en lutte pour la d\u00e9mocratie et l&#039;\u00c9tat de droit - Politique internationale\" \/>\n<meta property=\"og:description\" content=\"Blog de Roger Peltzer sur le d\u00e9veloppement et la politique \u00e9trang\u00e8re, sur les th\u00e8mes des \u00c9tats fragiles, des droits de l&#039;homme et de l&#039;Am\u00e9rique latine.\" \/>\n<meta property=\"og:url\" content=\"https:\/\/roger-peltzer.com\/fr\/guatemala-le-president-nouvellement-elu-bernardo-arevalo-en-lutte-pour-la-democratie-et-letat-de-droit\/\" \/>\n<meta property=\"og:site_name\" content=\"Politique internationale\" \/>\n<meta property=\"article:published_time\" content=\"2023-11-09T22:21:43+00:00\" \/>\n<meta property=\"article:modified_time\" content=\"2024-06-15T16:01:37+00:00\" \/>\n<meta property=\"og:image\" content=\"https:\/\/roger-peltzer.com\/wp-content\/uploads\/2023\/11\/bernardo_arevalo.jpg\" \/>\n\t<meta property=\"og:image:width\" content=\"1365\" \/>\n\t<meta property=\"og:image:height\" content=\"768\" \/>\n\t<meta property=\"og:image:type\" content=\"image\/jpeg\" \/>\n<meta name=\"author\" content=\"Albrecht Schwarzkopf\" \/>\n<meta name=\"twitter:card\" content=\"summary_large_image\" \/>\n<meta name=\"twitter:label1\" content=\"\u00c9crit par\" \/>\n\t<meta name=\"twitter:data1\" content=\"Roger Peltzer\" \/>\n\t<meta name=\"twitter:label2\" content=\"Dur\u00e9e de lecture estim\u00e9e\" \/>\n\t<meta name=\"twitter:data2\" content=\"13 minutes\" \/>\n<script type=\"application\/ld+json\" class=\"yoast-schema-graph\">{\"@context\":\"https:\\\/\\\/schema.org\",\"@graph\":[{\"@type\":\"Article\",\"@id\":\"https:\\\/\\\/roger-peltzer.com\\\/fr\\\/guatemala-le-president-nouvellement-elu-bernardo-arevalo-en-lutte-pour-la-democratie-et-letat-de-droit\\\/#article\",\"isPartOf\":{\"@id\":\"https:\\\/\\\/roger-peltzer.com\\\/fr\\\/guatemala-le-president-nouvellement-elu-bernardo-arevalo-en-lutte-pour-la-democratie-et-letat-de-droit\\\/\"},\"author\":{\"name\":\"Roger Peltzer\",\"@id\":\"https:\\\/\\\/roger-peltzer.com\\\/fr\\\/#\\\/schema\\\/person\\\/6506ec1961bde1e8ad9521e95d6a8dac\"},\"headline\":\"Guatemala : le pr\u00e9sident nouvellement \u00e9lu Bernardo Ar\u00e9valo en lutte pour la d\u00e9mocratie et l'\u00c9tat de droit\",\"datePublished\":\"2023-11-09T22:21:43+00:00\",\"dateModified\":\"2024-06-15T16:01:37+00:00\",\"mainEntityOfPage\":{\"@id\":\"https:\\\/\\\/roger-peltzer.com\\\/fr\\\/guatemala-le-president-nouvellement-elu-bernardo-arevalo-en-lutte-pour-la-democratie-et-letat-de-droit\\\/\"},\"wordCount\":2574,\"commentCount\":0,\"publisher\":{\"@id\":\"https:\\\/\\\/roger-peltzer.com\\\/fr\\\/#\\\/schema\\\/person\\\/6506ec1961bde1e8ad9521e95d6a8dac\"},\"image\":{\"@id\":\"https:\\\/\\\/roger-peltzer.com\\\/fr\\\/guatemala-le-president-nouvellement-elu-bernardo-arevalo-en-lutte-pour-la-democratie-et-letat-de-droit\\\/#primaryimage\"},\"thumbnailUrl\":\"https:\\\/\\\/roger-peltzer.com\\\/wp-content\\\/uploads\\\/2023\\\/11\\\/bernardo_arevalo.jpg\",\"articleSection\":[\"Am\u00e9rique latine\"],\"inLanguage\":\"fr-FR\",\"potentialAction\":[{\"@type\":\"CommentAction\",\"name\":\"Comment\",\"target\":[\"https:\\\/\\\/roger-peltzer.com\\\/fr\\\/guatemala-le-president-nouvellement-elu-bernardo-arevalo-en-lutte-pour-la-democratie-et-letat-de-droit\\\/#respond\"]}]},{\"@type\":\"WebPage\",\"@id\":\"https:\\\/\\\/roger-peltzer.com\\\/fr\\\/guatemala-le-president-nouvellement-elu-bernardo-arevalo-en-lutte-pour-la-democratie-et-letat-de-droit\\\/\",\"url\":\"https:\\\/\\\/roger-peltzer.com\\\/fr\\\/guatemala-le-president-nouvellement-elu-bernardo-arevalo-en-lutte-pour-la-democratie-et-letat-de-droit\\\/\",\"name\":\"Guatemala : le pr\u00e9sident nouvellement \u00e9lu Bernardo Ar\u00e9valo en lutte pour la d\u00e9mocratie et l'\u00c9tat de droit - Politique internationale\",\"isPartOf\":{\"@id\":\"https:\\\/\\\/roger-peltzer.com\\\/fr\\\/#website\"},\"primaryImageOfPage\":{\"@id\":\"https:\\\/\\\/roger-peltzer.com\\\/fr\\\/guatemala-le-president-nouvellement-elu-bernardo-arevalo-en-lutte-pour-la-democratie-et-letat-de-droit\\\/#primaryimage\"},\"image\":{\"@id\":\"https:\\\/\\\/roger-peltzer.com\\\/fr\\\/guatemala-le-president-nouvellement-elu-bernardo-arevalo-en-lutte-pour-la-democratie-et-letat-de-droit\\\/#primaryimage\"},\"thumbnailUrl\":\"https:\\\/\\\/roger-peltzer.com\\\/wp-content\\\/uploads\\\/2023\\\/11\\\/bernardo_arevalo.jpg\",\"datePublished\":\"2023-11-09T22:21:43+00:00\",\"dateModified\":\"2024-06-15T16:01:37+00:00\",\"description\":\"Blog de Roger Peltzer sur le d\u00e9veloppement et la politique \u00e9trang\u00e8re, sur les th\u00e8mes des \u00c9tats fragiles, des droits de l'homme et de l'Am\u00e9rique latine.\",\"breadcrumb\":{\"@id\":\"https:\\\/\\\/roger-peltzer.com\\\/fr\\\/guatemala-le-president-nouvellement-elu-bernardo-arevalo-en-lutte-pour-la-democratie-et-letat-de-droit\\\/#breadcrumb\"},\"inLanguage\":\"fr-FR\",\"potentialAction\":[{\"@type\":\"ReadAction\",\"target\":[\"https:\\\/\\\/roger-peltzer.com\\\/fr\\\/guatemala-le-president-nouvellement-elu-bernardo-arevalo-en-lutte-pour-la-democratie-et-letat-de-droit\\\/\"]}]},{\"@type\":\"ImageObject\",\"inLanguage\":\"fr-FR\",\"@id\":\"https:\\\/\\\/roger-peltzer.com\\\/fr\\\/guatemala-le-president-nouvellement-elu-bernardo-arevalo-en-lutte-pour-la-democratie-et-letat-de-droit\\\/#primaryimage\",\"url\":\"https:\\\/\\\/roger-peltzer.com\\\/wp-content\\\/uploads\\\/2023\\\/11\\\/bernardo_arevalo.jpg\",\"contentUrl\":\"https:\\\/\\\/roger-peltzer.com\\\/wp-content\\\/uploads\\\/2023\\\/11\\\/bernardo_arevalo.jpg\",\"width\":1365,\"height\":768},{\"@type\":\"BreadcrumbList\",\"@id\":\"https:\\\/\\\/roger-peltzer.com\\\/fr\\\/guatemala-le-president-nouvellement-elu-bernardo-arevalo-en-lutte-pour-la-democratie-et-letat-de-droit\\\/#breadcrumb\",\"itemListElement\":[{\"@type\":\"ListItem\",\"position\":1,\"name\":\"Accueil\",\"item\":\"https:\\\/\\\/roger-peltzer.com\\\/fr\\\/\"},{\"@type\":\"ListItem\",\"position\":2,\"name\":\"Guatemala : le pr\u00e9sident nouvellement \u00e9lu Bernardo Ar\u00e9valo en lutte pour la d\u00e9mocratie et l'\u00c9tat de droit\"}]},{\"@type\":\"WebSite\",\"@id\":\"https:\\\/\\\/roger-peltzer.com\\\/fr\\\/#website\",\"url\":\"https:\\\/\\\/roger-peltzer.com\\\/fr\\\/\",\"name\":\"Politique internationale\",\"description\":\"Roger Peltzer\",\"publisher\":{\"@id\":\"https:\\\/\\\/roger-peltzer.com\\\/fr\\\/#\\\/schema\\\/person\\\/6506ec1961bde1e8ad9521e95d6a8dac\"},\"potentialAction\":[{\"@type\":\"SearchAction\",\"target\":{\"@type\":\"EntryPoint\",\"urlTemplate\":\"https:\\\/\\\/roger-peltzer.com\\\/fr\\\/?s={search_term_string}\"},\"query-input\":{\"@type\":\"PropertyValueSpecification\",\"valueRequired\":true,\"valueName\":\"search_term_string\"}}],\"inLanguage\":\"fr-FR\"},{\"@type\":[\"Person\",\"Organization\"],\"@id\":\"https:\\\/\\\/roger-peltzer.com\\\/fr\\\/#\\\/schema\\\/person\\\/6506ec1961bde1e8ad9521e95d6a8dac\",\"name\":\"Roger Peltzer\",\"image\":{\"@type\":\"ImageObject\",\"inLanguage\":\"fr-FR\",\"@id\":\"https:\\\/\\\/roger-peltzer.com\\\/wp-content\\\/uploads\\\/2023\\\/09\\\/roger-peltzer-weltjugendtag-square.jpgd5bfa09cc9b6ba3f4dfe4bfbbc24c702\",\"url\":\"https:\\\/\\\/roger-peltzer.com\\\/wp-content\\\/uploads\\\/2023\\\/09\\\/roger-peltzer-weltjugendtag-square.jpg\",\"contentUrl\":\"https:\\\/\\\/roger-peltzer.com\\\/wp-content\\\/uploads\\\/2023\\\/09\\\/roger-peltzer-weltjugendtag-square.jpg\",\"caption\":\"Roger Peltzer\"},\"logo\":{\"@id\":\"https:\\\/\\\/roger-peltzer.com\\\/wp-content\\\/uploads\\\/2023\\\/09\\\/roger-peltzer-weltjugendtag-square.jpgd5bfa09cc9b6ba3f4dfe4bfbbc24c702\"},\"description\":\"[wpml-string context=\\\"pb-bioinfo\\\" name=\\\"info-1\\\"]70 Jahre alt, verheiratet, 3 Kinder und 4 Enkelkinder. Ich habe an der Universit\u00e4t M\u00fcnster Volkswirtschaft studiert und anschlie\u00dfend den postgraduierten Kurs am deutschen Institut f\u00fcr Entwicklungspolitik (heute IDOS) absolviert.[\\\/wpml-string]\",\"sameAs\":[\"https:\\\/\\\/roger-peltzer.com\\\/ueber-mich\\\/\"],\"url\":\"https:\\\/\\\/roger-peltzer.com\\\/fr\\\/author\\\/roger\\\/\"}]}<\/script>\n<!-- \/ Yoast SEO plugin. -->","yoast_head_json":{"title":"Guatemala : le pr\u00e9sident nouvellement \u00e9lu Bernardo Ar\u00e9valo en lutte pour la d\u00e9mocratie et l'\u00c9tat de droit - Politique internationale","description":"Blog de Roger Peltzer sur le d\u00e9veloppement et la politique \u00e9trang\u00e8re, sur les th\u00e8mes des \u00c9tats fragiles, des droits de l'homme et de l'Am\u00e9rique latine.","robots":{"index":"index","follow":"follow","max-snippet":"max-snippet:-1","max-image-preview":"max-image-preview:large","max-video-preview":"max-video-preview:-1"},"canonical":"https:\/\/roger-peltzer.com\/fr\/guatemala-le-president-nouvellement-elu-bernardo-arevalo-en-lutte-pour-la-democratie-et-letat-de-droit\/","og_locale":"fr_FR","og_type":"article","og_title":"Guatemala : le pr\u00e9sident nouvellement \u00e9lu Bernardo Ar\u00e9valo en lutte pour la d\u00e9mocratie et l'\u00c9tat de droit - Politique internationale","og_description":"Blog de Roger Peltzer sur le d\u00e9veloppement et la politique \u00e9trang\u00e8re, sur les th\u00e8mes des \u00c9tats fragiles, des droits de l'homme et de l'Am\u00e9rique latine.","og_url":"https:\/\/roger-peltzer.com\/fr\/guatemala-le-president-nouvellement-elu-bernardo-arevalo-en-lutte-pour-la-democratie-et-letat-de-droit\/","og_site_name":"Politique internationale","article_published_time":"2023-11-09T22:21:43+00:00","article_modified_time":"2024-06-15T16:01:37+00:00","og_image":[{"width":1365,"height":768,"url":"https:\/\/roger-peltzer.com\/wp-content\/uploads\/2023\/11\/bernardo_arevalo.jpg","type":"image\/jpeg"}],"author":"Albrecht Schwarzkopf","twitter_card":"summary_large_image","twitter_misc":{"\u00c9crit par":"Roger Peltzer","Dur\u00e9e de lecture estim\u00e9e":"13 minutes"},"schema":{"@context":"https:\/\/schema.org","@graph":[{"@type":"Article","@id":"https:\/\/roger-peltzer.com\/fr\/guatemala-le-president-nouvellement-elu-bernardo-arevalo-en-lutte-pour-la-democratie-et-letat-de-droit\/#article","isPartOf":{"@id":"https:\/\/roger-peltzer.com\/fr\/guatemala-le-president-nouvellement-elu-bernardo-arevalo-en-lutte-pour-la-democratie-et-letat-de-droit\/"},"author":{"name":"Roger Peltzer","@id":"https:\/\/roger-peltzer.com\/fr\/#\/schema\/person\/6506ec1961bde1e8ad9521e95d6a8dac"},"headline":"Guatemala : le pr\u00e9sident nouvellement \u00e9lu Bernardo Ar\u00e9valo en lutte pour la d\u00e9mocratie et l'\u00c9tat de droit","datePublished":"2023-11-09T22:21:43+00:00","dateModified":"2024-06-15T16:01:37+00:00","mainEntityOfPage":{"@id":"https:\/\/roger-peltzer.com\/fr\/guatemala-le-president-nouvellement-elu-bernardo-arevalo-en-lutte-pour-la-democratie-et-letat-de-droit\/"},"wordCount":2574,"commentCount":0,"publisher":{"@id":"https:\/\/roger-peltzer.com\/fr\/#\/schema\/person\/6506ec1961bde1e8ad9521e95d6a8dac"},"image":{"@id":"https:\/\/roger-peltzer.com\/fr\/guatemala-le-president-nouvellement-elu-bernardo-arevalo-en-lutte-pour-la-democratie-et-letat-de-droit\/#primaryimage"},"thumbnailUrl":"https:\/\/roger-peltzer.com\/wp-content\/uploads\/2023\/11\/bernardo_arevalo.jpg","articleSection":["Am\u00e9rique latine"],"inLanguage":"fr-FR","potentialAction":[{"@type":"CommentAction","name":"Comment","target":["https:\/\/roger-peltzer.com\/fr\/guatemala-le-president-nouvellement-elu-bernardo-arevalo-en-lutte-pour-la-democratie-et-letat-de-droit\/#respond"]}]},{"@type":"WebPage","@id":"https:\/\/roger-peltzer.com\/fr\/guatemala-le-president-nouvellement-elu-bernardo-arevalo-en-lutte-pour-la-democratie-et-letat-de-droit\/","url":"https:\/\/roger-peltzer.com\/fr\/guatemala-le-president-nouvellement-elu-bernardo-arevalo-en-lutte-pour-la-democratie-et-letat-de-droit\/","name":"Guatemala : le pr\u00e9sident nouvellement \u00e9lu Bernardo Ar\u00e9valo en lutte pour la d\u00e9mocratie et l'\u00c9tat de droit - Politique internationale","isPartOf":{"@id":"https:\/\/roger-peltzer.com\/fr\/#website"},"primaryImageOfPage":{"@id":"https:\/\/roger-peltzer.com\/fr\/guatemala-le-president-nouvellement-elu-bernardo-arevalo-en-lutte-pour-la-democratie-et-letat-de-droit\/#primaryimage"},"image":{"@id":"https:\/\/roger-peltzer.com\/fr\/guatemala-le-president-nouvellement-elu-bernardo-arevalo-en-lutte-pour-la-democratie-et-letat-de-droit\/#primaryimage"},"thumbnailUrl":"https:\/\/roger-peltzer.com\/wp-content\/uploads\/2023\/11\/bernardo_arevalo.jpg","datePublished":"2023-11-09T22:21:43+00:00","dateModified":"2024-06-15T16:01:37+00:00","description":"Blog de Roger Peltzer sur le d\u00e9veloppement et la politique \u00e9trang\u00e8re, sur les th\u00e8mes des \u00c9tats fragiles, des droits de l'homme et de l'Am\u00e9rique latine.","breadcrumb":{"@id":"https:\/\/roger-peltzer.com\/fr\/guatemala-le-president-nouvellement-elu-bernardo-arevalo-en-lutte-pour-la-democratie-et-letat-de-droit\/#breadcrumb"},"inLanguage":"fr-FR","potentialAction":[{"@type":"ReadAction","target":["https:\/\/roger-peltzer.com\/fr\/guatemala-le-president-nouvellement-elu-bernardo-arevalo-en-lutte-pour-la-democratie-et-letat-de-droit\/"]}]},{"@type":"ImageObject","inLanguage":"fr-FR","@id":"https:\/\/roger-peltzer.com\/fr\/guatemala-le-president-nouvellement-elu-bernardo-arevalo-en-lutte-pour-la-democratie-et-letat-de-droit\/#primaryimage","url":"https:\/\/roger-peltzer.com\/wp-content\/uploads\/2023\/11\/bernardo_arevalo.jpg","contentUrl":"https:\/\/roger-peltzer.com\/wp-content\/uploads\/2023\/11\/bernardo_arevalo.jpg","width":1365,"height":768},{"@type":"BreadcrumbList","@id":"https:\/\/roger-peltzer.com\/fr\/guatemala-le-president-nouvellement-elu-bernardo-arevalo-en-lutte-pour-la-democratie-et-letat-de-droit\/#breadcrumb","itemListElement":[{"@type":"ListItem","position":1,"name":"Accueil","item":"https:\/\/roger-peltzer.com\/fr\/"},{"@type":"ListItem","position":2,"name":"Guatemala : le pr\u00e9sident nouvellement \u00e9lu Bernardo Ar\u00e9valo en lutte pour la d\u00e9mocratie et l'\u00c9tat de droit"}]},{"@type":"WebSite","@id":"https:\/\/roger-peltzer.com\/fr\/#website","url":"https:\/\/roger-peltzer.com\/fr\/","name":"Politique internationale","description":"Roger Peltzer","publisher":{"@id":"https:\/\/roger-peltzer.com\/fr\/#\/schema\/person\/6506ec1961bde1e8ad9521e95d6a8dac"},"potentialAction":[{"@type":"SearchAction","target":{"@type":"EntryPoint","urlTemplate":"https:\/\/roger-peltzer.com\/fr\/?s={search_term_string}"},"query-input":{"@type":"PropertyValueSpecification","valueRequired":true,"valueName":"search_term_string"}}],"inLanguage":"fr-FR"},{"@type":["Person","Organization"],"@id":"https:\/\/roger-peltzer.com\/fr\/#\/schema\/person\/6506ec1961bde1e8ad9521e95d6a8dac","name":"Roger Peltzer","image":{"@type":"ImageObject","inLanguage":"fr-FR","@id":"https:\/\/roger-peltzer.com\/wp-content\/uploads\/2023\/09\/roger-peltzer-weltjugendtag-square.jpgd5bfa09cc9b6ba3f4dfe4bfbbc24c702","url":"https:\/\/roger-peltzer.com\/wp-content\/uploads\/2023\/09\/roger-peltzer-weltjugendtag-square.jpg","contentUrl":"https:\/\/roger-peltzer.com\/wp-content\/uploads\/2023\/09\/roger-peltzer-weltjugendtag-square.jpg","caption":"Roger Peltzer"},"logo":{"@id":"https:\/\/roger-peltzer.com\/wp-content\/uploads\/2023\/09\/roger-peltzer-weltjugendtag-square.jpgd5bfa09cc9b6ba3f4dfe4bfbbc24c702"},"description":"[wpml-string context=\"pb-bioinfo\" name=\"info-1\"]70 Jahre alt, verheiratet, 3 Kinder und 4 Enkelkinder. Ich habe an der Universit\u00e4t M\u00fcnster Volkswirtschaft studiert und anschlie\u00dfend den postgraduierten Kurs am deutschen Institut f\u00fcr Entwicklungspolitik (heute IDOS) absolviert.[\/wpml-string]","sameAs":["https:\/\/roger-peltzer.com\/ueber-mich\/"],"url":"https:\/\/roger-peltzer.com\/fr\/author\/roger\/"}]}},"authors":[{"term_id":31,"user_id":0,"is_guest":1,"slug":"albrecht-schwarzkopf","display_name":"Albrecht Schwarzkopf","avatar_url":{"url":"https:\/\/roger-peltzer.com\/wp-content\/uploads\/2023\/11\/albrecht-schwarzkopf.jpeg","url2x":"https:\/\/roger-peltzer.com\/wp-content\/uploads\/2023\/11\/albrecht-schwarzkopf.jpeg"},"0":null,"1":"","2":"","3":"","4":"","5":"","6":"","7":"","8":""}],"_links":{"self":[{"href":"https:\/\/roger-peltzer.com\/fr\/wp-json\/wp\/v2\/posts\/613","targetHints":{"allow":["GET"]}}],"collection":[{"href":"https:\/\/roger-peltzer.com\/fr\/wp-json\/wp\/v2\/posts"}],"about":[{"href":"https:\/\/roger-peltzer.com\/fr\/wp-json\/wp\/v2\/types\/post"}],"author":[{"embeddable":true,"href":"https:\/\/roger-peltzer.com\/fr\/wp-json\/wp\/v2\/users\/2"}],"replies":[{"embeddable":true,"href":"https:\/\/roger-peltzer.com\/fr\/wp-json\/wp\/v2\/comments?post=613"}],"version-history":[{"count":2,"href":"https:\/\/roger-peltzer.com\/fr\/wp-json\/wp\/v2\/posts\/613\/revisions"}],"predecessor-version":[{"id":617,"href":"https:\/\/roger-peltzer.com\/fr\/wp-json\/wp\/v2\/posts\/613\/revisions\/617"}],"wp:featuredmedia":[{"embeddable":true,"href":"https:\/\/roger-peltzer.com\/fr\/wp-json\/wp\/v2\/media\/516"}],"wp:attachment":[{"href":"https:\/\/roger-peltzer.com\/fr\/wp-json\/wp\/v2\/media?parent=613"}],"wp:term":[{"taxonomy":"category","embeddable":true,"href":"https:\/\/roger-peltzer.com\/fr\/wp-json\/wp\/v2\/categories?post=613"},{"taxonomy":"post_tag","embeddable":true,"href":"https:\/\/roger-peltzer.com\/fr\/wp-json\/wp\/v2\/tags?post=613"},{"taxonomy":"author","embeddable":true,"href":"https:\/\/roger-peltzer.com\/fr\/wp-json\/wp\/v2\/ppma_author?post=613"}],"curies":[{"name":"wp","href":"https:\/\/api.w.org\/{rel}","templated":true}]}}