{"id":611,"date":"2023-11-14T22:46:03","date_gmt":"2023-11-14T22:46:03","guid":{"rendered":"https:\/\/roger-peltzer.com\/methodes-peu-serieuses-du-reseau-de-recherche-correctiv-lors-de-la-couverture-des-activites-dinvestissement-de-la-deg\/"},"modified":"2024-06-15T16:01:39","modified_gmt":"2024-06-15T16:01:39","slug":"methodes-peu-serieuses-du-reseau-de-recherche-correctiv-lors-de-la-couverture-des-activites-dinvestissement-de-la-deg","status":"publish","type":"post","link":"https:\/\/roger-peltzer.com\/fr\/methodes-peu-serieuses-du-reseau-de-recherche-correctiv-lors-de-la-couverture-des-activites-dinvestissement-de-la-deg\/","title":{"rendered":"M\u00e9thodes peu s\u00e9rieuses du r\u00e9seau de recherche correctiv lors de la couverture des activit\u00e9s d'investissement de la DEG"},"content":{"rendered":"\n<p><strong>Une banque de d\u00e9veloppement comme la Deutsche Investitions- und Entwicklungsgesellschaft doit naturellement faire face \u00e0 la critique publique. Les journalistes d&rsquo;investigation s\u00e9rieux devraient toutefois fournir des informations justes et \u00e9quilibr\u00e9es. Or, l&rsquo;article de Gesa Steeger intitul\u00e9 \u00ab\u00a0D\u00e9forestation &#8211; DEG encourage la destruction de l&rsquo;environnement\u00a0\u00bb ne fait pr\u00e9cis\u00e9ment pas cela. Dans l&rsquo;article suivant, Roger Peltzer montre comment, sur la base d&rsquo;un seul acte r\u00e9pr\u00e9hensible possible d&rsquo;une entreprise financ\u00e9e par la DEG, la th\u00e8se abrupte selon laquelle la DEG finance principalement des projets douteux en termes de politique de d\u00e9veloppement est avanc\u00e9e pratiquement sans preuves.<\/strong><\/p>\n\n<p>R\u00e9cemment, le r\u00e9seau Recherche Collective a publi\u00e9, sous le titre \u00ab\u00a0D\u00e9forestation &#8211; La Deutsche Entwicklungsbank encourage la destruction de l&rsquo;environnement\u00a0\u00bb, un article particuli\u00e8rement tendancieux et truff\u00e9 d&rsquo;affirmations douteuses sur les activit\u00e9s d&rsquo;investissement de la DEG &#8211; Deutsche und Investitions- und Entwicklungsgesellschaft.<\/p>\n\n<p>En se basant sur des images satellites qui montreraient que 7000 hectares de for\u00eat de haute qualit\u00e9 auraient \u00e9t\u00e9 abattus dans la zone de concession de l&rsquo;entreprise Payco, l&rsquo;auteur conclut que la DEG finance syst\u00e9matiquement des projets douteux et scandaleux en termes de politique de d\u00e9veloppement, qui profiteraient entre autres \u00e0 des hommes d&rsquo;affaires corrompus. En outre, selon la citation d&rsquo;un expert en d\u00e9veloppement cit\u00e9e dans l&rsquo;article, personne ne sait ce que fait r\u00e9ellement la DEG et, par ailleurs, celle-ci subventionnerait les profits d&rsquo;entrepreneurs priv\u00e9s par le biais de ses financements.<\/p>\n\n<p>Un simple clic sur le site web du DEG devrait suffire \u00e0 d\u00e9montrer que l&rsquo;affirmation selon laquelle personne ne sait ce que fait le DEG est absurde. Tous les projets financ\u00e9s par la DEG y sont pr\u00e9cis\u00e9ment identifi\u00e9s. De plus, l&rsquo;auteur n&rsquo;ajoute aucune preuve \u00e0 l&rsquo;appui de l&rsquo;affirmation selon laquelle la DEG favorise les hommes d&rsquo;affaires corrompus. De m\u00eame, aucune preuve n&rsquo;est apport\u00e9e pour \u00e9tayer l&rsquo;affirmation selon laquelle la DEG \u00ab\u00a0subventionne\u00a0\u00bb des projets. La DEG finance toujours les projets aux conditions du march\u00e9. Pourtant, les affirmations de Gesa Steeger ont \u00e9t\u00e9 cit\u00e9es par Focus et Der Spiegel, entre autres.  <\/p>\n\n<p>Comment l&rsquo;argumentation de l&rsquo;article est-elle structur\u00e9e ? Le point de d\u00e9part est la photo satellite en question. Il sugg\u00e8re en effet que l&rsquo;entreprise Payco, dans laquelle la DEG d\u00e9tient une participation, a d\u00e9frich\u00e9 des for\u00eats dignes de protection en violation du contrat. Toutefois, l&rsquo;arrachage a manifestement eu lieu apr\u00e8s l&rsquo;entr\u00e9e de DEG dans le capital de cette entreprise. Si la d\u00e9forestation est confirm\u00e9e &#8211; ce qui fait l&rsquo;objet d&rsquo;une enqu\u00eate &#8211; Payco a agi en violation du contrat. Cela devrait en effet \u00eatre critiqu\u00e9 et doit \u00e9galement faire l&rsquo;objet d&rsquo;un d\u00e9bat public. Aujourd&rsquo;hui, la DEG investit dans des centaines d&rsquo;entreprises. Malgr\u00e9 tout le soin apport\u00e9, il n&rsquo;est pas exclu que certaines entreprises ne respectent pas leurs obligations contractuelles. En d\u00e9duire que la DEG investit syst\u00e9matiquement dans des projets douteux du point de vue de la politique de d\u00e9veloppement n&rsquo;est tout d&rsquo;abord pas tr\u00e8s s\u00e9rieux d&rsquo;un point de vue journalistique.<\/p>\n\n<p>Comment l&rsquo;auteur en arrive-t-il \u00e0 cette conclusion g\u00e9n\u00e9ralisante ? Tout d&rsquo;abord, elle critique \u00e9galement l&rsquo;investissement de la DEG dans le fonds ARBARO, qui finance des projets de bois et de r\u00e9cup\u00e9ration dans le monde entier. La Banque europ\u00e9enne d&rsquo;investissement participe d&rsquo;ailleurs \u00e0 ce fonds. La critique de Mme Steeger : ARBARO n&rsquo;aurait jusqu&rsquo;\u00e0 pr\u00e9sent pas atteint ses objectifs d&rsquo;investissement, viserait un rendement de 12% et aurait plant\u00e9 des eucalyptus sur des terres jusqu&rsquo;alors utilis\u00e9es comme p\u00e2turages au Paraguay, qui seraient en outre pulv\u00e9ris\u00e9es avec du glyphosate. Or, il est normal que les fonds aient besoin de temps, parfois plus que pr\u00e9vu, pour atteindre leurs objectifs d&rsquo;investissement. En outre, si les pr\u00eats aux pays en d\u00e9veloppement sont actuellement assortis d&rsquo;un taux d&rsquo;int\u00e9r\u00eat d&rsquo;environ &#8211; 9 %, il est tout \u00e0 fait normal que les investisseurs en fonds propres, qui assument un risque plus \u00e9lev\u00e9 que les pr\u00eateurs, s&rsquo;attendent \u00e0 ce que leur capital soit r\u00e9mun\u00e9r\u00e9 \u00e0 un taux sup\u00e9rieur \u00e0 celui des pr\u00eats. Il n&rsquo;y a rien de choquant \u00e0 cela. La culture d&rsquo;eucalyptus n&rsquo;est certainement pas le nec plus ultra de la sylviculture durable, mais ARBARO affirme que la biodiversit\u00e9 est plus importante sur les surfaces rebois\u00e9es que sur les p\u00e2turages utilis\u00e9s auparavant. Cela semble plausible. Et le glyphosate est toujours autoris\u00e9 dans l&rsquo;UE, bien que le d\u00e9partement Environnement de la DEG s&rsquo;efforce certainement, dans le cadre de n\u00e9gociations avec le fonds, de faire cesser son utilisation. Alors, o\u00f9 est le projet douteux en termes de d\u00e9veloppement ?<\/p>\n\n<p>Pour \u00e9tayer son affirmation selon laquelle la DEG soutient syst\u00e9matiquement des projets douteux en termes de politique de d\u00e9veloppement, l&rsquo;auteur cite ensuite une s\u00e9rie d&rsquo;autres financements de la DEG qui seraient controvers\u00e9s. Mais \u00e0 part le fait que certaines ONG ont critiqu\u00e9 ces projets, l&rsquo;auteur ne donne pas d&rsquo;autres preuves du probl\u00e8me suppos\u00e9 de ces projets.<\/p>\n\n<p>Aujourd&rsquo;hui, aucune \u00e9olienne ou ligne de chemin de fer ne serait construite ou agrandie en Allemagne si les protestations individuelles des citoyens servaient de r\u00e9f\u00e9rence pour d\u00e9terminer si ces projets sont judicieux ou non.<\/p>\n\n<p>Pour illustrer le manque de s\u00e9rieux de l&rsquo;auteur, citons le parc \u00e9olien de Lake Turkana au Kenya, que la DEG a cofinanc\u00e9 avec de nombreuses autres institutions de financement du d\u00e9veloppement sous l&rsquo;\u00e9gide de la Banque africaine de d\u00e9veloppement. L&rsquo;auteur qualifie \u00e9galement ce parc \u00e9olien de projet douteux. Le parc \u00e9olien de Lake Turkan, qui vient d&rsquo;\u00eatre achev\u00e9, contribue aujourd&rsquo;hui \u00e0 hauteur de 15% \u00e0 l&rsquo;approvisionnement total en \u00e9lectricit\u00e9 du Kenya. C&rsquo;est l&rsquo;une des raisons pour lesquelles le chancelier Scholz a pu constater, lors de sa visite au Kenya, que le pays est d\u00e9j\u00e0 pass\u00e9 \u00e0 pr\u00e8s de 100% aux \u00e9nergies renouvelables. Les centrales g\u00e9othermiques, \u00e9galement financ\u00e9es par la DEG et la KfW, y ont \u00e9galement contribu\u00e9. Le lac Turkana est \u00e9galement, et de loin, le plus grand parc \u00e9olien d&rsquo;Afrique subsaharienne financ\u00e9 par des fonds commerciaux (c&rsquo;est-\u00e0-dire sans budget). Sa r\u00e9alisation repr\u00e9sente sans aucun doute une \u00e9tape importante dans la lutte contre le changement climatique en Afrique.<\/p>\n\n<p>Ce projet fait l&rsquo;objet d&rsquo;une \u00e9tude d&rsquo;impact environnemental et social compl\u00e8te, facilement accessible sur Internet. Cette \u00e9tude a \u00e9t\u00e9 r\u00e9alis\u00e9e apr\u00e8s consultation de toutes les parties prenantes du projet. Le conseil de district comp\u00e9tent et d\u00e9mocratiquement \u00e9lu a approuv\u00e9 le projet sur cette base et a lou\u00e9 le terrain \u00e0 la soci\u00e9t\u00e9 de projet. L&rsquo;\u00e9tude indique notamment que la zone du projet est en grande partie d\u00e9serte et que des points d&rsquo;eau alternatifs ont \u00e9t\u00e9 mis en place pour les nomades qui y vivent pendant la construction. Un d\u00e9placement a eu lieu dans le cadre de la construction de la route d&rsquo;acc\u00e8s. Les habitants de ce village ont donc \u00e9t\u00e9 correctement indemnis\u00e9s. Cependant, certaines ONG continuent de critiquer le projet : Les compensations ne sont pas suffisantes, le projet a attir\u00e9 de nombreux \u00ab\u00a0\u00e9trangers\u00a0\u00bb dans la r\u00e9gion&#8230; Ces protestations isol\u00e9es justifient-elles l&rsquo;affirmation selon laquelle la DEG investit principalement dans des projets douteux en termes de politique de d\u00e9veloppement ?<\/p>\n\n<p>En r\u00e9sum\u00e9, dans le cas de l&rsquo;article de la DEG, le Collectif de recherche, si fier de ses capacit\u00e9s de recherche, parvient \u00e0 des conclusions qui sont loin d&rsquo;\u00eatre tenables apr\u00e8s une recherche approfondie. Dans le cas de l&rsquo;article sur le DEG, il n&rsquo;y a manifestement pas eu de recherche approfondie, et des magazines comme Focus et Spiegel, qui disposent pourtant de leurs propres services de recherche, ont reproduit cet article sans le v\u00e9rifier. L&rsquo;affaire Relotius vous salue.<\/p>\n\n<p>Bien entendu, les banques de d\u00e9veloppement telles que la DEG doivent \u00e9galement faire face au d\u00e9bat public et aux critiques. On peut aussi d\u00e9battre de mani\u00e8re controvers\u00e9e de ce qui est utile ou non en termes de politique de d\u00e9veloppement. Mais tous ceux qui investissent dans des pays difficiles en prenant des risques \u00e9lev\u00e9s ont droit \u00e0 une recherche juste et \u00e9quilibr\u00e9e. Si tout comportement fautif partiel est directement scandalis\u00e9 et g\u00e9n\u00e9ralis\u00e9 en tant que pratique commerciale dominante, cela ne fait que conduire \u00e0 ce que, dans un environnement o\u00f9 de plus en plus de d\u00e9cideurs craignent de prendre des risques, ils finissent par renoncer \u00e0 investir, par exemple en Afrique. Est-ce l\u00e0 l&rsquo;objectif de la recherche critique ?<\/p>\n\n<p>Le r\u00e9seau Korrektiv Recherche-Netzwerk, qui r\u00e9clame la transparence avec tant de v\u00e9h\u00e9mence, n&rsquo;a d&rsquo;ailleurs toujours pas publi\u00e9 mon commentaire sur l&rsquo;article.<\/p>\n","protected":false},"excerpt":{"rendered":"<p>Une banque de d\u00e9veloppement comme la Deutsche Investitions- und Entwicklungsgesellschaft doit naturellement faire face \u00e0 la critique publique. Les journalistes d&rsquo;investigation s\u00e9rieux devraient toutefois fournir des informations justes et \u00e9quilibr\u00e9es. Or, l&rsquo;article de Gesa Steeger intitul\u00e9 \u00ab\u00a0D\u00e9forestation &#8211; DEG encourage la destruction de l&rsquo;environnement\u00a0\u00bb ne fait pr\u00e9cis\u00e9ment pas cela. Dans l&rsquo;article suivant, Roger Peltzer montre comment, sur la base d&rsquo;un seul acte r\u00e9pr\u00e9hensible possible d&rsquo;une entreprise financ\u00e9e par la DEG, la th\u00e8se abrupte selon laquelle la DEG finance principalement des projets douteux en termes de politique de d\u00e9veloppement est avanc\u00e9e pratiquement sans preuves.<\/p>\n","protected":false},"author":2,"featured_media":522,"comment_status":"open","ping_status":"open","sticky":false,"template":"","format":"standard","meta":{"footnotes":""},"categories":[63],"tags":[],"ppma_author":[26],"class_list":["post-611","post","type-post","status-publish","format-standard","has-post-thumbnail","hentry","category-amerique-latine"],"yoast_head":"<!-- This site is optimized with the Yoast SEO plugin v27.5 - https:\/\/yoast.com\/product\/yoast-seo-wordpress\/ -->\n<title>M\u00e9thodes peu s\u00e9rieuses du r\u00e9seau de recherche correctiv lors de la couverture des activit\u00e9s d&#039;investissement de la DEG - Politique internationale<\/title>\n<meta name=\"description\" content=\"Blog de Roger Peltzer sur le d\u00e9veloppement et la politique \u00e9trang\u00e8re, sur les th\u00e8mes des \u00c9tats fragiles, des droits de l&#039;homme et de l&#039;Am\u00e9rique latine.\" \/>\n<meta name=\"robots\" content=\"index, follow, max-snippet:-1, max-image-preview:large, max-video-preview:-1\" \/>\n<link rel=\"canonical\" href=\"https:\/\/roger-peltzer.com\/fr\/methodes-peu-serieuses-du-reseau-de-recherche-correctiv-lors-de-la-couverture-des-activites-dinvestissement-de-la-deg\/\" \/>\n<meta property=\"og:locale\" content=\"fr_FR\" \/>\n<meta property=\"og:type\" content=\"article\" \/>\n<meta property=\"og:title\" content=\"M\u00e9thodes peu s\u00e9rieuses du r\u00e9seau de recherche correctiv lors de la couverture des activit\u00e9s d&#039;investissement de la DEG - Politique internationale\" \/>\n<meta property=\"og:description\" content=\"Blog de Roger Peltzer sur le d\u00e9veloppement et la politique \u00e9trang\u00e8re, sur les th\u00e8mes des \u00c9tats fragiles, des droits de l&#039;homme et de l&#039;Am\u00e9rique latine.\" \/>\n<meta property=\"og:url\" content=\"https:\/\/roger-peltzer.com\/fr\/methodes-peu-serieuses-du-reseau-de-recherche-correctiv-lors-de-la-couverture-des-activites-dinvestissement-de-la-deg\/\" \/>\n<meta property=\"og:site_name\" content=\"Politique internationale\" \/>\n<meta property=\"article:published_time\" content=\"2023-11-14T22:46:03+00:00\" \/>\n<meta property=\"article:modified_time\" content=\"2024-06-15T16:01:39+00:00\" \/>\n<meta property=\"og:image\" content=\"https:\/\/roger-peltzer.com\/wp-content\/uploads\/2023\/11\/windmuehle.jpg\" \/>\n\t<meta property=\"og:image:width\" content=\"1920\" \/>\n\t<meta property=\"og:image:height\" content=\"1280\" \/>\n\t<meta property=\"og:image:type\" content=\"image\/jpeg\" \/>\n<meta name=\"author\" content=\"Roger Peltzer\" \/>\n<meta name=\"twitter:card\" content=\"summary_large_image\" \/>\n<meta name=\"twitter:label1\" content=\"\u00c9crit par\" \/>\n\t<meta name=\"twitter:data1\" content=\"Roger Peltzer\" \/>\n\t<meta name=\"twitter:label2\" content=\"Dur\u00e9e de lecture estim\u00e9e\" \/>\n\t<meta name=\"twitter:data2\" content=\"7 minutes\" \/>\n<script type=\"application\/ld+json\" class=\"yoast-schema-graph\">{\"@context\":\"https:\\\/\\\/schema.org\",\"@graph\":[{\"@type\":\"Article\",\"@id\":\"https:\\\/\\\/roger-peltzer.com\\\/fr\\\/methodes-peu-serieuses-du-reseau-de-recherche-correctiv-lors-de-la-couverture-des-activites-dinvestissement-de-la-deg\\\/#article\",\"isPartOf\":{\"@id\":\"https:\\\/\\\/roger-peltzer.com\\\/fr\\\/methodes-peu-serieuses-du-reseau-de-recherche-correctiv-lors-de-la-couverture-des-activites-dinvestissement-de-la-deg\\\/\"},\"author\":{\"name\":\"Roger Peltzer\",\"@id\":\"https:\\\/\\\/roger-peltzer.com\\\/fr\\\/#\\\/schema\\\/person\\\/6506ec1961bde1e8ad9521e95d6a8dac\"},\"headline\":\"M\u00e9thodes peu s\u00e9rieuses du r\u00e9seau de recherche correctiv lors de la couverture des activit\u00e9s d'investissement de la DEG\",\"datePublished\":\"2023-11-14T22:46:03+00:00\",\"dateModified\":\"2024-06-15T16:01:39+00:00\",\"mainEntityOfPage\":{\"@id\":\"https:\\\/\\\/roger-peltzer.com\\\/fr\\\/methodes-peu-serieuses-du-reseau-de-recherche-correctiv-lors-de-la-couverture-des-activites-dinvestissement-de-la-deg\\\/\"},\"wordCount\":1465,\"commentCount\":0,\"publisher\":{\"@id\":\"https:\\\/\\\/roger-peltzer.com\\\/fr\\\/#\\\/schema\\\/person\\\/6506ec1961bde1e8ad9521e95d6a8dac\"},\"image\":{\"@id\":\"https:\\\/\\\/roger-peltzer.com\\\/fr\\\/methodes-peu-serieuses-du-reseau-de-recherche-correctiv-lors-de-la-couverture-des-activites-dinvestissement-de-la-deg\\\/#primaryimage\"},\"thumbnailUrl\":\"https:\\\/\\\/roger-peltzer.com\\\/wp-content\\\/uploads\\\/2023\\\/11\\\/windmuehle.jpg\",\"articleSection\":[\"Am\u00e9rique latine\"],\"inLanguage\":\"fr-FR\",\"potentialAction\":[{\"@type\":\"CommentAction\",\"name\":\"Comment\",\"target\":[\"https:\\\/\\\/roger-peltzer.com\\\/fr\\\/methodes-peu-serieuses-du-reseau-de-recherche-correctiv-lors-de-la-couverture-des-activites-dinvestissement-de-la-deg\\\/#respond\"]}]},{\"@type\":\"WebPage\",\"@id\":\"https:\\\/\\\/roger-peltzer.com\\\/fr\\\/methodes-peu-serieuses-du-reseau-de-recherche-correctiv-lors-de-la-couverture-des-activites-dinvestissement-de-la-deg\\\/\",\"url\":\"https:\\\/\\\/roger-peltzer.com\\\/fr\\\/methodes-peu-serieuses-du-reseau-de-recherche-correctiv-lors-de-la-couverture-des-activites-dinvestissement-de-la-deg\\\/\",\"name\":\"M\u00e9thodes peu s\u00e9rieuses du r\u00e9seau de recherche correctiv lors de la couverture des activit\u00e9s d'investissement de la DEG - Politique internationale\",\"isPartOf\":{\"@id\":\"https:\\\/\\\/roger-peltzer.com\\\/fr\\\/#website\"},\"primaryImageOfPage\":{\"@id\":\"https:\\\/\\\/roger-peltzer.com\\\/fr\\\/methodes-peu-serieuses-du-reseau-de-recherche-correctiv-lors-de-la-couverture-des-activites-dinvestissement-de-la-deg\\\/#primaryimage\"},\"image\":{\"@id\":\"https:\\\/\\\/roger-peltzer.com\\\/fr\\\/methodes-peu-serieuses-du-reseau-de-recherche-correctiv-lors-de-la-couverture-des-activites-dinvestissement-de-la-deg\\\/#primaryimage\"},\"thumbnailUrl\":\"https:\\\/\\\/roger-peltzer.com\\\/wp-content\\\/uploads\\\/2023\\\/11\\\/windmuehle.jpg\",\"datePublished\":\"2023-11-14T22:46:03+00:00\",\"dateModified\":\"2024-06-15T16:01:39+00:00\",\"description\":\"Blog de Roger Peltzer sur le d\u00e9veloppement et la politique \u00e9trang\u00e8re, sur les th\u00e8mes des \u00c9tats fragiles, des droits de l'homme et de l'Am\u00e9rique latine.\",\"breadcrumb\":{\"@id\":\"https:\\\/\\\/roger-peltzer.com\\\/fr\\\/methodes-peu-serieuses-du-reseau-de-recherche-correctiv-lors-de-la-couverture-des-activites-dinvestissement-de-la-deg\\\/#breadcrumb\"},\"inLanguage\":\"fr-FR\",\"potentialAction\":[{\"@type\":\"ReadAction\",\"target\":[\"https:\\\/\\\/roger-peltzer.com\\\/fr\\\/methodes-peu-serieuses-du-reseau-de-recherche-correctiv-lors-de-la-couverture-des-activites-dinvestissement-de-la-deg\\\/\"]}]},{\"@type\":\"ImageObject\",\"inLanguage\":\"fr-FR\",\"@id\":\"https:\\\/\\\/roger-peltzer.com\\\/fr\\\/methodes-peu-serieuses-du-reseau-de-recherche-correctiv-lors-de-la-couverture-des-activites-dinvestissement-de-la-deg\\\/#primaryimage\",\"url\":\"https:\\\/\\\/roger-peltzer.com\\\/wp-content\\\/uploads\\\/2023\\\/11\\\/windmuehle.jpg\",\"contentUrl\":\"https:\\\/\\\/roger-peltzer.com\\\/wp-content\\\/uploads\\\/2023\\\/11\\\/windmuehle.jpg\",\"width\":1920,\"height\":1280},{\"@type\":\"BreadcrumbList\",\"@id\":\"https:\\\/\\\/roger-peltzer.com\\\/fr\\\/methodes-peu-serieuses-du-reseau-de-recherche-correctiv-lors-de-la-couverture-des-activites-dinvestissement-de-la-deg\\\/#breadcrumb\",\"itemListElement\":[{\"@type\":\"ListItem\",\"position\":1,\"name\":\"Accueil\",\"item\":\"https:\\\/\\\/roger-peltzer.com\\\/fr\\\/\"},{\"@type\":\"ListItem\",\"position\":2,\"name\":\"M\u00e9thodes peu s\u00e9rieuses du r\u00e9seau de recherche correctiv lors de la couverture des activit\u00e9s d'investissement de la DEG\"}]},{\"@type\":\"WebSite\",\"@id\":\"https:\\\/\\\/roger-peltzer.com\\\/fr\\\/#website\",\"url\":\"https:\\\/\\\/roger-peltzer.com\\\/fr\\\/\",\"name\":\"Politique internationale\",\"description\":\"Roger Peltzer\",\"publisher\":{\"@id\":\"https:\\\/\\\/roger-peltzer.com\\\/fr\\\/#\\\/schema\\\/person\\\/6506ec1961bde1e8ad9521e95d6a8dac\"},\"potentialAction\":[{\"@type\":\"SearchAction\",\"target\":{\"@type\":\"EntryPoint\",\"urlTemplate\":\"https:\\\/\\\/roger-peltzer.com\\\/fr\\\/?s={search_term_string}\"},\"query-input\":{\"@type\":\"PropertyValueSpecification\",\"valueRequired\":true,\"valueName\":\"search_term_string\"}}],\"inLanguage\":\"fr-FR\"},{\"@type\":[\"Person\",\"Organization\"],\"@id\":\"https:\\\/\\\/roger-peltzer.com\\\/fr\\\/#\\\/schema\\\/person\\\/6506ec1961bde1e8ad9521e95d6a8dac\",\"name\":\"Roger Peltzer\",\"image\":{\"@type\":\"ImageObject\",\"inLanguage\":\"fr-FR\",\"@id\":\"https:\\\/\\\/roger-peltzer.com\\\/wp-content\\\/uploads\\\/2023\\\/09\\\/roger-peltzer-weltjugendtag-square.jpgd5bfa09cc9b6ba3f4dfe4bfbbc24c702\",\"url\":\"https:\\\/\\\/roger-peltzer.com\\\/wp-content\\\/uploads\\\/2023\\\/09\\\/roger-peltzer-weltjugendtag-square.jpg\",\"contentUrl\":\"https:\\\/\\\/roger-peltzer.com\\\/wp-content\\\/uploads\\\/2023\\\/09\\\/roger-peltzer-weltjugendtag-square.jpg\",\"caption\":\"Roger Peltzer\"},\"logo\":{\"@id\":\"https:\\\/\\\/roger-peltzer.com\\\/wp-content\\\/uploads\\\/2023\\\/09\\\/roger-peltzer-weltjugendtag-square.jpgd5bfa09cc9b6ba3f4dfe4bfbbc24c702\"},\"description\":\"[wpml-string context=\\\"pb-bioinfo\\\" name=\\\"info-1\\\"]70 Jahre alt, verheiratet, 3 Kinder und 4 Enkelkinder. Ich habe an der Universit\u00e4t M\u00fcnster Volkswirtschaft studiert und anschlie\u00dfend den postgraduierten Kurs am deutschen Institut f\u00fcr Entwicklungspolitik (heute IDOS) absolviert.[\\\/wpml-string]\",\"sameAs\":[\"https:\\\/\\\/roger-peltzer.com\\\/ueber-mich\\\/\"],\"url\":\"https:\\\/\\\/roger-peltzer.com\\\/fr\\\/author\\\/roger\\\/\"}]}<\/script>\n<!-- \/ Yoast SEO plugin. -->","yoast_head_json":{"title":"M\u00e9thodes peu s\u00e9rieuses du r\u00e9seau de recherche correctiv lors de la couverture des activit\u00e9s d'investissement de la DEG - Politique internationale","description":"Blog de Roger Peltzer sur le d\u00e9veloppement et la politique \u00e9trang\u00e8re, sur les th\u00e8mes des \u00c9tats fragiles, des droits de l'homme et de l'Am\u00e9rique latine.","robots":{"index":"index","follow":"follow","max-snippet":"max-snippet:-1","max-image-preview":"max-image-preview:large","max-video-preview":"max-video-preview:-1"},"canonical":"https:\/\/roger-peltzer.com\/fr\/methodes-peu-serieuses-du-reseau-de-recherche-correctiv-lors-de-la-couverture-des-activites-dinvestissement-de-la-deg\/","og_locale":"fr_FR","og_type":"article","og_title":"M\u00e9thodes peu s\u00e9rieuses du r\u00e9seau de recherche correctiv lors de la couverture des activit\u00e9s d'investissement de la DEG - Politique internationale","og_description":"Blog de Roger Peltzer sur le d\u00e9veloppement et la politique \u00e9trang\u00e8re, sur les th\u00e8mes des \u00c9tats fragiles, des droits de l'homme et de l'Am\u00e9rique latine.","og_url":"https:\/\/roger-peltzer.com\/fr\/methodes-peu-serieuses-du-reseau-de-recherche-correctiv-lors-de-la-couverture-des-activites-dinvestissement-de-la-deg\/","og_site_name":"Politique internationale","article_published_time":"2023-11-14T22:46:03+00:00","article_modified_time":"2024-06-15T16:01:39+00:00","og_image":[{"width":1920,"height":1280,"url":"https:\/\/roger-peltzer.com\/wp-content\/uploads\/2023\/11\/windmuehle.jpg","type":"image\/jpeg"}],"author":"Roger Peltzer","twitter_card":"summary_large_image","twitter_misc":{"\u00c9crit par":"Roger Peltzer","Dur\u00e9e de lecture estim\u00e9e":"7 minutes"},"schema":{"@context":"https:\/\/schema.org","@graph":[{"@type":"Article","@id":"https:\/\/roger-peltzer.com\/fr\/methodes-peu-serieuses-du-reseau-de-recherche-correctiv-lors-de-la-couverture-des-activites-dinvestissement-de-la-deg\/#article","isPartOf":{"@id":"https:\/\/roger-peltzer.com\/fr\/methodes-peu-serieuses-du-reseau-de-recherche-correctiv-lors-de-la-couverture-des-activites-dinvestissement-de-la-deg\/"},"author":{"name":"Roger Peltzer","@id":"https:\/\/roger-peltzer.com\/fr\/#\/schema\/person\/6506ec1961bde1e8ad9521e95d6a8dac"},"headline":"M\u00e9thodes peu s\u00e9rieuses du r\u00e9seau de recherche correctiv lors de la couverture des activit\u00e9s d'investissement de la DEG","datePublished":"2023-11-14T22:46:03+00:00","dateModified":"2024-06-15T16:01:39+00:00","mainEntityOfPage":{"@id":"https:\/\/roger-peltzer.com\/fr\/methodes-peu-serieuses-du-reseau-de-recherche-correctiv-lors-de-la-couverture-des-activites-dinvestissement-de-la-deg\/"},"wordCount":1465,"commentCount":0,"publisher":{"@id":"https:\/\/roger-peltzer.com\/fr\/#\/schema\/person\/6506ec1961bde1e8ad9521e95d6a8dac"},"image":{"@id":"https:\/\/roger-peltzer.com\/fr\/methodes-peu-serieuses-du-reseau-de-recherche-correctiv-lors-de-la-couverture-des-activites-dinvestissement-de-la-deg\/#primaryimage"},"thumbnailUrl":"https:\/\/roger-peltzer.com\/wp-content\/uploads\/2023\/11\/windmuehle.jpg","articleSection":["Am\u00e9rique latine"],"inLanguage":"fr-FR","potentialAction":[{"@type":"CommentAction","name":"Comment","target":["https:\/\/roger-peltzer.com\/fr\/methodes-peu-serieuses-du-reseau-de-recherche-correctiv-lors-de-la-couverture-des-activites-dinvestissement-de-la-deg\/#respond"]}]},{"@type":"WebPage","@id":"https:\/\/roger-peltzer.com\/fr\/methodes-peu-serieuses-du-reseau-de-recherche-correctiv-lors-de-la-couverture-des-activites-dinvestissement-de-la-deg\/","url":"https:\/\/roger-peltzer.com\/fr\/methodes-peu-serieuses-du-reseau-de-recherche-correctiv-lors-de-la-couverture-des-activites-dinvestissement-de-la-deg\/","name":"M\u00e9thodes peu s\u00e9rieuses du r\u00e9seau de recherche correctiv lors de la couverture des activit\u00e9s d'investissement de la DEG - Politique internationale","isPartOf":{"@id":"https:\/\/roger-peltzer.com\/fr\/#website"},"primaryImageOfPage":{"@id":"https:\/\/roger-peltzer.com\/fr\/methodes-peu-serieuses-du-reseau-de-recherche-correctiv-lors-de-la-couverture-des-activites-dinvestissement-de-la-deg\/#primaryimage"},"image":{"@id":"https:\/\/roger-peltzer.com\/fr\/methodes-peu-serieuses-du-reseau-de-recherche-correctiv-lors-de-la-couverture-des-activites-dinvestissement-de-la-deg\/#primaryimage"},"thumbnailUrl":"https:\/\/roger-peltzer.com\/wp-content\/uploads\/2023\/11\/windmuehle.jpg","datePublished":"2023-11-14T22:46:03+00:00","dateModified":"2024-06-15T16:01:39+00:00","description":"Blog de Roger Peltzer sur le d\u00e9veloppement et la politique \u00e9trang\u00e8re, sur les th\u00e8mes des \u00c9tats fragiles, des droits de l'homme et de l'Am\u00e9rique latine.","breadcrumb":{"@id":"https:\/\/roger-peltzer.com\/fr\/methodes-peu-serieuses-du-reseau-de-recherche-correctiv-lors-de-la-couverture-des-activites-dinvestissement-de-la-deg\/#breadcrumb"},"inLanguage":"fr-FR","potentialAction":[{"@type":"ReadAction","target":["https:\/\/roger-peltzer.com\/fr\/methodes-peu-serieuses-du-reseau-de-recherche-correctiv-lors-de-la-couverture-des-activites-dinvestissement-de-la-deg\/"]}]},{"@type":"ImageObject","inLanguage":"fr-FR","@id":"https:\/\/roger-peltzer.com\/fr\/methodes-peu-serieuses-du-reseau-de-recherche-correctiv-lors-de-la-couverture-des-activites-dinvestissement-de-la-deg\/#primaryimage","url":"https:\/\/roger-peltzer.com\/wp-content\/uploads\/2023\/11\/windmuehle.jpg","contentUrl":"https:\/\/roger-peltzer.com\/wp-content\/uploads\/2023\/11\/windmuehle.jpg","width":1920,"height":1280},{"@type":"BreadcrumbList","@id":"https:\/\/roger-peltzer.com\/fr\/methodes-peu-serieuses-du-reseau-de-recherche-correctiv-lors-de-la-couverture-des-activites-dinvestissement-de-la-deg\/#breadcrumb","itemListElement":[{"@type":"ListItem","position":1,"name":"Accueil","item":"https:\/\/roger-peltzer.com\/fr\/"},{"@type":"ListItem","position":2,"name":"M\u00e9thodes peu s\u00e9rieuses du r\u00e9seau de recherche correctiv lors de la couverture des activit\u00e9s d'investissement de la DEG"}]},{"@type":"WebSite","@id":"https:\/\/roger-peltzer.com\/fr\/#website","url":"https:\/\/roger-peltzer.com\/fr\/","name":"Politique internationale","description":"Roger Peltzer","publisher":{"@id":"https:\/\/roger-peltzer.com\/fr\/#\/schema\/person\/6506ec1961bde1e8ad9521e95d6a8dac"},"potentialAction":[{"@type":"SearchAction","target":{"@type":"EntryPoint","urlTemplate":"https:\/\/roger-peltzer.com\/fr\/?s={search_term_string}"},"query-input":{"@type":"PropertyValueSpecification","valueRequired":true,"valueName":"search_term_string"}}],"inLanguage":"fr-FR"},{"@type":["Person","Organization"],"@id":"https:\/\/roger-peltzer.com\/fr\/#\/schema\/person\/6506ec1961bde1e8ad9521e95d6a8dac","name":"Roger Peltzer","image":{"@type":"ImageObject","inLanguage":"fr-FR","@id":"https:\/\/roger-peltzer.com\/wp-content\/uploads\/2023\/09\/roger-peltzer-weltjugendtag-square.jpgd5bfa09cc9b6ba3f4dfe4bfbbc24c702","url":"https:\/\/roger-peltzer.com\/wp-content\/uploads\/2023\/09\/roger-peltzer-weltjugendtag-square.jpg","contentUrl":"https:\/\/roger-peltzer.com\/wp-content\/uploads\/2023\/09\/roger-peltzer-weltjugendtag-square.jpg","caption":"Roger Peltzer"},"logo":{"@id":"https:\/\/roger-peltzer.com\/wp-content\/uploads\/2023\/09\/roger-peltzer-weltjugendtag-square.jpgd5bfa09cc9b6ba3f4dfe4bfbbc24c702"},"description":"[wpml-string context=\"pb-bioinfo\" name=\"info-1\"]70 Jahre alt, verheiratet, 3 Kinder und 4 Enkelkinder. Ich habe an der Universit\u00e4t M\u00fcnster Volkswirtschaft studiert und anschlie\u00dfend den postgraduierten Kurs am deutschen Institut f\u00fcr Entwicklungspolitik (heute IDOS) absolviert.[\/wpml-string]","sameAs":["https:\/\/roger-peltzer.com\/ueber-mich\/"],"url":"https:\/\/roger-peltzer.com\/fr\/author\/roger\/"}]}},"authors":[{"term_id":26,"user_id":2,"is_guest":0,"slug":"roger","display_name":"Roger Peltzer","avatar_url":{"url":"https:\/\/roger-peltzer.com\/wp-content\/uploads\/2023\/09\/roger-peltzer-weltjugendtag-square.jpg","url2x":"https:\/\/roger-peltzer.com\/wp-content\/uploads\/2023\/09\/roger-peltzer-weltjugendtag-square.jpg"},"0":null,"1":"","2":"","3":"","4":"","5":"","6":"","7":"","8":""}],"_links":{"self":[{"href":"https:\/\/roger-peltzer.com\/fr\/wp-json\/wp\/v2\/posts\/611","targetHints":{"allow":["GET"]}}],"collection":[{"href":"https:\/\/roger-peltzer.com\/fr\/wp-json\/wp\/v2\/posts"}],"about":[{"href":"https:\/\/roger-peltzer.com\/fr\/wp-json\/wp\/v2\/types\/post"}],"author":[{"embeddable":true,"href":"https:\/\/roger-peltzer.com\/fr\/wp-json\/wp\/v2\/users\/2"}],"replies":[{"embeddable":true,"href":"https:\/\/roger-peltzer.com\/fr\/wp-json\/wp\/v2\/comments?post=611"}],"version-history":[{"count":2,"href":"https:\/\/roger-peltzer.com\/fr\/wp-json\/wp\/v2\/posts\/611\/revisions"}],"predecessor-version":[{"id":615,"href":"https:\/\/roger-peltzer.com\/fr\/wp-json\/wp\/v2\/posts\/611\/revisions\/615"}],"wp:featuredmedia":[{"embeddable":true,"href":"https:\/\/roger-peltzer.com\/fr\/wp-json\/wp\/v2\/media\/522"}],"wp:attachment":[{"href":"https:\/\/roger-peltzer.com\/fr\/wp-json\/wp\/v2\/media?parent=611"}],"wp:term":[{"taxonomy":"category","embeddable":true,"href":"https:\/\/roger-peltzer.com\/fr\/wp-json\/wp\/v2\/categories?post=611"},{"taxonomy":"post_tag","embeddable":true,"href":"https:\/\/roger-peltzer.com\/fr\/wp-json\/wp\/v2\/tags?post=611"},{"taxonomy":"author","embeddable":true,"href":"https:\/\/roger-peltzer.com\/fr\/wp-json\/wp\/v2\/ppma_author?post=611"}],"curies":[{"name":"wp","href":"https:\/\/api.w.org\/{rel}","templated":true}]}}