{"id":599,"date":"2023-11-09T22:04:34","date_gmt":"2023-11-09T22:04:34","guid":{"rendered":"https:\/\/roger-peltzer.com\/la-contribution-du-coton-a-la-stabilisation-dune-region\/"},"modified":"2024-06-15T16:01:37","modified_gmt":"2024-06-15T16:01:37","slug":"la-contribution-du-coton-a-la-stabilisation-dune-region","status":"publish","type":"post","link":"https:\/\/roger-peltzer.com\/fr\/la-contribution-du-coton-a-la-stabilisation-dune-region\/","title":{"rendered":"La contribution du coton \u00e0 la stabilisation d'une r\u00e9gion"},"content":{"rendered":"\n<p><strong>Une grande partie de la production de coton en Afrique est assur\u00e9e par les petits agriculteurs du Sahel. Cette r\u00e9gion se caract\u00e9rise par une grande instabilit\u00e9 politique et, en partie, par la p\u00e9n\u00e9tration de forces islamistes. L&rsquo;interview suivante d&rsquo;un cadre sup\u00e9rieur de la soci\u00e9t\u00e9 cotonni\u00e8re camerounaise Sodecoton, qui souhaite rester anonyme, montre clairement l&rsquo;\u00e9norme contribution de la production de coton \u00e0 la stabilisation des soci\u00e9t\u00e9s du Sahel mais aussi \u00e0 l&rsquo;approvisionnement alimentaire de la population.<\/strong><\/p>\n\n<h2 class=\"wp-block-heading\"><strong>Entretien avec NN, cadre sup\u00e9rieur de la Sodocoton<\/strong><\/h2>\n\n<p><\/p>\n\n<h4 class=\"wp-block-heading\"><strong>R\u00f4le de la soci\u00e9t\u00e9 cotonni\u00e8re Sodecoton dans le nord du Cameroun<\/strong><\/h4>\n\n<p><strong>Question :<\/strong> 4,9 millions de personnes vivent dans les trois d\u00e9partements du nord du Cameroun. Cela repr\u00e9sente 18% de la population du Cameroun. Ces trois d\u00e9partements, et en particulier l&rsquo;Extr\u00eame-Nord, sont les zones o\u00f9 la pauvret\u00e9 est la plus r\u00e9pandue au Cameroun. 46% des pauvres du Cameroun vivent dans le nord. Quel est le r\u00f4le de la Sodecoton dans le nord du Cameroun.<\/p>\n\n<p><strong>R\u00e9ponse :<\/strong> La Sodecoton a 200.000 cultivateurs de coton sous contrat. Avec environ 7 membres de leur famille, cela repr\u00e9sente 1,4 million de personnes qui vivent, entre autres, directement du coton. Cela repr\u00e9sente pr\u00e8s de 30 % de la population du nord du Cameroun. La Sodecoton fournit \u00e0 ces agriculteurs des semences, des engrais et des produits agrochimiques \u00e0 cr\u00e9dit. Lors de la r\u00e9colte du coton, le montant du cr\u00e9dit emprunt\u00e9 est alors retenu sur le produit de la vente des agriculteurs. La Sodecoton est donc de facto la plus grande institution de microfinance du Cameroun et verse en moyenne 84 millions d&rsquo;euros nets par saison aux agriculteurs pour le coton. Les agriculteurs sous contrat avec la Sodecoton b\u00e9n\u00e9ficient \u00e9galement de conseils agricoles d\u00e9taill\u00e9s de la part de la Sodecoton. Pour ce faire, la Sodecoton emploie au total 250 conseillers agricoles. La Sodecoton produit actuellement (2022) 350.000 tonnes de coton graine et 22 millions de litres d&rsquo;huile de coton, un aliment de base essentiel. La Sodecoton contribue ainsi \u00e0 hauteur de 14% au produit national brut agricole et de 6% aux recettes d&rsquo;exportation du Cameroun.<\/p>\n\n<p><strong>Question :<\/strong> La Sodecoton est principalement une soci\u00e9t\u00e9 para\u00e9tatique. 80 % des parts sont d\u00e9tenues par l&rsquo;\u00c9tat du Cameroun, 20 % par la Conf\u00e9d\u00e9ration nationale des producteurs de coton (CNPC). En tant qu&rsquo;entreprise publique, Sodecoton a un mandat qui va au-del\u00e0 de la promotion de la culture du coton. Quelles sont les autres fonctions de la Sodecoton.<\/p>\n\n<p><strong>R\u00e9ponse :<\/strong> Tout d&rsquo;abord, nous entretenons 200.000 km de pistes rurales qui peuvent ainsi \u00eatre utilis\u00e9es pour l&rsquo;\u00e9vacuation du coton mais aussi \u00e0 d&rsquo;autres fins. En outre, la Sodecoton m\u00e8ne une recherche agricole \u00e0 grande \u00e9chelle. Il s&rsquo;agit de m\u00e9thodes de maintien de la fertilit\u00e9 des sols, de mesures de lutte contre les parasites (r\u00e9duction de l&rsquo;utilisation de pesticides), d&rsquo;am\u00e9lioration des semences, etc. Il convient \u00e9galement de mentionner que la Sodecoton est tr\u00e8s active dans le domaine de l&rsquo;alphab\u00e9tisation fonctionnelle. Les agriculteurs y apprennent \u00e0 lire et \u00e0 \u00e9crire en fonction des besoins quotidiens de l&rsquo;agriculture. Enfin, la Sodecoton a \u00e9galement pour mandat de promouvoir la culture d&rsquo;autres plantes que le coton. Ainsi, la Sodecoton fournit \u00e9galement des engrais pour les cultures vivri\u00e8res de soja, de ma\u00efs et de sorgho, qui sont cultiv\u00e9es en rotation avec le coton. La saison derni\u00e8re, Sodecoton y a consacr\u00e9 9 millions d&rsquo;euros.  <\/p>\n\n<p>En ce sens, la Sodecoton contribue doublement \u00e0 la s\u00e9curit\u00e9 alimentaire dans le nord du Cameroun : D&rsquo;une part, gr\u00e2ce aux revenus g\u00e9n\u00e9r\u00e9s par la culture du coton et, d&rsquo;autre part, en soutenant directement la culture vivri\u00e8re.<\/p>\n\n<p><strong>Question :<\/strong> Quel est le r\u00f4le de la promotion des femmes pour Sodecoton ?<\/p>\n\n<p><strong>R\u00e9ponse :<\/strong> Sur les 200.000 cultivateurs de coton, 24.000 sont des femmes, regroup\u00e9es en 1650 groupes de responsabilit\u00e9 mutuelle, qui sont responsables vis-\u00e0-vis de la Sodecoton du remboursement des cr\u00e9dits d&rsquo;intrants. En outre, Sodecoton a contribu\u00e9 \u00e0 la cr\u00e9ation et au fonctionnement de 70 coop\u00e9ratives de femmes. Ils sont actifs dans la culture de l\u00e9gumes, l&rsquo;\u00e9levage de petits animaux et le commerce, et apportent ainsi une contribution suppl\u00e9mentaire importante au revenu familial et \u00e0 la s\u00e9curit\u00e9 alimentaire.<\/p>\n\n<p><strong>Question :<\/strong> Ces derni\u00e8res ann\u00e9es, l&rsquo;Extr\u00eame-Nord du Cameroun a beaucoup souffert des terroristes islamistes de Boko Haram. Ces derniers \u00e9taient \u00e9galement actifs dans les zones cotonni\u00e8res de la Sodecoton. Comment Sodecoton a-t-elle g\u00e9r\u00e9 cette situation ?<\/p>\n\n<p><strong>R\u00e9ponse :<\/strong> Tout d&rsquo;abord, la hantise est termin\u00e9e. L&rsquo;arm\u00e9e camerounaise a largement chass\u00e9 les terroristes. Il ne reste que quelques cellules. Au plus fort de Boko Haram, Sodecoton a n\u00e9anmoins poursuivi ses activit\u00e9s dans les zones touch\u00e9es, \u00e0 savoir la fourniture de semences, d&rsquo;engrais et de produits phytosanitaires aux agriculteurs et l&rsquo;achat de coton. Parfois, les conseillers de la Sodecoton ne pouvaient plus se rendre dans certains villages. Ensuite, les groupes d&rsquo;agriculteurs concern\u00e9s ont livr\u00e9 le coton dans les villages voisins. Mais dans l&rsquo;ensemble, Boko Haram a tol\u00e9r\u00e9 l&rsquo;activit\u00e9 de Sodecton, car ils ne voulaient pas s&rsquo;attaquer \u00e0 la principale source de revenus des agriculteurs. Le fait que la Sodecoton ait poursuivi ses activit\u00e9s m\u00eame aux heures de pointe de Boko Haram a certainement contribu\u00e9 \u00e0 emp\u00eacher les terroristes islamistes de faire davantage d&rsquo;adeptes dans les villages,<\/p>\n\n<p><strong>Question :<\/strong> Un conflit qui traverse tout le Sahel est celui qui oppose les \u00e9leveurs et les agriculteurs s\u00e9dentaires \u00e0 propos de la terre. De plus, au Cameroun, les \u00e9leveurs sont exclusivement musulmans, tandis que les cultivateurs de coton sont majoritairement chr\u00e9tiens. En partie, ce conflit conduit \u00e0 la radicalisation des \u00e9leveurs, qui se retrouvent ensuite dans des groupes terroristes islamistes. Comment Sodecoton g\u00e8re-t-elle ce conflit ?<\/p>\n\n<p><strong>R\u00e9ponse :<\/strong> La Sodecoton soutient depuis de nombreuses ann\u00e9es des comit\u00e9s conjoints d&rsquo;agriculteurs et d&rsquo;\u00e9leveurs qui ont pour objectif de g\u00e9rer ensemble l&rsquo;utilisation des terres dans les zones touch\u00e9es. Bien qu&rsquo;il y ait toujours des conflits, cela fonctionne relativement bien.<\/p>\n\n<p><strong>Question :<\/strong> La Sodecoton est certifi\u00e9e conforme \u00e0 la norme Cotton in Africa (CmiA). Quels sont les avantages de cette certification pour la Sodecoton. Qu&rsquo;attendez-vous des normes de certification \u00e0 l&rsquo;avenir ?<\/p>\n\n<p><strong>R\u00e9ponse :<\/strong> La certification nous a permis d&rsquo;orienter l&rsquo;ensemble de notre processus de production, jusqu&rsquo;aux usines d&rsquo;\u00e9grenage, vers le respect de certaines normes environnementales et sociales minimales. Nous avions d\u00e9j\u00e0 en partie respect\u00e9 ces crit\u00e8res, mais nous avons d\u00fb en partie les am\u00e9liorer. La certification CmiA nous a \u00e9galement donn\u00e9 un avantage pour la commercialisation internationale de notre coton. Notre coton est essentiellement vendu aux ench\u00e8res. C&rsquo;est l\u00e0 que vous avez un avantage si le coton est certifi\u00e9 durable.<\/p>\n\n<p>Nous souhaitons que les normes de durabilit\u00e9 du coton telles que CmiA et BCI soutiennent davantage les activit\u00e9s de Sodecoton visant \u00e0 am\u00e9liorer durablement les revenus et les conditions de vie des agriculteurs. Ainsi, avec plus de personnel, nous pourrions augmenter consid\u00e9rablement le nombre d&rsquo;agriculteurs organis\u00e9s en coop\u00e9ratives et am\u00e9liorer leur encadrement. Sodecoton et l&rsquo;association d&rsquo;agriculteurs CNPC \u00e9tendent \u00e9galement, en coop\u00e9ration avec le MUFID, le r\u00e9seau existant de 6 banques coop\u00e9ratives dans les zones de production du coton. Au moins 6 autres banques coop\u00e9ratives devraient \u00eatre cr\u00e9\u00e9es. Avec ces banques, la Sodecoton passe progressivement \u00e0 un syst\u00e8me sans num\u00e9raire pour tous les paiements aux agriculteurs. Cela apporte non seulement une plus grande s\u00e9curit\u00e9 aux agriculteurs, mais cela leur permet \u00e9galement d&rsquo;acc\u00e9der au cr\u00e9dit en dehors de la cha\u00eene de valeur du coton, ce qui permet par exemple de promouvoir encore mieux les cultures vivri\u00e8res. Cependant, la cr\u00e9ation de chaque nouvelle banque coop\u00e9rative n\u00e9cessite un certain capital social. Les normes de durabilit\u00e9 pourraient aider \u00e0 mobiliser ce capital de d\u00e9part. L&rsquo;importance que rev\u00eatent les banques coop\u00e9ratives pour les cultivateurs de coton est \u00e9galement illustr\u00e9e par le fait que l&rsquo;association des cultivateurs de coton CNPC dispose d&rsquo;un si\u00e8ge au conseil de surveillance de l&rsquo;organisation fa\u00eeti\u00e8re des banques coop\u00e9ratives.<\/p>\n\n<p>De plus, Sodeocton et CNPC ont une tr\u00e8s bonne exp\u00e9rience de ce que l&rsquo;on appelle la Farmer Business Training (FBS). Dans le cadre de 5 cours tr\u00e8s interactifs de 5 jours, les agriculteurs apprennent \u00e0 consid\u00e9rer leur entreprise et leur m\u00e9nage comme un business, \u00e0 optimiser le choix des cultures et des intrants qu&rsquo;ils ach\u00e8tent. Ces formations FBS ont connu un grand succ\u00e8s par le pass\u00e9. Avec le soutien des normes de durabilit\u00e9, nous pourrions reprendre cette formation FBS \u00e0 grande \u00e9chelle. Conclusion : nous vous remercions pour cet entretien. Nous avons appris le r\u00f4le central que joue la Sodecoton dans la lutte contre la pauvret\u00e9 et la s\u00e9curit\u00e9 alimentaire dans tout le nord du Cameroun. Dans ce contexte, il est surprenant de constater que les donateurs internationaux cherchent relativement peu \u00e0 collaborer avec la Sodecoton.<\/p>\n","protected":false},"excerpt":{"rendered":"<p>Une grande partie de la production de coton en Afrique est assur\u00e9e par les petits agriculteurs du Sahel. Cette r\u00e9gion se caract\u00e9rise par une grande instabilit\u00e9 politique et, en partie, par la p\u00e9n\u00e9tration de forces islamistes. L&rsquo;interview suivante d&rsquo;un cadre sup\u00e9rieur de la soci\u00e9t\u00e9 cotonni\u00e8re camerounaise Sodecoton, qui souhaite rester anonyme, montre clairement l&rsquo;\u00e9norme contribution de la production de coton \u00e0 la stabilisation des soci\u00e9t\u00e9s du Sahel mais aussi \u00e0 l&rsquo;approvisionnement alimentaire de la population.<\/p>\n","protected":false},"author":2,"featured_media":514,"comment_status":"open","ping_status":"open","sticky":false,"template":"","format":"standard","meta":{"footnotes":""},"categories":[66],"tags":[],"ppma_author":[26],"class_list":["post-599","post","type-post","status-publish","format-standard","has-post-thumbnail","hentry","category-etats-fragiles"],"yoast_head":"<!-- This site is optimized with the Yoast SEO plugin v27.5 - https:\/\/yoast.com\/product\/yoast-seo-wordpress\/ -->\n<title>La contribution du coton \u00e0 la stabilisation d&#039;une r\u00e9gion - Politique internationale<\/title>\n<meta name=\"description\" content=\"Blog de Roger Peltzer sur le d\u00e9veloppement et la politique \u00e9trang\u00e8re, sur les th\u00e8mes des \u00c9tats fragiles, des droits de l&#039;homme et de l&#039;Am\u00e9rique latine.\" \/>\n<meta name=\"robots\" content=\"index, follow, max-snippet:-1, max-image-preview:large, max-video-preview:-1\" \/>\n<link rel=\"canonical\" href=\"https:\/\/roger-peltzer.com\/fr\/la-contribution-du-coton-a-la-stabilisation-dune-region\/\" \/>\n<meta property=\"og:locale\" content=\"fr_FR\" \/>\n<meta property=\"og:type\" content=\"article\" \/>\n<meta property=\"og:title\" content=\"La contribution du coton \u00e0 la stabilisation d&#039;une r\u00e9gion - Politique internationale\" \/>\n<meta property=\"og:description\" content=\"Blog de Roger Peltzer sur le d\u00e9veloppement et la politique \u00e9trang\u00e8re, sur les th\u00e8mes des \u00c9tats fragiles, des droits de l&#039;homme et de l&#039;Am\u00e9rique latine.\" \/>\n<meta property=\"og:url\" content=\"https:\/\/roger-peltzer.com\/fr\/la-contribution-du-coton-a-la-stabilisation-dune-region\/\" \/>\n<meta property=\"og:site_name\" content=\"Politique internationale\" \/>\n<meta property=\"article:published_time\" content=\"2023-11-09T22:04:34+00:00\" \/>\n<meta property=\"article:modified_time\" content=\"2024-06-15T16:01:37+00:00\" \/>\n<meta property=\"og:image\" content=\"https:\/\/roger-peltzer.com\/wp-content\/uploads\/2023\/11\/saharan-africa-map.png\" \/>\n\t<meta property=\"og:image:width\" content=\"3448\" \/>\n\t<meta property=\"og:image:height\" content=\"1981\" \/>\n\t<meta property=\"og:image:type\" content=\"image\/png\" \/>\n<meta name=\"author\" content=\"Roger Peltzer\" \/>\n<meta name=\"twitter:card\" content=\"summary_large_image\" \/>\n<meta name=\"twitter:label1\" content=\"\u00c9crit par\" \/>\n\t<meta name=\"twitter:data1\" content=\"Roger Peltzer\" \/>\n\t<meta name=\"twitter:label2\" content=\"Dur\u00e9e de lecture estim\u00e9e\" \/>\n\t<meta name=\"twitter:data2\" content=\"7 minutes\" \/>\n<script type=\"application\/ld+json\" class=\"yoast-schema-graph\">{\"@context\":\"https:\\\/\\\/schema.org\",\"@graph\":[{\"@type\":\"Article\",\"@id\":\"https:\\\/\\\/roger-peltzer.com\\\/fr\\\/la-contribution-du-coton-a-la-stabilisation-dune-region\\\/#article\",\"isPartOf\":{\"@id\":\"https:\\\/\\\/roger-peltzer.com\\\/fr\\\/la-contribution-du-coton-a-la-stabilisation-dune-region\\\/\"},\"author\":{\"name\":\"Roger Peltzer\",\"@id\":\"https:\\\/\\\/roger-peltzer.com\\\/fr\\\/#\\\/schema\\\/person\\\/6506ec1961bde1e8ad9521e95d6a8dac\"},\"headline\":\"La contribution du coton \u00e0 la stabilisation d'une r\u00e9gion\",\"datePublished\":\"2023-11-09T22:04:34+00:00\",\"dateModified\":\"2024-06-15T16:01:37+00:00\",\"mainEntityOfPage\":{\"@id\":\"https:\\\/\\\/roger-peltzer.com\\\/fr\\\/la-contribution-du-coton-a-la-stabilisation-dune-region\\\/\"},\"wordCount\":1482,\"commentCount\":0,\"publisher\":{\"@id\":\"https:\\\/\\\/roger-peltzer.com\\\/fr\\\/#\\\/schema\\\/person\\\/6506ec1961bde1e8ad9521e95d6a8dac\"},\"image\":{\"@id\":\"https:\\\/\\\/roger-peltzer.com\\\/fr\\\/la-contribution-du-coton-a-la-stabilisation-dune-region\\\/#primaryimage\"},\"thumbnailUrl\":\"https:\\\/\\\/roger-peltzer.com\\\/wp-content\\\/uploads\\\/2023\\\/11\\\/saharan-africa-map.png\",\"articleSection\":[\"\u00c9tats fragiles\"],\"inLanguage\":\"fr-FR\",\"potentialAction\":[{\"@type\":\"CommentAction\",\"name\":\"Comment\",\"target\":[\"https:\\\/\\\/roger-peltzer.com\\\/fr\\\/la-contribution-du-coton-a-la-stabilisation-dune-region\\\/#respond\"]}]},{\"@type\":\"WebPage\",\"@id\":\"https:\\\/\\\/roger-peltzer.com\\\/fr\\\/la-contribution-du-coton-a-la-stabilisation-dune-region\\\/\",\"url\":\"https:\\\/\\\/roger-peltzer.com\\\/fr\\\/la-contribution-du-coton-a-la-stabilisation-dune-region\\\/\",\"name\":\"La contribution du coton \u00e0 la stabilisation d'une r\u00e9gion - Politique internationale\",\"isPartOf\":{\"@id\":\"https:\\\/\\\/roger-peltzer.com\\\/fr\\\/#website\"},\"primaryImageOfPage\":{\"@id\":\"https:\\\/\\\/roger-peltzer.com\\\/fr\\\/la-contribution-du-coton-a-la-stabilisation-dune-region\\\/#primaryimage\"},\"image\":{\"@id\":\"https:\\\/\\\/roger-peltzer.com\\\/fr\\\/la-contribution-du-coton-a-la-stabilisation-dune-region\\\/#primaryimage\"},\"thumbnailUrl\":\"https:\\\/\\\/roger-peltzer.com\\\/wp-content\\\/uploads\\\/2023\\\/11\\\/saharan-africa-map.png\",\"datePublished\":\"2023-11-09T22:04:34+00:00\",\"dateModified\":\"2024-06-15T16:01:37+00:00\",\"description\":\"Blog de Roger Peltzer sur le d\u00e9veloppement et la politique \u00e9trang\u00e8re, sur les th\u00e8mes des \u00c9tats fragiles, des droits de l'homme et de l'Am\u00e9rique latine.\",\"breadcrumb\":{\"@id\":\"https:\\\/\\\/roger-peltzer.com\\\/fr\\\/la-contribution-du-coton-a-la-stabilisation-dune-region\\\/#breadcrumb\"},\"inLanguage\":\"fr-FR\",\"potentialAction\":[{\"@type\":\"ReadAction\",\"target\":[\"https:\\\/\\\/roger-peltzer.com\\\/fr\\\/la-contribution-du-coton-a-la-stabilisation-dune-region\\\/\"]}]},{\"@type\":\"ImageObject\",\"inLanguage\":\"fr-FR\",\"@id\":\"https:\\\/\\\/roger-peltzer.com\\\/fr\\\/la-contribution-du-coton-a-la-stabilisation-dune-region\\\/#primaryimage\",\"url\":\"https:\\\/\\\/roger-peltzer.com\\\/wp-content\\\/uploads\\\/2023\\\/11\\\/saharan-africa-map.png\",\"contentUrl\":\"https:\\\/\\\/roger-peltzer.com\\\/wp-content\\\/uploads\\\/2023\\\/11\\\/saharan-africa-map.png\",\"width\":3448,\"height\":1981},{\"@type\":\"BreadcrumbList\",\"@id\":\"https:\\\/\\\/roger-peltzer.com\\\/fr\\\/la-contribution-du-coton-a-la-stabilisation-dune-region\\\/#breadcrumb\",\"itemListElement\":[{\"@type\":\"ListItem\",\"position\":1,\"name\":\"Accueil\",\"item\":\"https:\\\/\\\/roger-peltzer.com\\\/fr\\\/\"},{\"@type\":\"ListItem\",\"position\":2,\"name\":\"La contribution du coton \u00e0 la stabilisation d'une r\u00e9gion\"}]},{\"@type\":\"WebSite\",\"@id\":\"https:\\\/\\\/roger-peltzer.com\\\/fr\\\/#website\",\"url\":\"https:\\\/\\\/roger-peltzer.com\\\/fr\\\/\",\"name\":\"Politique internationale\",\"description\":\"Roger Peltzer\",\"publisher\":{\"@id\":\"https:\\\/\\\/roger-peltzer.com\\\/fr\\\/#\\\/schema\\\/person\\\/6506ec1961bde1e8ad9521e95d6a8dac\"},\"potentialAction\":[{\"@type\":\"SearchAction\",\"target\":{\"@type\":\"EntryPoint\",\"urlTemplate\":\"https:\\\/\\\/roger-peltzer.com\\\/fr\\\/?s={search_term_string}\"},\"query-input\":{\"@type\":\"PropertyValueSpecification\",\"valueRequired\":true,\"valueName\":\"search_term_string\"}}],\"inLanguage\":\"fr-FR\"},{\"@type\":[\"Person\",\"Organization\"],\"@id\":\"https:\\\/\\\/roger-peltzer.com\\\/fr\\\/#\\\/schema\\\/person\\\/6506ec1961bde1e8ad9521e95d6a8dac\",\"name\":\"Roger Peltzer\",\"image\":{\"@type\":\"ImageObject\",\"inLanguage\":\"fr-FR\",\"@id\":\"https:\\\/\\\/roger-peltzer.com\\\/wp-content\\\/uploads\\\/2023\\\/09\\\/roger-peltzer-weltjugendtag-square.jpgd5bfa09cc9b6ba3f4dfe4bfbbc24c702\",\"url\":\"https:\\\/\\\/roger-peltzer.com\\\/wp-content\\\/uploads\\\/2023\\\/09\\\/roger-peltzer-weltjugendtag-square.jpg\",\"contentUrl\":\"https:\\\/\\\/roger-peltzer.com\\\/wp-content\\\/uploads\\\/2023\\\/09\\\/roger-peltzer-weltjugendtag-square.jpg\",\"caption\":\"Roger Peltzer\"},\"logo\":{\"@id\":\"https:\\\/\\\/roger-peltzer.com\\\/wp-content\\\/uploads\\\/2023\\\/09\\\/roger-peltzer-weltjugendtag-square.jpgd5bfa09cc9b6ba3f4dfe4bfbbc24c702\"},\"description\":\"[wpml-string context=\\\"pb-bioinfo\\\" name=\\\"info-1\\\"]70 Jahre alt, verheiratet, 3 Kinder und 4 Enkelkinder. Ich habe an der Universit\u00e4t M\u00fcnster Volkswirtschaft studiert und anschlie\u00dfend den postgraduierten Kurs am deutschen Institut f\u00fcr Entwicklungspolitik (heute IDOS) absolviert.[\\\/wpml-string]\",\"sameAs\":[\"https:\\\/\\\/roger-peltzer.com\\\/ueber-mich\\\/\"],\"url\":\"https:\\\/\\\/roger-peltzer.com\\\/fr\\\/author\\\/roger\\\/\"}]}<\/script>\n<!-- \/ Yoast SEO plugin. -->","yoast_head_json":{"title":"La contribution du coton \u00e0 la stabilisation d'une r\u00e9gion - Politique internationale","description":"Blog de Roger Peltzer sur le d\u00e9veloppement et la politique \u00e9trang\u00e8re, sur les th\u00e8mes des \u00c9tats fragiles, des droits de l'homme et de l'Am\u00e9rique latine.","robots":{"index":"index","follow":"follow","max-snippet":"max-snippet:-1","max-image-preview":"max-image-preview:large","max-video-preview":"max-video-preview:-1"},"canonical":"https:\/\/roger-peltzer.com\/fr\/la-contribution-du-coton-a-la-stabilisation-dune-region\/","og_locale":"fr_FR","og_type":"article","og_title":"La contribution du coton \u00e0 la stabilisation d'une r\u00e9gion - Politique internationale","og_description":"Blog de Roger Peltzer sur le d\u00e9veloppement et la politique \u00e9trang\u00e8re, sur les th\u00e8mes des \u00c9tats fragiles, des droits de l'homme et de l'Am\u00e9rique latine.","og_url":"https:\/\/roger-peltzer.com\/fr\/la-contribution-du-coton-a-la-stabilisation-dune-region\/","og_site_name":"Politique internationale","article_published_time":"2023-11-09T22:04:34+00:00","article_modified_time":"2024-06-15T16:01:37+00:00","og_image":[{"width":3448,"height":1981,"url":"https:\/\/roger-peltzer.com\/wp-content\/uploads\/2023\/11\/saharan-africa-map.png","type":"image\/png"}],"author":"Roger Peltzer","twitter_card":"summary_large_image","twitter_misc":{"\u00c9crit par":"Roger Peltzer","Dur\u00e9e de lecture estim\u00e9e":"7 minutes"},"schema":{"@context":"https:\/\/schema.org","@graph":[{"@type":"Article","@id":"https:\/\/roger-peltzer.com\/fr\/la-contribution-du-coton-a-la-stabilisation-dune-region\/#article","isPartOf":{"@id":"https:\/\/roger-peltzer.com\/fr\/la-contribution-du-coton-a-la-stabilisation-dune-region\/"},"author":{"name":"Roger Peltzer","@id":"https:\/\/roger-peltzer.com\/fr\/#\/schema\/person\/6506ec1961bde1e8ad9521e95d6a8dac"},"headline":"La contribution du coton \u00e0 la stabilisation d'une r\u00e9gion","datePublished":"2023-11-09T22:04:34+00:00","dateModified":"2024-06-15T16:01:37+00:00","mainEntityOfPage":{"@id":"https:\/\/roger-peltzer.com\/fr\/la-contribution-du-coton-a-la-stabilisation-dune-region\/"},"wordCount":1482,"commentCount":0,"publisher":{"@id":"https:\/\/roger-peltzer.com\/fr\/#\/schema\/person\/6506ec1961bde1e8ad9521e95d6a8dac"},"image":{"@id":"https:\/\/roger-peltzer.com\/fr\/la-contribution-du-coton-a-la-stabilisation-dune-region\/#primaryimage"},"thumbnailUrl":"https:\/\/roger-peltzer.com\/wp-content\/uploads\/2023\/11\/saharan-africa-map.png","articleSection":["\u00c9tats fragiles"],"inLanguage":"fr-FR","potentialAction":[{"@type":"CommentAction","name":"Comment","target":["https:\/\/roger-peltzer.com\/fr\/la-contribution-du-coton-a-la-stabilisation-dune-region\/#respond"]}]},{"@type":"WebPage","@id":"https:\/\/roger-peltzer.com\/fr\/la-contribution-du-coton-a-la-stabilisation-dune-region\/","url":"https:\/\/roger-peltzer.com\/fr\/la-contribution-du-coton-a-la-stabilisation-dune-region\/","name":"La contribution du coton \u00e0 la stabilisation d'une r\u00e9gion - Politique internationale","isPartOf":{"@id":"https:\/\/roger-peltzer.com\/fr\/#website"},"primaryImageOfPage":{"@id":"https:\/\/roger-peltzer.com\/fr\/la-contribution-du-coton-a-la-stabilisation-dune-region\/#primaryimage"},"image":{"@id":"https:\/\/roger-peltzer.com\/fr\/la-contribution-du-coton-a-la-stabilisation-dune-region\/#primaryimage"},"thumbnailUrl":"https:\/\/roger-peltzer.com\/wp-content\/uploads\/2023\/11\/saharan-africa-map.png","datePublished":"2023-11-09T22:04:34+00:00","dateModified":"2024-06-15T16:01:37+00:00","description":"Blog de Roger Peltzer sur le d\u00e9veloppement et la politique \u00e9trang\u00e8re, sur les th\u00e8mes des \u00c9tats fragiles, des droits de l'homme et de l'Am\u00e9rique latine.","breadcrumb":{"@id":"https:\/\/roger-peltzer.com\/fr\/la-contribution-du-coton-a-la-stabilisation-dune-region\/#breadcrumb"},"inLanguage":"fr-FR","potentialAction":[{"@type":"ReadAction","target":["https:\/\/roger-peltzer.com\/fr\/la-contribution-du-coton-a-la-stabilisation-dune-region\/"]}]},{"@type":"ImageObject","inLanguage":"fr-FR","@id":"https:\/\/roger-peltzer.com\/fr\/la-contribution-du-coton-a-la-stabilisation-dune-region\/#primaryimage","url":"https:\/\/roger-peltzer.com\/wp-content\/uploads\/2023\/11\/saharan-africa-map.png","contentUrl":"https:\/\/roger-peltzer.com\/wp-content\/uploads\/2023\/11\/saharan-africa-map.png","width":3448,"height":1981},{"@type":"BreadcrumbList","@id":"https:\/\/roger-peltzer.com\/fr\/la-contribution-du-coton-a-la-stabilisation-dune-region\/#breadcrumb","itemListElement":[{"@type":"ListItem","position":1,"name":"Accueil","item":"https:\/\/roger-peltzer.com\/fr\/"},{"@type":"ListItem","position":2,"name":"La contribution du coton \u00e0 la stabilisation d'une r\u00e9gion"}]},{"@type":"WebSite","@id":"https:\/\/roger-peltzer.com\/fr\/#website","url":"https:\/\/roger-peltzer.com\/fr\/","name":"Politique internationale","description":"Roger Peltzer","publisher":{"@id":"https:\/\/roger-peltzer.com\/fr\/#\/schema\/person\/6506ec1961bde1e8ad9521e95d6a8dac"},"potentialAction":[{"@type":"SearchAction","target":{"@type":"EntryPoint","urlTemplate":"https:\/\/roger-peltzer.com\/fr\/?s={search_term_string}"},"query-input":{"@type":"PropertyValueSpecification","valueRequired":true,"valueName":"search_term_string"}}],"inLanguage":"fr-FR"},{"@type":["Person","Organization"],"@id":"https:\/\/roger-peltzer.com\/fr\/#\/schema\/person\/6506ec1961bde1e8ad9521e95d6a8dac","name":"Roger Peltzer","image":{"@type":"ImageObject","inLanguage":"fr-FR","@id":"https:\/\/roger-peltzer.com\/wp-content\/uploads\/2023\/09\/roger-peltzer-weltjugendtag-square.jpgd5bfa09cc9b6ba3f4dfe4bfbbc24c702","url":"https:\/\/roger-peltzer.com\/wp-content\/uploads\/2023\/09\/roger-peltzer-weltjugendtag-square.jpg","contentUrl":"https:\/\/roger-peltzer.com\/wp-content\/uploads\/2023\/09\/roger-peltzer-weltjugendtag-square.jpg","caption":"Roger Peltzer"},"logo":{"@id":"https:\/\/roger-peltzer.com\/wp-content\/uploads\/2023\/09\/roger-peltzer-weltjugendtag-square.jpgd5bfa09cc9b6ba3f4dfe4bfbbc24c702"},"description":"[wpml-string context=\"pb-bioinfo\" name=\"info-1\"]70 Jahre alt, verheiratet, 3 Kinder und 4 Enkelkinder. Ich habe an der Universit\u00e4t M\u00fcnster Volkswirtschaft studiert und anschlie\u00dfend den postgraduierten Kurs am deutschen Institut f\u00fcr Entwicklungspolitik (heute IDOS) absolviert.[\/wpml-string]","sameAs":["https:\/\/roger-peltzer.com\/ueber-mich\/"],"url":"https:\/\/roger-peltzer.com\/fr\/author\/roger\/"}]}},"authors":[{"term_id":26,"user_id":2,"is_guest":0,"slug":"roger","display_name":"Roger Peltzer","avatar_url":{"url":"https:\/\/roger-peltzer.com\/wp-content\/uploads\/2023\/09\/roger-peltzer-weltjugendtag-square.jpg","url2x":"https:\/\/roger-peltzer.com\/wp-content\/uploads\/2023\/09\/roger-peltzer-weltjugendtag-square.jpg"},"0":null,"1":"","2":"","3":"","4":"","5":"","6":"","7":"","8":""}],"_links":{"self":[{"href":"https:\/\/roger-peltzer.com\/fr\/wp-json\/wp\/v2\/posts\/599","targetHints":{"allow":["GET"]}}],"collection":[{"href":"https:\/\/roger-peltzer.com\/fr\/wp-json\/wp\/v2\/posts"}],"about":[{"href":"https:\/\/roger-peltzer.com\/fr\/wp-json\/wp\/v2\/types\/post"}],"author":[{"embeddable":true,"href":"https:\/\/roger-peltzer.com\/fr\/wp-json\/wp\/v2\/users\/2"}],"replies":[{"embeddable":true,"href":"https:\/\/roger-peltzer.com\/fr\/wp-json\/wp\/v2\/comments?post=599"}],"version-history":[{"count":2,"href":"https:\/\/roger-peltzer.com\/fr\/wp-json\/wp\/v2\/posts\/599\/revisions"}],"predecessor-version":[{"id":603,"href":"https:\/\/roger-peltzer.com\/fr\/wp-json\/wp\/v2\/posts\/599\/revisions\/603"}],"wp:featuredmedia":[{"embeddable":true,"href":"https:\/\/roger-peltzer.com\/fr\/wp-json\/wp\/v2\/media\/514"}],"wp:attachment":[{"href":"https:\/\/roger-peltzer.com\/fr\/wp-json\/wp\/v2\/media?parent=599"}],"wp:term":[{"taxonomy":"category","embeddable":true,"href":"https:\/\/roger-peltzer.com\/fr\/wp-json\/wp\/v2\/categories?post=599"},{"taxonomy":"post_tag","embeddable":true,"href":"https:\/\/roger-peltzer.com\/fr\/wp-json\/wp\/v2\/tags?post=599"},{"taxonomy":"author","embeddable":true,"href":"https:\/\/roger-peltzer.com\/fr\/wp-json\/wp\/v2\/ppma_author?post=599"}],"curies":[{"name":"wp","href":"https:\/\/api.w.org\/{rel}","templated":true}]}}