{"id":5762,"date":"2026-03-17T11:08:58","date_gmt":"2026-03-17T11:08:58","guid":{"rendered":"https:\/\/roger-peltzer.com\/la-colombie-a-la-croisee-des-chemins-des-elections-legislatives-et-presidentielles-en-2026-la-gauche-a-t-elle-encore-une-chance-en-amerique-latine\/"},"modified":"2026-04-10T04:30:29","modified_gmt":"2026-04-10T04:30:29","slug":"la-colombie-a-la-croisee-des-chemins-des-elections-legislatives-et-presidentielles-en-2026-la-gauche-a-t-elle-encore-une-chance-en-amerique-latine","status":"publish","type":"post","link":"https:\/\/roger-peltzer.com\/fr\/la-colombie-a-la-croisee-des-chemins-des-elections-legislatives-et-presidentielles-en-2026-la-gauche-a-t-elle-encore-une-chance-en-amerique-latine\/","title":{"rendered":"La Colombie \u00e0 la crois\u00e9e des chemins : des \u00e9lections l\u00e9gislatives et pr\u00e9sidentielles en 2026. La gauche a-t-elle encore une chance en Am\u00e9rique latine ?"},"content":{"rendered":"\n<p><strong>La Colombie a \u00e9lu un nouveau parlement et les \u00e9lections pr\u00e9sidentielles auront lieu dans quelques semaines. Ricardo Cardenas dresse le bilan des r\u00e9alisations et des erreurs du pr\u00e9sident de gauche Petro. Il analyse \u00e9galement les chances du candidat de gauche Cepeda lors des prochaines \u00e9lections pr\u00e9sidentielles.  <\/strong><\/p>\n\n<p>Le 8 mars dernier, les Colombiens \u00e9taient appel\u00e9s \u00e0 \u00e9lire un nouveau parlement, puis un nouveau pr\u00e9sident en mai. Les \u00e9lections se d\u00e9rouleront dans un pays polaris\u00e9. En 2022, le candidat de l&rsquo;Alliance de gauche Pacto Historico Gustavo Petro avait remport\u00e9 les \u00e9lections pr\u00e9sidentielles en Colombie. La gauche \u00e9tait \u00e9galement arriv\u00e9e au pouvoir dans d&rsquo;autres pays d&rsquo;Am\u00e9rique latine \u00e0 l&rsquo;\u00e9poque, comme au Chili. Entre-temps, une grande partie du continent a connu un virage \u00e0 droite. Des candidats de droite, avec la b\u00e9n\u00e9diction de Trump, ont r\u00e9cemment remport\u00e9 les \u00e9lections au Chili, au Honduras, au Costa Rica et en Bolivie.       <\/p>\n\n<p>L&rsquo;alliance de gauche colombienne parviendra-t-elle \u00e0 faire passer son candidat \u00e0 la pr\u00e9sidence ? Un bloc de gauche fort subsisterait-il en Am\u00e9rique latine avec le Br\u00e9sil, le Mexique et la Colombie ? <\/p>\n\n<h2 class=\"wp-block-heading\"><strong>Le sc\u00e9nario actuel de la campagne \u00e9lectorale<\/strong><\/h2>\n\n<p>L&rsquo;establishment, les grands m\u00e9dias traditionnels, les partis de droite et leurs partisans tentent de faire tourner la roue de l&rsquo;histoire \u00e0 l&rsquo;envers et d&rsquo;annuler les r\u00e9alisations du premier gouvernement progressiste de la R\u00e9publique avec son pr\u00e9sident Gustavo Petro. Les Colombiens vont maintenant d\u00e9cider si les r\u00e9formes dont la Colombie a d\u00e9sesp\u00e9r\u00e9ment besoin peuvent \u00eatre poursuivies ou non. <\/p>\n\n<p>L&rsquo;un des handicaps de la pr\u00e9sidence de Petro \u00e9tait qu&rsquo;il ne pouvait pas s&rsquo;appuyer sur une majorit\u00e9 stable au Parlement. Lors des \u00e9lections l\u00e9gislatives de 2022, le Pacto Hist\u00f3rico (une alliance de partis de gauche) a certes \u00e9t\u00e9 \u00e9lu premi\u00e8re force au S\u00e9nat. Sur les 108 si\u00e8ges du S\u00e9nat, 20 \u00e9taient d\u00e9tenus par le Pacto Hist\u00f3rico. Comunes, le parti de l&rsquo;ancienne gu\u00e9rilla des FARC, a obtenu 5 si\u00e8ges. Neuf autres si\u00e8ges ont \u00e9t\u00e9 attribu\u00e9s \u00e0 d&rsquo;autres d\u00e9put\u00e9s de gauche, ce qui a permis au gouvernement Petro de rassembler initialement 34 s\u00e9nateurs derri\u00e8re lui. Les autres partis (lib\u00e9raux, conservateurs, droite, verts, etc ) d\u00e9tenaient plus de 2\/3 des si\u00e8ges, ce qui obligeait Petro \u00e0 gouverner avec des majorit\u00e9s changeantes.     <\/p>\n\n<p>Ainsi, l&rsquo;opposition de droite a parfois \u00e9t\u00e9 en mesure de torpiller d&rsquo;importants projets de r\u00e9forme du gouvernement. C&rsquo;\u00e9tait notamment le cas de la r\u00e9forme de la sant\u00e9. Le S\u00e9nat a refus\u00e9 d&rsquo;adopter une r\u00e9forme qui aurait entra\u00een\u00e9 un changement drastique du syst\u00e8me de sant\u00e9 et aurait enfin garanti la sant\u00e9 comme un droit universel pour tous et en particulier pour les Colombiens les plus pauvres.    <\/p>\n\n<p>Lors des \u00e9lections l\u00e9gislatives du 8 mars, le Pacto a augment\u00e9 le nombre de ses si\u00e8ges au S\u00e9nat \u00e0 25.<sup data-fn=\"ee441efe-16f1-47da-acac-cd8ad664164a\" class=\"fn\"><a href=\"#ee441efe-16f1-47da-acac-cd8ad664164a\" id=\"ee441efe-16f1-47da-acac-cd8ad664164a-link\">1<\/a><\/sup> et de 28 \u00e0 42 si\u00e8ges \u00e0 la Chambre des repr\u00e9sentants, qui en compte 188 au total. Dans les deux chambres, d&rsquo;autres repr\u00e9sentants de quelques petits partis font partie de la gauche, mais \u00e0 l&rsquo;avenir, un nouveau pr\u00e9sident de gauche devra \u00e0 nouveau compter sur des coalitions changeantes avec des lib\u00e9raux et des conservateurs.   <\/p>\n\n<h2 class=\"wp-block-heading\"><strong>Les r\u00e9alisations de la pr\u00e9sidence de Petro<\/strong><\/h2>\n\n<p><\/p>\n\n<p>Les r\u00e9sultats des 4 ann\u00e9es de pr\u00e9sidence de Petro sont tout \u00e0 fait honorables.<\/p>\n\n<ul class=\"wp-block-list\">\n<li>Le <strong>salaire minimum <\/strong>a augment\u00e9 de 42,35% pour atteindre environ 327 \u20ac.  <\/li>\n\n\n\n<li>Le <strong>taux de ch\u00f4mage <\/strong>est tomb\u00e9 \u00e0 un niveau sans pr\u00e9c\u00e9dent de 8,8 %.  <\/li>\n\n\n\n<li>La <strong>croissance \u00e9conomique <\/strong>de la Colombie sous la pr\u00e9sidence Petro a \u00e9t\u00e9 de 2,7% en moyenne, soit la quatri\u00e8me meilleure de tous les pays de l&rsquo;OCDE, selon les statistiques de l&rsquo;OCDE.  <\/li>\n\n\n\n<li>Les <strong>soins m\u00e9dicaux dans les zones rurales<\/strong> ont pu atteindre plus de 5,5 millions de familles. La mortalit\u00e9 infantile due \u00e0 la malnutrition a diminu\u00e9 de plus de 42%. <\/li>\n\n\n\n<li>Beaucoup de choses ont chang\u00e9 dans le domaine de l&rsquo;\u00e9ducation : l&rsquo;<strong>enseignement sup\u00e9rieur <\/strong>n&rsquo;est plus l&rsquo;apanage des classes ais\u00e9es. 97 % des \u00e9tudiants ne paient pas de frais de scolarit\u00e9. Le nombre d&rsquo;\u00e9tudiants de l&rsquo;enseignement sup\u00e9rieur a augment\u00e9 de plus de 50 % entre 2022 et 2025. En ce qui concerne l&rsquo;<strong>\u00e9ducation de la petite enfance<\/strong>, 36,2 % de places suppl\u00e9mentaires ont \u00e9t\u00e9 cr\u00e9\u00e9es pour les enfants d&rsquo;\u00e2ge pr\u00e9scolaire et 72,1 % de places suppl\u00e9mentaires dans les \u00e9coles maternelles.   <\/li>\n\n\n\n<li>En ce qui concerne l&rsquo;<strong>infrastructure des b\u00e2timents scolaires<\/strong>, le minist\u00e8re de l&rsquo;\u00c9ducation a investi de mani\u00e8re significative dans l&rsquo;am\u00e9lioration des \u00e9coles, en particulier dans les zones rurales. D&rsquo;ici fin 2024, plus de 1.000 \u00e9coles \u00e0 travers le pays auront \u00e9t\u00e9 r\u00e9nov\u00e9es en deux ans, am\u00e9liorant ainsi les conditions des espaces d&rsquo;apprentissage, les connexions Internet et la disponibilit\u00e9 des ressources \u00e9ducatives.<br\/>Actuellement, 1.725.000 \u00e9l\u00e8ves b\u00e9n\u00e9ficient de l&rsquo;<strong>allongement de la journ\u00e9e scolaire<\/strong>. Cela signifie non seulement plus de temps \u00e0 l&rsquo;\u00e9cole, mais aussi des repas scolaires assur\u00e9s et des activit\u00e9s vari\u00e9es dans des domaines tels que les arts, la culture, le sport, le bilinguisme, les sciences, la technologie et l&rsquo;innovation, les langues, les math\u00e9matiques et l&rsquo;\u00e9ducation \u00e0 la paix, ce qui favorise le d\u00e9veloppement des comp\u00e9tences de vie.  <\/li>\n\n\n\n<li>L&rsquo;un des principaux projets du gouvernement est la <strong>transition \u00e9nerg\u00e9tique<\/strong> afin d&rsquo;amorcer la d\u00e9carbonisation de l&rsquo;\u00e9conomie. Sous Petro, 3,1 gigawatts d&rsquo;\u00e9nergie solaire et \u00e9olienne ont \u00e9t\u00e9 int\u00e9gr\u00e9s dans le syst\u00e8me \u00e9nerg\u00e9tique national, ce qui porte \u00e0 13,87% la part d&rsquo;\u00e9nergie propre dans le mix \u00e9nerg\u00e9tique du pays. Les deux raffineries du pays produisent 30 000 tonnes d&rsquo;hydrog\u00e8ne vert par an et l&rsquo;objectif pour 2040 est de produire un million de tonnes d&rsquo;hydrog\u00e8ne vert pour r\u00e9pondre \u00e0 la demande actuelle et future, et m\u00eame d&rsquo;exporter de l&rsquo;hydrog\u00e8ne. Dans ce contexte, il convient de noter que la coop\u00e9ration avec le gouvernement allemand Ampel a \u00e9t\u00e9 fondamentale pour la mise en \u0153uvre de la transition \u00e9nerg\u00e9tique.La d\u00e9centralisation de l&rsquo;approvisionnement en \u00e9lectricit\u00e9 et en eau a progress\u00e9. Ainsi, les zones rurales ont enfin \u00e9t\u00e9 approvisionn\u00e9es, ce qui les rend en grande partie ind\u00e9pendantes des groupes \u00e9nerg\u00e9tiques.    <\/li>\n\n\n\n<li>Les succ\u00e8s en mati\u00e8re de <strong>politique \u00e9trang\u00e8re et environnementale<\/strong> sont \u00e9galement notables. Le pr\u00e9sident Petro a obtenu des r\u00e9sultats remarquables au cours de son mandat gr\u00e2ce \u00e0 son engagement en faveur du multilat\u00e9ralisme et \u00e0 des initiatives dans ce sens. Le r\u00e9tablissement des relations diplomatiques avec le Venezuela, qui a permis de stabiliser la r\u00e9gion frontali\u00e8re, m\u00e9rite d&rsquo;\u00eatre soulign\u00e9. En outre, le gouvernement Petro a renforc\u00e9 les relations avec l&rsquo;Afrique et fait progresser la coop\u00e9ration \u00e9conomique et politique avec ce continent oubli\u00e9 par les anciennes \u00e9lites du pays. Cela est plus que n\u00e9cessaire : Pr\u00e8s de 10% de la population a des racines africaines et la culture colombienne comprend des traditions africaines.<br\/>De plus, Petro a renforc\u00e9 l&rsquo;influence de la Colombie sur <strong>les questions climatiques mondiales<\/strong>, s&rsquo;est positionn\u00e9 dans les forums internationaux comme un d\u00e9fenseur engag\u00e9 de l&rsquo;environnement et a appel\u00e9 avec assurance le Nord mondial \u00e0 agir contre le changement climatique, notamment au nom de la protection des esp\u00e8ces.      <\/li>\n<\/ul>\n\n<p>Une grande partie des investissements sociaux et infrastructurels a pu \u00eatre financ\u00e9e par une augmentation de l&rsquo;imp\u00f4t sur le revenu et une suppression temporaire des subventions \u00e0 l&rsquo;essence. Les subventions au diesel ont \u00e9t\u00e9 maintenues, car les transports publics (bus) utilis\u00e9s par les couches les plus pauvres de la population sont tributaires du diesel. Une deuxi\u00e8me augmentation de l&rsquo;imp\u00f4t sur le revenu n&rsquo;a cependant pas trouv\u00e9 de majorit\u00e9 au S\u00e9nat.  <\/p>\n\n<h2 class=\"wp-block-heading\"><strong>Qu&rsquo;est-ce qui n&rsquo;a pas bien fonctionn\u00e9 sous Petro ?<\/strong><\/h2>\n\n<p><\/p>\n\n<p>Cependant, le bilan de la pr\u00e9sidence Petro n&rsquo;est pas tout rose.<\/p>\n\n<p>La <strong>politique de paix totale<\/strong> a largement \u00e9chou\u00e9.<sup data-fn=\"a6a7d5e6-7c4e-4ae6-a25a-33d275b20523\" class=\"fn\"><a href=\"#a6a7d5e6-7c4e-4ae6-a25a-33d275b20523\" id=\"a6a7d5e6-7c4e-4ae6-a25a-33d275b20523-link\">2<\/a><\/sup> Le r\u00e9sultat des n\u00e9gociations avec tous les groupes arm\u00e9s comme l&rsquo;ELN, les groupes dissidents des FARC (l&rsquo;EMC et la Segunda Marquetalia), en plus des paramilitaires de droite comme le Clan del Golfo ou les Autodefensas Gaitanistas de Colombia (AGC, un groupe li\u00e9 au trafic de drogue pr\u00e9sent dans le nord du pays), les Autodefensas Conquistadoras de la Sierra Nevada des environs de la ville de Santa Marta, et les gangs locaux de Buenaventura, Medell\u00edn et de la vall\u00e9e d&rsquo;Aburr\u00e1 et Quibd\u00f3 est maigre.<\/p>\n\n<p>Les attentes des discussions avec l&rsquo;ELN n&rsquo;ont pas \u00e9t\u00e9 satisfaites, bien qu&rsquo;un accord ait \u00e9t\u00e9 trouv\u00e9 au d\u00e9but sur certains points de l&rsquo;agenda de n\u00e9gociation. Ainsi, il y a eu un cessez-le-feu, mais l&rsquo;ELN a continu\u00e9 \u00e0 suivre le \u00ab\u00a0mod\u00e8le \u00e9conomique\u00a0\u00bb des enl\u00e8vements, alors que l&rsquo;agenda de n\u00e9gociation l&rsquo;interdisait strictement. Lorsque le gouvernement a entam\u00e9 des n\u00e9gociations directes avec Comuneros del Sur, un front qui s&rsquo;opposait \u00e0 la direction nationale de l&rsquo;ELN, cela a irrit\u00e9 la gu\u00e9rilla qui s&rsquo;est retir\u00e9e de la table des n\u00e9gociations. La rupture d\u00e9finitive a eu lieu en janvier, lorsque le groupe a lanc\u00e9 une violente offensive contre les dissidents de l&rsquo;ex-FARC dans la r\u00e9gion de Catatumbo.     <\/p>\n\n<p>Les groupes directement li\u00e9s au <strong>trafic de drogue <\/strong>ne sont actuellement pas int\u00e9ress\u00e9s par la poursuite des n\u00e9gociations de paix. Cela s&rsquo;explique en partie par le fait que la strat\u00e9gie du gouvernement n&rsquo;a pas \u00e9t\u00e9 pens\u00e9e de mani\u00e8re coh\u00e9rente jusqu&rsquo;au bout. Par exemple, la politique de substitution de la culture de la coca par celle des plants de cacao n\u00e9cessite des investissements dans les infrastructures, comme la construction de nouvelles routes, afin que les produits de substitution puissent \u00eatre mis sur le march\u00e9. Ces investissements ont \u00e9t\u00e9 limit\u00e9s. Jusqu&rsquo;\u00e0 pr\u00e9sent, les trafiquants de drogue vont eux-m\u00eames chercher les feuilles de coca et les am\u00e8nent aux laboratoires pour les transformer. Cependant, le gouvernement lutte r\u00e9solument contre la culture et la commercialisation de la coca\u00efne. Jusqu&rsquo;\u00e0 pr\u00e9sent, le gouvernement a saisi plus de 2800 tonnes de coca\u00efne. Aucun gouvernement pr\u00e9c\u00e9dent n&rsquo;avait pu pr\u00e9senter des chiffres comparables. Ce sujet a \u00e9galement fait partie de la conversation entre Trump et Petro le 3 f\u00e9vrier 2026.        <\/p>\n\n<p>A cela s&rsquo;ajoutent les erreurs de gestion de Petro. Il y a eu <strong>d&rsquo;innombrables remaniements minist\u00e9riels<\/strong>, difficiles \u00e0 comprendre pour les \u00e9lecteurs. L&rsquo;arriv\u00e9e de personnalit\u00e9s politiques controvers\u00e9es au sein du gouvernement, comme l&rsquo;actuel ministre de l&rsquo;Int\u00e9rieur, accus\u00e9 d&rsquo;avoir battu sa femme en Espagne, ou l&rsquo;actuelle ambassadrice en Grande-Bretagne, en fait une carri\u00e9riste sans pass\u00e9 de gauche, a \u00e9galement suscit\u00e9 le m\u00e9contentement, et pas seulement parmi les partisans du gouvernement.  <\/p>\n\n<h2 class=\"wp-block-heading\"><strong>Le rapport de force dans la campagne pr\u00e9sidentielle actuelle<\/strong><\/h2>\n\n<p><\/p>\n\n<p>Mais dans l&rsquo;ensemble, la politique de Petro pour la Colombie, le pays le plus in\u00e9galitaire d&rsquo;Am\u00e9rique du Sud, a port\u00e9 ses fruits pour les personnes oubli\u00e9es par l&rsquo;establishment pendant des d\u00e9cennies. Cela laisse esp\u00e9rer que les \u00e9lections pr\u00e9sidentielles pourront \u00eatre remport\u00e9es par les forces progressistes. <\/p>\n\n<p>En octobre dernier, un vote interne au Pacto Hist\u00f3rico, organis\u00e9 par les membres et les sympathisants, a d\u00e9sign\u00e9 le candidat qui repr\u00e9senterait le Pacto Hist\u00f3rico lors des primaires pr\u00e9sidentielles interpartis. Environ 2,8 millions de personnes ont particip\u00e9 \u00e0 cette d\u00e9cision et Iv\u00e1n Cepeda a obtenu plus de 65% des voix. L&rsquo;ancienne ministre de la Sant\u00e9 Carolina Corcho a obtenu le deuxi\u00e8me plus grand nombre de voix et sera donc la t\u00eate de liste pour le S\u00e9nat.  <\/p>\n\n<p><strong>Iv\u00e1n Cepeda<\/strong> est membre du Parlement depuis 2010, d&rsquo;abord comme repr\u00e9sentant de Bogota \u00e0 la Chambre des repr\u00e9sentants, puis comme s\u00e9nateur de la R\u00e9publique depuis 2014. Il est philosophe et militant des droits de l&rsquo;homme. Ses points forts sont l&rsquo;int\u00e9grit\u00e9 et la coh\u00e9rence de son action politique. Cepeda est un <strong>adversaire<\/strong> r\u00e9solu de <strong>l&rsquo;ancien pr\u00e9sident \u00c1lvaro Uribe<\/strong>, qu&rsquo;il a critiqu\u00e9 pour les violations des droits de l&rsquo;homme commises durant sa carri\u00e8re politique. En avril 2012, alors qu&rsquo;il \u00e9tait d\u00e9put\u00e9 \u00e0 la Chambre des repr\u00e9sentants, Cepeda a convoqu\u00e9 un d\u00e9bat sur le paramilitarisme \u00e0 Antioquia, dans lequel il a abord\u00e9 les liens pr\u00e9sum\u00e9s d&rsquo;Uribe et de ses proches avec les paramilitaires pendant son mandat de gouverneur de ce d\u00e9partement. Plus tard, en tant que s\u00e9nateur, il a de nouveau confront\u00e9 Uribe lors d&rsquo;un d\u00e9bat sur le paramilitarisme en Colombie, cette fois en sa pr\u00e9sence. Uribe a inculp\u00e9 Cepeda de manipulation de t\u00e9moins devant la Cour supr\u00eame. Apr\u00e8s un examen approfondi par la Cour, celle-ci a acquitt\u00e9 Cepeda de toutes les accusations et a \u00e9tabli qu&rsquo;Uribe, par l&rsquo;interm\u00e9diaire de son avocat Diego Cadena, s&rsquo;\u00e9tait rendu coupable de subornation de t\u00e9moins dans le but d&rsquo;inciter ces t\u00e9moins \u00e0 t\u00e9moigner contre Cepeda.         <\/p>\n\n<p>Cepeda a r\u00e9ussi \u00e0 faire compara\u00eetre Uribe devant un tribunal ordinaire. Apr\u00e8s de nombreuses audiences, Uribe a \u00e9t\u00e9 condamn\u00e9 en premi\u00e8re instance \u00e0 12 ans de prison. En deuxi\u00e8me instance, Uribe a toutefois \u00e9t\u00e9 acquitt\u00e9 par 2 simmen contre 1, &#8211; la Cour de cassation de la Cour supr\u00eame doit maintenant prendre une d\u00e9cision d\u00e9finitive.  <\/p>\n\n<p>Actuellement, Ivan Cepeda est clairement en t\u00eate des sondages et sera tr\u00e8s certainement pr\u00e9sent au second tour. En raison de sa longue et irr\u00e9prochable carri\u00e8re politique, il est tr\u00e8s connu et jouit d&rsquo;un grand prestige en Colombie. <\/p>\n\n<h2 class=\"wp-block-heading\"><strong>Et qui sont les opposants au Pacto Hist\u00f3rico et au candidat \u00e0 la pr\u00e9sidence Iv\u00e1n Cepeda ?<\/strong><\/h2>\n\n<p><\/p>\n\n<p>A droite de l&rsquo;\u00e9chiquier politique, on ne sait pas encore tr\u00e8s bien qui sera l&rsquo;adversaire d&rsquo;Iv Cepeda lors d&rsquo;un probable second tour.  <\/p>\n\n<p>Le parti Centro Democr\u00e1tico (CD) de l&rsquo;ancien pr\u00e9sident Uribe a choisi la s\u00e9natrice Paloma Valencia comme candidate \u00e0 la pr\u00e9sidence lors d&rsquo;un sondage t\u00e9l\u00e9phonique au sein du CD, auquel seulement 2.255 ( !) personnes ont particip\u00e9. Cependant, la s\u00e9natrice Paloma Valancia a obtenu un brillant score de 46% aux primaires de la droite, qui se sont d\u00e9roul\u00e9es parall\u00e8lement aux \u00e9lections l\u00e9gislatives, ce qui fait d&rsquo;elle la favorite de la droite. Paloma est la petite-fille du pr\u00e9sident Le\u00f3n Valencia, connu pour ses exc\u00e8s et son agression contre des paysans en 1964. Cette attaque a d&rsquo;ailleurs conduit \u00e0 la cr\u00e9ation des FARC. L&rsquo;une des propositions les plus \u00ab\u00a0cr\u00e9atives\u00a0\u00bb de Paloma Valencia \u00e9tait de diviser g\u00e9ographiquement et politiquement le d\u00e9partement du Cauca, dont elle est originaire avec ses anc\u00eatres, en une partie s\u00e9par\u00e9e pour les indig\u00e8nes et une autre pour les blancs et les m\u00e9tis.    <\/p>\n\n<p><strong>A l&rsquo;extr\u00eame droite<\/strong> se trouve un autre candidat \u00e0 la pr\u00e9sidence : l&rsquo;avocat Abelardo de la Espriella. Il est connu que ses clients ont des liens avec les paramilitaires, le trafic de drogue et le blanchiment d&rsquo;argent. Gr\u00e2ce \u00e0 ses activit\u00e9s d&rsquo;avocat, il a accumul\u00e9 une grande fortune dont le candidat n&rsquo;a jamais pu \u00e9lucider l&rsquo;origine. L&rsquo;un de ses clients est Alex Saab, un Colombien \u00e0 qui Maduro a accord\u00e9 la nationalit\u00e9 v\u00e9n\u00e9zu\u00e9lienne. Il a \u00e9t\u00e9 le principal ministre et conseiller de Maduro et a \u00e9t\u00e9 accus\u00e9 d&rsquo;\u00eatre le cerveau du blanchiment d&rsquo;argent et de la corruption dans le pays.<br\/>De la Espriella, un chanteur et entrepreneur tout juste m\u00e9diocre, s&rsquo;est \u00e9galement pr\u00e9sent\u00e9 \u00e0 la pr\u00e9sidence et a annonc\u00e9 qu&rsquo;il allait \u00ab\u00a0\u00e9radiquer\u00a0\u00bb la gauche et tous ceux qui sont contre l&rsquo;establishment. Le parti d&rsquo;Espriella n&rsquo;a toutefois obtenu que 3% des voix lors des \u00e9lections l\u00e9gislatives du 8 mars.     <\/p>\n\n<p>Au <strong>centre de l&rsquo;\u00e9chiquier politique<\/strong>, il y a plusieurs candidats :<br\/>Sergio Fajardo, ancien gouverneur d&rsquo;Antioquia et maire de Medell\u00edn, m\u00e8ne les \u00ab\u00a0mod\u00e9r\u00e9s\u00a0\u00bb. Il a d\u00e9j\u00e0 \u00e9t\u00e9 candidat \u00e0 plusieurs reprises et est connu du public pour \u00eatre all\u00e9 observer les baleines juste au moment o\u00f9 sa pr\u00e9sence \u00e9tait urgente.<br\/>Claudia L\u00f3pez, ancienne maire de Bogot\u00e1, qui s&rsquo;est distingu\u00e9e par ses d\u00e9clarations x\u00e9nophobes contre les immigr\u00e9s v\u00e9n\u00e9zu\u00e9liens, est une autre candidate. Elle et sa partenaire sont connues pour nuire au projet progressiste, bien qu&rsquo;elles se soient pr\u00e9sent\u00e9es sous l&rsquo;\u00e9tiquette des Verts, car elles ne joindront pas les actes \u00e0 leurs promesses et mettront en \u0153uvre des politiques de droite plut\u00f4t que de gauche.    <\/p>\n\n<p>La droite et le centre sont donc jusqu&rsquo;\u00e0 pr\u00e9sent divis\u00e9s, et il n&rsquo;y a pour l&rsquo;instant pas de candidat(e) commun(e) capable de tenir t\u00eate aux forces progressistes.<\/p>\n\n<p>M\u00eame si Cepeda n&rsquo;est pas un grand orateur ou un tribun populaire, il a su gagner la sympathie des gens ordinaires gr\u00e2ce \u00e0 sa coh\u00e9rence et \u00e0 son int\u00e9grit\u00e9. Ses arguments sont clairs et concis. Il semble assur\u00e9 d&rsquo;\u00eatre au second tour. Reste \u00e0 savoir contre quel candidat de la droite ou du centre il devra se battre au second tour.   <\/p>\n\n<p>La Colombie \u00e0 la crois\u00e9e des chemins : les Colombiens ont le choix entre opter pour des politiques progressistes dans l&rsquo;int\u00e9r\u00eat de la population et de la paix ou permettre \u00e0 la droite d&rsquo;an\u00e9antir les r\u00e9formes et les succ\u00e8s obtenus.<\/p>\n\n<h2 class=\"wp-block-heading\">Notes de bas de page<\/h2>\n<ol class=\"wp-block-footnotes\"><li id=\"ee441efe-16f1-47da-acac-cd8ad664164a\">Entre-temps (au 13 mars 2026), le Pacto Historico a r\u00e9ussi \u00e0 gagner 2 si\u00e8ges au S\u00e9nat et 4 si\u00e8ges \u00e0 la Chambre des d\u00e9put\u00e9s, et pourrait m\u00eame en gagner davantage dans les deux cas. En outre, plusieurs irr\u00e9gularit\u00e9s ont \u00e9t\u00e9 observ\u00e9es lors des \u00e9lections de mars, ce qui pourrait conduire \u00e0 de nouvelles mesures.  <a href=\"#ee441efe-16f1-47da-acac-cd8ad664164a-link\" aria-label=\"Aller \u00e0 la note de bas de page 1\">\u21a9\ufe0e<\/a><\/li><li id=\"a6a7d5e6-7c4e-4ae6-a25a-33d275b20523\">Les n\u00e9gociations avec les FARC, le plus grand groupe de gu\u00e9rilla \u00e0 l&rsquo;\u00e9poque, ont abouti en 2016. Ce processus de paix a \u00e9galement \u00e9t\u00e9 soutenu par le gouvernement allemand.  <a href=\"#a6a7d5e6-7c4e-4ae6-a25a-33d275b20523-link\" aria-label=\"Aller \u00e0 la note de bas de page 2\">\u21a9\ufe0e<\/a><\/li><\/ol>\n<p><strong>Photo de couverture :<\/strong> Iv\u00e1n Cepeda Castro, membre du S\u00e9nat colombien ; URL : https:\/\/commons.wikimedia.org\/wiki\/user:IvanCepedaCastro<\/p>\n","protected":false},"excerpt":{"rendered":"<p>La Colombie a \u00e9lu un nouveau parlement et les \u00e9lections pr\u00e9sidentielles auront lieu dans quelques semaines. Ricardo Cardenas dresse le bilan des r\u00e9alisations et des erreurs du pr\u00e9sident de gauche Petro. Il analyse \u00e9galement les chances du candidat de gauche<\/p>\n","protected":false},"author":2,"featured_media":5761,"comment_status":"open","ping_status":"open","sticky":false,"template":"","format":"standard","meta":{"footnotes":"[{\"id\":\"ee441efe-16f1-47da-acac-cd8ad664164a\",\"content\":\"Entre-temps (au 13 mars 2026), le Pacto Historico a r\\u00e9ussi \\u00e0 gagner 2 si\\u00e8ges au S\\u00e9nat et 4 si\\u00e8ges \\u00e0 la Chambre des d\\u00e9put\\u00e9s, et pourrait m\\u00eame en gagner davantage dans les deux cas. En outre, plusieurs irr\\u00e9gularit\\u00e9s ont \\u00e9t\\u00e9 observ\\u00e9es lors des \\u00e9lections de mars, ce qui pourrait conduire \\u00e0 de nouvelles mesures. \"},{\"id\":\"a6a7d5e6-7c4e-4ae6-a25a-33d275b20523\",\"content\":\"Les n\\u00e9gociations avec les FARC, le plus grand groupe de gu\\u00e9rilla \\u00e0 l'\\u00e9poque, ont abouti en 2016. Ce processus de paix a \\u00e9galement \\u00e9t\\u00e9 soutenu par le gouvernement allemand. \"}]"},"categories":[63],"tags":[],"ppma_author":[126],"class_list":["post-5762","post","type-post","status-publish","format-standard","has-post-thumbnail","hentry","category-amerique-latine"],"yoast_head":"<!-- This site is optimized with the Yoast SEO plugin v27.5 - https:\/\/yoast.com\/product\/yoast-seo-wordpress\/ -->\n<title>La Colombie \u00e0 la crois\u00e9e des chemins : des \u00e9lections l\u00e9gislatives et pr\u00e9sidentielles en 2026. La gauche a-t-elle encore une chance en Am\u00e9rique latine ? - Politique internationale<\/title>\n<meta name=\"description\" content=\"Blog de Roger Peltzer sur le d\u00e9veloppement et la politique \u00e9trang\u00e8re, sur les th\u00e8mes des \u00c9tats fragiles, des droits de l&#039;homme et de l&#039;Am\u00e9rique latine.\" \/>\n<meta name=\"robots\" content=\"index, follow, max-snippet:-1, max-image-preview:large, max-video-preview:-1\" \/>\n<link rel=\"canonical\" href=\"https:\/\/roger-peltzer.com\/fr\/la-colombie-a-la-croisee-des-chemins-des-elections-legislatives-et-presidentielles-en-2026-la-gauche-a-t-elle-encore-une-chance-en-amerique-latine\/\" \/>\n<meta property=\"og:locale\" content=\"fr_FR\" \/>\n<meta property=\"og:type\" content=\"article\" \/>\n<meta property=\"og:title\" content=\"La Colombie \u00e0 la crois\u00e9e des chemins : des \u00e9lections l\u00e9gislatives et pr\u00e9sidentielles en 2026. La gauche a-t-elle encore une chance en Am\u00e9rique latine ? - Politique internationale\" \/>\n<meta property=\"og:description\" content=\"Blog de Roger Peltzer sur le d\u00e9veloppement et la politique \u00e9trang\u00e8re, sur les th\u00e8mes des \u00c9tats fragiles, des droits de l&#039;homme et de l&#039;Am\u00e9rique latine.\" \/>\n<meta property=\"og:url\" content=\"https:\/\/roger-peltzer.com\/fr\/la-colombie-a-la-croisee-des-chemins-des-elections-legislatives-et-presidentielles-en-2026-la-gauche-a-t-elle-encore-une-chance-en-amerique-latine\/\" \/>\n<meta property=\"og:site_name\" content=\"Politique internationale\" \/>\n<meta property=\"article:published_time\" content=\"2026-03-17T11:08:58+00:00\" \/>\n<meta property=\"article:modified_time\" content=\"2026-04-10T04:30:29+00:00\" \/>\n<meta property=\"og:image\" content=\"https:\/\/roger-peltzer.com\/wp-content\/uploads\/2026\/03\/Ivan_Cepeda.jpg\" \/>\n\t<meta property=\"og:image:width\" content=\"900\" \/>\n\t<meta property=\"og:image:height\" content=\"500\" \/>\n\t<meta property=\"og:image:type\" content=\"image\/jpeg\" \/>\n<meta name=\"author\" content=\"Ricardo C\u00e1rdenas\" \/>\n<meta name=\"twitter:card\" content=\"summary_large_image\" \/>\n<meta name=\"twitter:label1\" content=\"\u00c9crit par\" \/>\n\t<meta name=\"twitter:data1\" content=\"Roger Peltzer\" \/>\n\t<meta name=\"twitter:label2\" content=\"Dur\u00e9e de lecture estim\u00e9e\" \/>\n\t<meta name=\"twitter:data2\" content=\"14 minutes\" \/>\n<script type=\"application\/ld+json\" class=\"yoast-schema-graph\">{\"@context\":\"https:\\\/\\\/schema.org\",\"@graph\":[{\"@type\":\"Article\",\"@id\":\"https:\\\/\\\/roger-peltzer.com\\\/fr\\\/la-colombie-a-la-croisee-des-chemins-des-elections-legislatives-et-presidentielles-en-2026-la-gauche-a-t-elle-encore-une-chance-en-amerique-latine\\\/#article\",\"isPartOf\":{\"@id\":\"https:\\\/\\\/roger-peltzer.com\\\/fr\\\/la-colombie-a-la-croisee-des-chemins-des-elections-legislatives-et-presidentielles-en-2026-la-gauche-a-t-elle-encore-une-chance-en-amerique-latine\\\/\"},\"author\":{\"name\":\"Roger Peltzer\",\"@id\":\"https:\\\/\\\/roger-peltzer.com\\\/fr\\\/#\\\/schema\\\/person\\\/6506ec1961bde1e8ad9521e95d6a8dac\"},\"headline\":\"La Colombie \u00e0 la crois\u00e9e des chemins : des \u00e9lections l\u00e9gislatives et pr\u00e9sidentielles en 2026. La gauche a-t-elle encore une chance en Am\u00e9rique latine ?\",\"datePublished\":\"2026-03-17T11:08:58+00:00\",\"dateModified\":\"2026-04-10T04:30:29+00:00\",\"mainEntityOfPage\":{\"@id\":\"https:\\\/\\\/roger-peltzer.com\\\/fr\\\/la-colombie-a-la-croisee-des-chemins-des-elections-legislatives-et-presidentielles-en-2026-la-gauche-a-t-elle-encore-une-chance-en-amerique-latine\\\/\"},\"wordCount\":2886,\"commentCount\":0,\"publisher\":{\"@id\":\"https:\\\/\\\/roger-peltzer.com\\\/fr\\\/#\\\/schema\\\/person\\\/6506ec1961bde1e8ad9521e95d6a8dac\"},\"image\":{\"@id\":\"https:\\\/\\\/roger-peltzer.com\\\/fr\\\/la-colombie-a-la-croisee-des-chemins-des-elections-legislatives-et-presidentielles-en-2026-la-gauche-a-t-elle-encore-une-chance-en-amerique-latine\\\/#primaryimage\"},\"thumbnailUrl\":\"https:\\\/\\\/roger-peltzer.com\\\/wp-content\\\/uploads\\\/2026\\\/03\\\/Ivan_Cepeda.jpg\",\"articleSection\":[\"Am\u00e9rique latine\"],\"inLanguage\":\"fr-FR\",\"potentialAction\":[{\"@type\":\"CommentAction\",\"name\":\"Comment\",\"target\":[\"https:\\\/\\\/roger-peltzer.com\\\/fr\\\/la-colombie-a-la-croisee-des-chemins-des-elections-legislatives-et-presidentielles-en-2026-la-gauche-a-t-elle-encore-une-chance-en-amerique-latine\\\/#respond\"]}]},{\"@type\":\"WebPage\",\"@id\":\"https:\\\/\\\/roger-peltzer.com\\\/fr\\\/la-colombie-a-la-croisee-des-chemins-des-elections-legislatives-et-presidentielles-en-2026-la-gauche-a-t-elle-encore-une-chance-en-amerique-latine\\\/\",\"url\":\"https:\\\/\\\/roger-peltzer.com\\\/fr\\\/la-colombie-a-la-croisee-des-chemins-des-elections-legislatives-et-presidentielles-en-2026-la-gauche-a-t-elle-encore-une-chance-en-amerique-latine\\\/\",\"name\":\"La Colombie \u00e0 la crois\u00e9e des chemins : des \u00e9lections l\u00e9gislatives et pr\u00e9sidentielles en 2026. La gauche a-t-elle encore une chance en Am\u00e9rique latine ? - Politique internationale\",\"isPartOf\":{\"@id\":\"https:\\\/\\\/roger-peltzer.com\\\/fr\\\/#website\"},\"primaryImageOfPage\":{\"@id\":\"https:\\\/\\\/roger-peltzer.com\\\/fr\\\/la-colombie-a-la-croisee-des-chemins-des-elections-legislatives-et-presidentielles-en-2026-la-gauche-a-t-elle-encore-une-chance-en-amerique-latine\\\/#primaryimage\"},\"image\":{\"@id\":\"https:\\\/\\\/roger-peltzer.com\\\/fr\\\/la-colombie-a-la-croisee-des-chemins-des-elections-legislatives-et-presidentielles-en-2026-la-gauche-a-t-elle-encore-une-chance-en-amerique-latine\\\/#primaryimage\"},\"thumbnailUrl\":\"https:\\\/\\\/roger-peltzer.com\\\/wp-content\\\/uploads\\\/2026\\\/03\\\/Ivan_Cepeda.jpg\",\"datePublished\":\"2026-03-17T11:08:58+00:00\",\"dateModified\":\"2026-04-10T04:30:29+00:00\",\"description\":\"Blog de Roger Peltzer sur le d\u00e9veloppement et la politique \u00e9trang\u00e8re, sur les th\u00e8mes des \u00c9tats fragiles, des droits de l'homme et de l'Am\u00e9rique latine.\",\"breadcrumb\":{\"@id\":\"https:\\\/\\\/roger-peltzer.com\\\/fr\\\/la-colombie-a-la-croisee-des-chemins-des-elections-legislatives-et-presidentielles-en-2026-la-gauche-a-t-elle-encore-une-chance-en-amerique-latine\\\/#breadcrumb\"},\"inLanguage\":\"fr-FR\",\"potentialAction\":[{\"@type\":\"ReadAction\",\"target\":[\"https:\\\/\\\/roger-peltzer.com\\\/fr\\\/la-colombie-a-la-croisee-des-chemins-des-elections-legislatives-et-presidentielles-en-2026-la-gauche-a-t-elle-encore-une-chance-en-amerique-latine\\\/\"]}]},{\"@type\":\"ImageObject\",\"inLanguage\":\"fr-FR\",\"@id\":\"https:\\\/\\\/roger-peltzer.com\\\/fr\\\/la-colombie-a-la-croisee-des-chemins-des-elections-legislatives-et-presidentielles-en-2026-la-gauche-a-t-elle-encore-une-chance-en-amerique-latine\\\/#primaryimage\",\"url\":\"https:\\\/\\\/roger-peltzer.com\\\/wp-content\\\/uploads\\\/2026\\\/03\\\/Ivan_Cepeda.jpg\",\"contentUrl\":\"https:\\\/\\\/roger-peltzer.com\\\/wp-content\\\/uploads\\\/2026\\\/03\\\/Ivan_Cepeda.jpg\",\"width\":900,\"height\":500},{\"@type\":\"BreadcrumbList\",\"@id\":\"https:\\\/\\\/roger-peltzer.com\\\/fr\\\/la-colombie-a-la-croisee-des-chemins-des-elections-legislatives-et-presidentielles-en-2026-la-gauche-a-t-elle-encore-une-chance-en-amerique-latine\\\/#breadcrumb\",\"itemListElement\":[{\"@type\":\"ListItem\",\"position\":1,\"name\":\"Accueil\",\"item\":\"https:\\\/\\\/roger-peltzer.com\\\/fr\\\/\"},{\"@type\":\"ListItem\",\"position\":2,\"name\":\"La Colombie \u00e0 la crois\u00e9e des chemins : des \u00e9lections l\u00e9gislatives et pr\u00e9sidentielles en 2026. La gauche a-t-elle encore une chance en Am\u00e9rique latine ?\"}]},{\"@type\":\"WebSite\",\"@id\":\"https:\\\/\\\/roger-peltzer.com\\\/fr\\\/#website\",\"url\":\"https:\\\/\\\/roger-peltzer.com\\\/fr\\\/\",\"name\":\"Politique internationale\",\"description\":\"Roger Peltzer\",\"publisher\":{\"@id\":\"https:\\\/\\\/roger-peltzer.com\\\/fr\\\/#\\\/schema\\\/person\\\/6506ec1961bde1e8ad9521e95d6a8dac\"},\"potentialAction\":[{\"@type\":\"SearchAction\",\"target\":{\"@type\":\"EntryPoint\",\"urlTemplate\":\"https:\\\/\\\/roger-peltzer.com\\\/fr\\\/?s={search_term_string}\"},\"query-input\":{\"@type\":\"PropertyValueSpecification\",\"valueRequired\":true,\"valueName\":\"search_term_string\"}}],\"inLanguage\":\"fr-FR\"},{\"@type\":[\"Person\",\"Organization\"],\"@id\":\"https:\\\/\\\/roger-peltzer.com\\\/fr\\\/#\\\/schema\\\/person\\\/6506ec1961bde1e8ad9521e95d6a8dac\",\"name\":\"Roger Peltzer\",\"image\":{\"@type\":\"ImageObject\",\"inLanguage\":\"fr-FR\",\"@id\":\"https:\\\/\\\/roger-peltzer.com\\\/wp-content\\\/uploads\\\/2023\\\/09\\\/roger-peltzer-weltjugendtag-square.jpgd5bfa09cc9b6ba3f4dfe4bfbbc24c702\",\"url\":\"https:\\\/\\\/roger-peltzer.com\\\/wp-content\\\/uploads\\\/2023\\\/09\\\/roger-peltzer-weltjugendtag-square.jpg\",\"contentUrl\":\"https:\\\/\\\/roger-peltzer.com\\\/wp-content\\\/uploads\\\/2023\\\/09\\\/roger-peltzer-weltjugendtag-square.jpg\",\"caption\":\"Roger Peltzer\"},\"logo\":{\"@id\":\"https:\\\/\\\/roger-peltzer.com\\\/wp-content\\\/uploads\\\/2023\\\/09\\\/roger-peltzer-weltjugendtag-square.jpgd5bfa09cc9b6ba3f4dfe4bfbbc24c702\"},\"description\":\"[wpml-string context=\\\"pb-bioinfo\\\" name=\\\"info-1\\\"]70 Jahre alt, verheiratet, 3 Kinder und 4 Enkelkinder. Ich habe an der Universit\u00e4t M\u00fcnster Volkswirtschaft studiert und anschlie\u00dfend den postgraduierten Kurs am deutschen Institut f\u00fcr Entwicklungspolitik (heute IDOS) absolviert.[\\\/wpml-string]\",\"sameAs\":[\"https:\\\/\\\/roger-peltzer.com\\\/ueber-mich\\\/\"],\"url\":\"https:\\\/\\\/roger-peltzer.com\\\/fr\\\/author\\\/roger\\\/\"}]}<\/script>\n<!-- \/ Yoast SEO plugin. -->","yoast_head_json":{"title":"La Colombie \u00e0 la crois\u00e9e des chemins : des \u00e9lections l\u00e9gislatives et pr\u00e9sidentielles en 2026. La gauche a-t-elle encore une chance en Am\u00e9rique latine ? - Politique internationale","description":"Blog de Roger Peltzer sur le d\u00e9veloppement et la politique \u00e9trang\u00e8re, sur les th\u00e8mes des \u00c9tats fragiles, des droits de l'homme et de l'Am\u00e9rique latine.","robots":{"index":"index","follow":"follow","max-snippet":"max-snippet:-1","max-image-preview":"max-image-preview:large","max-video-preview":"max-video-preview:-1"},"canonical":"https:\/\/roger-peltzer.com\/fr\/la-colombie-a-la-croisee-des-chemins-des-elections-legislatives-et-presidentielles-en-2026-la-gauche-a-t-elle-encore-une-chance-en-amerique-latine\/","og_locale":"fr_FR","og_type":"article","og_title":"La Colombie \u00e0 la crois\u00e9e des chemins : des \u00e9lections l\u00e9gislatives et pr\u00e9sidentielles en 2026. La gauche a-t-elle encore une chance en Am\u00e9rique latine ? - Politique internationale","og_description":"Blog de Roger Peltzer sur le d\u00e9veloppement et la politique \u00e9trang\u00e8re, sur les th\u00e8mes des \u00c9tats fragiles, des droits de l'homme et de l'Am\u00e9rique latine.","og_url":"https:\/\/roger-peltzer.com\/fr\/la-colombie-a-la-croisee-des-chemins-des-elections-legislatives-et-presidentielles-en-2026-la-gauche-a-t-elle-encore-une-chance-en-amerique-latine\/","og_site_name":"Politique internationale","article_published_time":"2026-03-17T11:08:58+00:00","article_modified_time":"2026-04-10T04:30:29+00:00","og_image":[{"width":900,"height":500,"url":"https:\/\/roger-peltzer.com\/wp-content\/uploads\/2026\/03\/Ivan_Cepeda.jpg","type":"image\/jpeg"}],"author":"Ricardo C\u00e1rdenas","twitter_card":"summary_large_image","twitter_misc":{"\u00c9crit par":"Roger Peltzer","Dur\u00e9e de lecture estim\u00e9e":"14 minutes"},"schema":{"@context":"https:\/\/schema.org","@graph":[{"@type":"Article","@id":"https:\/\/roger-peltzer.com\/fr\/la-colombie-a-la-croisee-des-chemins-des-elections-legislatives-et-presidentielles-en-2026-la-gauche-a-t-elle-encore-une-chance-en-amerique-latine\/#article","isPartOf":{"@id":"https:\/\/roger-peltzer.com\/fr\/la-colombie-a-la-croisee-des-chemins-des-elections-legislatives-et-presidentielles-en-2026-la-gauche-a-t-elle-encore-une-chance-en-amerique-latine\/"},"author":{"name":"Roger Peltzer","@id":"https:\/\/roger-peltzer.com\/fr\/#\/schema\/person\/6506ec1961bde1e8ad9521e95d6a8dac"},"headline":"La Colombie \u00e0 la crois\u00e9e des chemins : des \u00e9lections l\u00e9gislatives et pr\u00e9sidentielles en 2026. La gauche a-t-elle encore une chance en Am\u00e9rique latine ?","datePublished":"2026-03-17T11:08:58+00:00","dateModified":"2026-04-10T04:30:29+00:00","mainEntityOfPage":{"@id":"https:\/\/roger-peltzer.com\/fr\/la-colombie-a-la-croisee-des-chemins-des-elections-legislatives-et-presidentielles-en-2026-la-gauche-a-t-elle-encore-une-chance-en-amerique-latine\/"},"wordCount":2886,"commentCount":0,"publisher":{"@id":"https:\/\/roger-peltzer.com\/fr\/#\/schema\/person\/6506ec1961bde1e8ad9521e95d6a8dac"},"image":{"@id":"https:\/\/roger-peltzer.com\/fr\/la-colombie-a-la-croisee-des-chemins-des-elections-legislatives-et-presidentielles-en-2026-la-gauche-a-t-elle-encore-une-chance-en-amerique-latine\/#primaryimage"},"thumbnailUrl":"https:\/\/roger-peltzer.com\/wp-content\/uploads\/2026\/03\/Ivan_Cepeda.jpg","articleSection":["Am\u00e9rique latine"],"inLanguage":"fr-FR","potentialAction":[{"@type":"CommentAction","name":"Comment","target":["https:\/\/roger-peltzer.com\/fr\/la-colombie-a-la-croisee-des-chemins-des-elections-legislatives-et-presidentielles-en-2026-la-gauche-a-t-elle-encore-une-chance-en-amerique-latine\/#respond"]}]},{"@type":"WebPage","@id":"https:\/\/roger-peltzer.com\/fr\/la-colombie-a-la-croisee-des-chemins-des-elections-legislatives-et-presidentielles-en-2026-la-gauche-a-t-elle-encore-une-chance-en-amerique-latine\/","url":"https:\/\/roger-peltzer.com\/fr\/la-colombie-a-la-croisee-des-chemins-des-elections-legislatives-et-presidentielles-en-2026-la-gauche-a-t-elle-encore-une-chance-en-amerique-latine\/","name":"La Colombie \u00e0 la crois\u00e9e des chemins : des \u00e9lections l\u00e9gislatives et pr\u00e9sidentielles en 2026. La gauche a-t-elle encore une chance en Am\u00e9rique latine ? - Politique internationale","isPartOf":{"@id":"https:\/\/roger-peltzer.com\/fr\/#website"},"primaryImageOfPage":{"@id":"https:\/\/roger-peltzer.com\/fr\/la-colombie-a-la-croisee-des-chemins-des-elections-legislatives-et-presidentielles-en-2026-la-gauche-a-t-elle-encore-une-chance-en-amerique-latine\/#primaryimage"},"image":{"@id":"https:\/\/roger-peltzer.com\/fr\/la-colombie-a-la-croisee-des-chemins-des-elections-legislatives-et-presidentielles-en-2026-la-gauche-a-t-elle-encore-une-chance-en-amerique-latine\/#primaryimage"},"thumbnailUrl":"https:\/\/roger-peltzer.com\/wp-content\/uploads\/2026\/03\/Ivan_Cepeda.jpg","datePublished":"2026-03-17T11:08:58+00:00","dateModified":"2026-04-10T04:30:29+00:00","description":"Blog de Roger Peltzer sur le d\u00e9veloppement et la politique \u00e9trang\u00e8re, sur les th\u00e8mes des \u00c9tats fragiles, des droits de l'homme et de l'Am\u00e9rique latine.","breadcrumb":{"@id":"https:\/\/roger-peltzer.com\/fr\/la-colombie-a-la-croisee-des-chemins-des-elections-legislatives-et-presidentielles-en-2026-la-gauche-a-t-elle-encore-une-chance-en-amerique-latine\/#breadcrumb"},"inLanguage":"fr-FR","potentialAction":[{"@type":"ReadAction","target":["https:\/\/roger-peltzer.com\/fr\/la-colombie-a-la-croisee-des-chemins-des-elections-legislatives-et-presidentielles-en-2026-la-gauche-a-t-elle-encore-une-chance-en-amerique-latine\/"]}]},{"@type":"ImageObject","inLanguage":"fr-FR","@id":"https:\/\/roger-peltzer.com\/fr\/la-colombie-a-la-croisee-des-chemins-des-elections-legislatives-et-presidentielles-en-2026-la-gauche-a-t-elle-encore-une-chance-en-amerique-latine\/#primaryimage","url":"https:\/\/roger-peltzer.com\/wp-content\/uploads\/2026\/03\/Ivan_Cepeda.jpg","contentUrl":"https:\/\/roger-peltzer.com\/wp-content\/uploads\/2026\/03\/Ivan_Cepeda.jpg","width":900,"height":500},{"@type":"BreadcrumbList","@id":"https:\/\/roger-peltzer.com\/fr\/la-colombie-a-la-croisee-des-chemins-des-elections-legislatives-et-presidentielles-en-2026-la-gauche-a-t-elle-encore-une-chance-en-amerique-latine\/#breadcrumb","itemListElement":[{"@type":"ListItem","position":1,"name":"Accueil","item":"https:\/\/roger-peltzer.com\/fr\/"},{"@type":"ListItem","position":2,"name":"La Colombie \u00e0 la crois\u00e9e des chemins : des \u00e9lections l\u00e9gislatives et pr\u00e9sidentielles en 2026. La gauche a-t-elle encore une chance en Am\u00e9rique latine ?"}]},{"@type":"WebSite","@id":"https:\/\/roger-peltzer.com\/fr\/#website","url":"https:\/\/roger-peltzer.com\/fr\/","name":"Politique internationale","description":"Roger Peltzer","publisher":{"@id":"https:\/\/roger-peltzer.com\/fr\/#\/schema\/person\/6506ec1961bde1e8ad9521e95d6a8dac"},"potentialAction":[{"@type":"SearchAction","target":{"@type":"EntryPoint","urlTemplate":"https:\/\/roger-peltzer.com\/fr\/?s={search_term_string}"},"query-input":{"@type":"PropertyValueSpecification","valueRequired":true,"valueName":"search_term_string"}}],"inLanguage":"fr-FR"},{"@type":["Person","Organization"],"@id":"https:\/\/roger-peltzer.com\/fr\/#\/schema\/person\/6506ec1961bde1e8ad9521e95d6a8dac","name":"Roger Peltzer","image":{"@type":"ImageObject","inLanguage":"fr-FR","@id":"https:\/\/roger-peltzer.com\/wp-content\/uploads\/2023\/09\/roger-peltzer-weltjugendtag-square.jpgd5bfa09cc9b6ba3f4dfe4bfbbc24c702","url":"https:\/\/roger-peltzer.com\/wp-content\/uploads\/2023\/09\/roger-peltzer-weltjugendtag-square.jpg","contentUrl":"https:\/\/roger-peltzer.com\/wp-content\/uploads\/2023\/09\/roger-peltzer-weltjugendtag-square.jpg","caption":"Roger Peltzer"},"logo":{"@id":"https:\/\/roger-peltzer.com\/wp-content\/uploads\/2023\/09\/roger-peltzer-weltjugendtag-square.jpgd5bfa09cc9b6ba3f4dfe4bfbbc24c702"},"description":"[wpml-string context=\"pb-bioinfo\" name=\"info-1\"]70 Jahre alt, verheiratet, 3 Kinder und 4 Enkelkinder. Ich habe an der Universit\u00e4t M\u00fcnster Volkswirtschaft studiert und anschlie\u00dfend den postgraduierten Kurs am deutschen Institut f\u00fcr Entwicklungspolitik (heute IDOS) absolviert.[\/wpml-string]","sameAs":["https:\/\/roger-peltzer.com\/ueber-mich\/"],"url":"https:\/\/roger-peltzer.com\/fr\/author\/roger\/"}]}},"authors":[{"term_id":126,"user_id":0,"is_guest":1,"slug":"ricardo-cardenas","display_name":"Ricardo C\u00e1rdenas","avatar_url":{"url":"https:\/\/roger-peltzer.com\/wp-content\/uploads\/2026\/03\/ricardo-cardenas.jpeg","url2x":"https:\/\/roger-peltzer.com\/wp-content\/uploads\/2026\/03\/ricardo-cardenas.jpeg"},"0":null,"1":"","2":"","3":"","4":"","5":"","6":"","7":"","8":""}],"_links":{"self":[{"href":"https:\/\/roger-peltzer.com\/fr\/wp-json\/wp\/v2\/posts\/5762","targetHints":{"allow":["GET"]}}],"collection":[{"href":"https:\/\/roger-peltzer.com\/fr\/wp-json\/wp\/v2\/posts"}],"about":[{"href":"https:\/\/roger-peltzer.com\/fr\/wp-json\/wp\/v2\/types\/post"}],"author":[{"embeddable":true,"href":"https:\/\/roger-peltzer.com\/fr\/wp-json\/wp\/v2\/users\/2"}],"replies":[{"embeddable":true,"href":"https:\/\/roger-peltzer.com\/fr\/wp-json\/wp\/v2\/comments?post=5762"}],"version-history":[{"count":1,"href":"https:\/\/roger-peltzer.com\/fr\/wp-json\/wp\/v2\/posts\/5762\/revisions"}],"predecessor-version":[{"id":5763,"href":"https:\/\/roger-peltzer.com\/fr\/wp-json\/wp\/v2\/posts\/5762\/revisions\/5763"}],"wp:featuredmedia":[{"embeddable":true,"href":"https:\/\/roger-peltzer.com\/fr\/wp-json\/wp\/v2\/media\/5761"}],"wp:attachment":[{"href":"https:\/\/roger-peltzer.com\/fr\/wp-json\/wp\/v2\/media?parent=5762"}],"wp:term":[{"taxonomy":"category","embeddable":true,"href":"https:\/\/roger-peltzer.com\/fr\/wp-json\/wp\/v2\/categories?post=5762"},{"taxonomy":"post_tag","embeddable":true,"href":"https:\/\/roger-peltzer.com\/fr\/wp-json\/wp\/v2\/tags?post=5762"},{"taxonomy":"author","embeddable":true,"href":"https:\/\/roger-peltzer.com\/fr\/wp-json\/wp\/v2\/ppma_author?post=5762"}],"curies":[{"name":"wp","href":"https:\/\/api.w.org\/{rel}","templated":true}]}}