{"id":569,"date":"2023-08-22T11:50:03","date_gmt":"2023-08-22T11:50:03","guid":{"rendered":"https:\/\/roger-peltzer.com\/travail-sur-les-droits-de-lhomme-initiative-romero\/"},"modified":"2024-06-15T16:01:28","modified_gmt":"2024-06-15T16:01:28","slug":"travail-sur-les-droits-de-lhomme-initiative-romero","status":"publish","type":"post","link":"https:\/\/roger-peltzer.com\/fr\/travail-sur-les-droits-de-lhomme-initiative-romero\/","title":{"rendered":"Travail sur les droits de l'homme Initiative Romero"},"content":{"rendered":"\n<h2 class=\"wp-block-heading\">La CIR a \u00e9t\u00e9 cr\u00e9\u00e9e il y a 40 ans, \u00e0 l&rsquo;\u00e9poque \u00e9galement pour soutenir la r\u00e9volution sandiniste. La d\u00e9ception a \u00e9t\u00e9 et reste d&rsquo;autant plus grande face \u00e0 l&rsquo;\u00e9volution du Nicaragua sous Daniel Ortega et son ineffable \u00e9pouse vers une v\u00e9ritable dictature.<\/h2>\n\n<p><\/p>\n<div class=\"wp-block-image\">\n<figure class=\"aligncenter size-full is-resized\"><img loading=\"lazy\" decoding=\"async\" src=\"https:\/\/roger-peltzer.com\/wp-content\/uploads\/2023\/08\/CIR-logo.png\" alt=\"Logo CIR\" class=\"wp-image-239\" style=\"object-fit:contain;width:319px;height:145px\" width=\"319\" height=\"145\" srcset=\"https:\/\/roger-peltzer.com\/wp-content\/uploads\/2023\/08\/CIR-logo.png 567w, https:\/\/roger-peltzer.com\/wp-content\/uploads\/2023\/08\/CIR-logo-300x136.png 300w\" sizes=\"auto, (max-width: 319px) 100vw, 319px\" \/><\/figure>\n<\/div>\n<p><\/p>\n\n<h2 class=\"wp-block-heading\">Aujourd&rsquo;hui, la CIR est notamment engag\u00e9e dans le soutien aux d\u00e9fenseurs des droits de l&rsquo;homme dans toute l&rsquo;Am\u00e9rique centrale, qui sont aussi des \u00c9tats fragiles, \u00e0 l&rsquo;exception du Costa Rica. Aujourd&rsquo;hui, la CIR est active, entre autres, dans le domaine des droits de l&rsquo;homme en Am\u00e9rique centrale.<\/h2>\n\n<div class=\"wp-block-buttons is-content-justification-center is-layout-flex wp-container-core-buttons-is-layout-16018d1d wp-block-buttons-is-layout-flex\">\n<div class=\"wp-block-button\"><a class=\"wp-block-button__link has-text-align-left wp-element-button\" href=\"https:\/\/www.ci-romero.de\/spenden\/mrv-fonds\/\" target=\"_blank\" rel=\"noreferrer noopener\">Soutenir le CIR<\/a><\/div>\n<\/div>\n","protected":false},"excerpt":{"rendered":"<p>La CIR a \u00e9t\u00e9 cr\u00e9\u00e9e il y a 40 ans, \u00e0 l&rsquo;\u00e9poque \u00e9galement pour soutenir la r\u00e9volution sandiniste. La d\u00e9ception a \u00e9t\u00e9 et reste d&rsquo;autant plus grande face \u00e0 l&rsquo;\u00e9volution du Nicaragua sous Daniel Ortega et son ineffable \u00e9pouse vers<\/p>\n","protected":false},"author":2,"featured_media":482,"comment_status":"open","ping_status":"open","sticky":false,"template":"","format":"standard","meta":{"footnotes":""},"categories":[63,62],"tags":[],"ppma_author":[26],"class_list":["post-569","post","type-post","status-publish","format-standard","has-post-thumbnail","hentry","category-amerique-latine","category-droits-de-lhomme"],"yoast_head":"<!-- This site is optimized with the Yoast SEO plugin v27.5 - https:\/\/yoast.com\/product\/yoast-seo-wordpress\/ -->\n<title>Travail sur les droits de l&#039;homme Initiative Romero - Politique internationale<\/title>\n<meta name=\"description\" content=\"Blog de Roger Peltzer sur le d\u00e9veloppement et la politique \u00e9trang\u00e8re, sur les th\u00e8mes des \u00c9tats fragiles, des droits de l&#039;homme et de l&#039;Am\u00e9rique latine.\" \/>\n<meta name=\"robots\" content=\"index, follow, max-snippet:-1, max-image-preview:large, max-video-preview:-1\" \/>\n<link rel=\"canonical\" href=\"https:\/\/roger-peltzer.com\/fr\/travail-sur-les-droits-de-lhomme-initiative-romero\/\" \/>\n<meta property=\"og:locale\" content=\"fr_FR\" \/>\n<meta property=\"og:type\" content=\"article\" \/>\n<meta property=\"og:title\" content=\"Travail sur les droits de l&#039;homme Initiative Romero - Politique internationale\" \/>\n<meta property=\"og:description\" content=\"Blog de Roger Peltzer sur le d\u00e9veloppement et la politique \u00e9trang\u00e8re, sur les th\u00e8mes des \u00c9tats fragiles, des droits de l&#039;homme et de l&#039;Am\u00e9rique latine.\" \/>\n<meta property=\"og:url\" content=\"https:\/\/roger-peltzer.com\/fr\/travail-sur-les-droits-de-lhomme-initiative-romero\/\" \/>\n<meta property=\"og:site_name\" content=\"Politique internationale\" \/>\n<meta property=\"article:published_time\" content=\"2023-08-22T11:50:03+00:00\" \/>\n<meta property=\"article:modified_time\" content=\"2024-06-15T16:01:28+00:00\" \/>\n<meta property=\"og:image\" content=\"https:\/\/roger-peltzer.com\/wp-content\/uploads\/2023\/08\/CIR-MRV-Fonds-mitLogo-1024x576.png\" \/>\n\t<meta property=\"og:image:width\" content=\"1024\" \/>\n\t<meta property=\"og:image:height\" content=\"576\" \/>\n\t<meta property=\"og:image:type\" content=\"image\/png\" \/>\n<meta name=\"author\" content=\"Roger Peltzer\" \/>\n<meta name=\"twitter:card\" content=\"summary_large_image\" \/>\n<meta name=\"twitter:label1\" content=\"\u00c9crit par\" \/>\n\t<meta name=\"twitter:data1\" content=\"Roger Peltzer\" \/>\n<script type=\"application\/ld+json\" class=\"yoast-schema-graph\">{\"@context\":\"https:\\\/\\\/schema.org\",\"@graph\":[{\"@type\":\"Article\",\"@id\":\"https:\\\/\\\/roger-peltzer.com\\\/fr\\\/travail-sur-les-droits-de-lhomme-initiative-romero\\\/#article\",\"isPartOf\":{\"@id\":\"https:\\\/\\\/roger-peltzer.com\\\/fr\\\/travail-sur-les-droits-de-lhomme-initiative-romero\\\/\"},\"author\":{\"name\":\"Roger Peltzer\",\"@id\":\"https:\\\/\\\/roger-peltzer.com\\\/fr\\\/#\\\/schema\\\/person\\\/6506ec1961bde1e8ad9521e95d6a8dac\"},\"headline\":\"Travail sur les droits de l'homme Initiative Romero\",\"datePublished\":\"2023-08-22T11:50:03+00:00\",\"dateModified\":\"2024-06-15T16:01:28+00:00\",\"mainEntityOfPage\":{\"@id\":\"https:\\\/\\\/roger-peltzer.com\\\/fr\\\/travail-sur-les-droits-de-lhomme-initiative-romero\\\/\"},\"wordCount\":107,\"commentCount\":0,\"publisher\":{\"@id\":\"https:\\\/\\\/roger-peltzer.com\\\/fr\\\/#\\\/schema\\\/person\\\/6506ec1961bde1e8ad9521e95d6a8dac\"},\"image\":{\"@id\":\"https:\\\/\\\/roger-peltzer.com\\\/fr\\\/travail-sur-les-droits-de-lhomme-initiative-romero\\\/#primaryimage\"},\"thumbnailUrl\":\"https:\\\/\\\/roger-peltzer.com\\\/wp-content\\\/uploads\\\/2023\\\/08\\\/CIR-MRV-Fonds-mitLogo.png\",\"articleSection\":[\"Am\u00e9rique latine\",\"Droits de l'homme\"],\"inLanguage\":\"fr-FR\",\"potentialAction\":[{\"@type\":\"CommentAction\",\"name\":\"Comment\",\"target\":[\"https:\\\/\\\/roger-peltzer.com\\\/fr\\\/travail-sur-les-droits-de-lhomme-initiative-romero\\\/#respond\"]}]},{\"@type\":\"WebPage\",\"@id\":\"https:\\\/\\\/roger-peltzer.com\\\/fr\\\/travail-sur-les-droits-de-lhomme-initiative-romero\\\/\",\"url\":\"https:\\\/\\\/roger-peltzer.com\\\/fr\\\/travail-sur-les-droits-de-lhomme-initiative-romero\\\/\",\"name\":\"Travail sur les droits de l'homme Initiative Romero - Politique internationale\",\"isPartOf\":{\"@id\":\"https:\\\/\\\/roger-peltzer.com\\\/fr\\\/#website\"},\"primaryImageOfPage\":{\"@id\":\"https:\\\/\\\/roger-peltzer.com\\\/fr\\\/travail-sur-les-droits-de-lhomme-initiative-romero\\\/#primaryimage\"},\"image\":{\"@id\":\"https:\\\/\\\/roger-peltzer.com\\\/fr\\\/travail-sur-les-droits-de-lhomme-initiative-romero\\\/#primaryimage\"},\"thumbnailUrl\":\"https:\\\/\\\/roger-peltzer.com\\\/wp-content\\\/uploads\\\/2023\\\/08\\\/CIR-MRV-Fonds-mitLogo.png\",\"datePublished\":\"2023-08-22T11:50:03+00:00\",\"dateModified\":\"2024-06-15T16:01:28+00:00\",\"description\":\"Blog de Roger Peltzer sur le d\u00e9veloppement et la politique \u00e9trang\u00e8re, sur les th\u00e8mes des \u00c9tats fragiles, des droits de l'homme et de l'Am\u00e9rique latine.\",\"breadcrumb\":{\"@id\":\"https:\\\/\\\/roger-peltzer.com\\\/fr\\\/travail-sur-les-droits-de-lhomme-initiative-romero\\\/#breadcrumb\"},\"inLanguage\":\"fr-FR\",\"potentialAction\":[{\"@type\":\"ReadAction\",\"target\":[\"https:\\\/\\\/roger-peltzer.com\\\/fr\\\/travail-sur-les-droits-de-lhomme-initiative-romero\\\/\"]}]},{\"@type\":\"ImageObject\",\"inLanguage\":\"fr-FR\",\"@id\":\"https:\\\/\\\/roger-peltzer.com\\\/fr\\\/travail-sur-les-droits-de-lhomme-initiative-romero\\\/#primaryimage\",\"url\":\"https:\\\/\\\/roger-peltzer.com\\\/wp-content\\\/uploads\\\/2023\\\/08\\\/CIR-MRV-Fonds-mitLogo.png\",\"contentUrl\":\"https:\\\/\\\/roger-peltzer.com\\\/wp-content\\\/uploads\\\/2023\\\/08\\\/CIR-MRV-Fonds-mitLogo.png\",\"width\":1920,\"height\":1080},{\"@type\":\"BreadcrumbList\",\"@id\":\"https:\\\/\\\/roger-peltzer.com\\\/fr\\\/travail-sur-les-droits-de-lhomme-initiative-romero\\\/#breadcrumb\",\"itemListElement\":[{\"@type\":\"ListItem\",\"position\":1,\"name\":\"Accueil\",\"item\":\"https:\\\/\\\/roger-peltzer.com\\\/fr\\\/\"},{\"@type\":\"ListItem\",\"position\":2,\"name\":\"Travail sur les droits de l'homme Initiative Romero\"}]},{\"@type\":\"WebSite\",\"@id\":\"https:\\\/\\\/roger-peltzer.com\\\/fr\\\/#website\",\"url\":\"https:\\\/\\\/roger-peltzer.com\\\/fr\\\/\",\"name\":\"Politique internationale\",\"description\":\"Roger Peltzer\",\"publisher\":{\"@id\":\"https:\\\/\\\/roger-peltzer.com\\\/fr\\\/#\\\/schema\\\/person\\\/6506ec1961bde1e8ad9521e95d6a8dac\"},\"potentialAction\":[{\"@type\":\"SearchAction\",\"target\":{\"@type\":\"EntryPoint\",\"urlTemplate\":\"https:\\\/\\\/roger-peltzer.com\\\/fr\\\/?s={search_term_string}\"},\"query-input\":{\"@type\":\"PropertyValueSpecification\",\"valueRequired\":true,\"valueName\":\"search_term_string\"}}],\"inLanguage\":\"fr-FR\"},{\"@type\":[\"Person\",\"Organization\"],\"@id\":\"https:\\\/\\\/roger-peltzer.com\\\/fr\\\/#\\\/schema\\\/person\\\/6506ec1961bde1e8ad9521e95d6a8dac\",\"name\":\"Roger Peltzer\",\"image\":{\"@type\":\"ImageObject\",\"inLanguage\":\"fr-FR\",\"@id\":\"https:\\\/\\\/roger-peltzer.com\\\/wp-content\\\/uploads\\\/2023\\\/09\\\/roger-peltzer-weltjugendtag-square.jpgd5bfa09cc9b6ba3f4dfe4bfbbc24c702\",\"url\":\"https:\\\/\\\/roger-peltzer.com\\\/wp-content\\\/uploads\\\/2023\\\/09\\\/roger-peltzer-weltjugendtag-square.jpg\",\"contentUrl\":\"https:\\\/\\\/roger-peltzer.com\\\/wp-content\\\/uploads\\\/2023\\\/09\\\/roger-peltzer-weltjugendtag-square.jpg\",\"caption\":\"Roger Peltzer\"},\"logo\":{\"@id\":\"https:\\\/\\\/roger-peltzer.com\\\/wp-content\\\/uploads\\\/2023\\\/09\\\/roger-peltzer-weltjugendtag-square.jpgd5bfa09cc9b6ba3f4dfe4bfbbc24c702\"},\"description\":\"[wpml-string context=\\\"pb-bioinfo\\\" name=\\\"info-1\\\"]70 Jahre alt, verheiratet, 3 Kinder und 4 Enkelkinder. Ich habe an der Universit\u00e4t M\u00fcnster Volkswirtschaft studiert und anschlie\u00dfend den postgraduierten Kurs am deutschen Institut f\u00fcr Entwicklungspolitik (heute IDOS) absolviert.[\\\/wpml-string]\",\"sameAs\":[\"https:\\\/\\\/roger-peltzer.com\\\/ueber-mich\\\/\"],\"url\":\"https:\\\/\\\/roger-peltzer.com\\\/fr\\\/author\\\/roger\\\/\"}]}<\/script>\n<!-- \/ Yoast SEO plugin. -->","yoast_head_json":{"title":"Travail sur les droits de l'homme Initiative Romero - Politique internationale","description":"Blog de Roger Peltzer sur le d\u00e9veloppement et la politique \u00e9trang\u00e8re, sur les th\u00e8mes des \u00c9tats fragiles, des droits de l'homme et de l'Am\u00e9rique latine.","robots":{"index":"index","follow":"follow","max-snippet":"max-snippet:-1","max-image-preview":"max-image-preview:large","max-video-preview":"max-video-preview:-1"},"canonical":"https:\/\/roger-peltzer.com\/fr\/travail-sur-les-droits-de-lhomme-initiative-romero\/","og_locale":"fr_FR","og_type":"article","og_title":"Travail sur les droits de l'homme Initiative Romero - Politique internationale","og_description":"Blog de Roger Peltzer sur le d\u00e9veloppement et la politique \u00e9trang\u00e8re, sur les th\u00e8mes des \u00c9tats fragiles, des droits de l'homme et de l'Am\u00e9rique latine.","og_url":"https:\/\/roger-peltzer.com\/fr\/travail-sur-les-droits-de-lhomme-initiative-romero\/","og_site_name":"Politique internationale","article_published_time":"2023-08-22T11:50:03+00:00","article_modified_time":"2024-06-15T16:01:28+00:00","og_image":[{"width":1024,"height":576,"url":"https:\/\/roger-peltzer.com\/wp-content\/uploads\/2023\/08\/CIR-MRV-Fonds-mitLogo-1024x576.png","type":"image\/png"}],"author":"Roger Peltzer","twitter_card":"summary_large_image","twitter_misc":{"\u00c9crit par":"Roger Peltzer"},"schema":{"@context":"https:\/\/schema.org","@graph":[{"@type":"Article","@id":"https:\/\/roger-peltzer.com\/fr\/travail-sur-les-droits-de-lhomme-initiative-romero\/#article","isPartOf":{"@id":"https:\/\/roger-peltzer.com\/fr\/travail-sur-les-droits-de-lhomme-initiative-romero\/"},"author":{"name":"Roger Peltzer","@id":"https:\/\/roger-peltzer.com\/fr\/#\/schema\/person\/6506ec1961bde1e8ad9521e95d6a8dac"},"headline":"Travail sur les droits de l'homme Initiative Romero","datePublished":"2023-08-22T11:50:03+00:00","dateModified":"2024-06-15T16:01:28+00:00","mainEntityOfPage":{"@id":"https:\/\/roger-peltzer.com\/fr\/travail-sur-les-droits-de-lhomme-initiative-romero\/"},"wordCount":107,"commentCount":0,"publisher":{"@id":"https:\/\/roger-peltzer.com\/fr\/#\/schema\/person\/6506ec1961bde1e8ad9521e95d6a8dac"},"image":{"@id":"https:\/\/roger-peltzer.com\/fr\/travail-sur-les-droits-de-lhomme-initiative-romero\/#primaryimage"},"thumbnailUrl":"https:\/\/roger-peltzer.com\/wp-content\/uploads\/2023\/08\/CIR-MRV-Fonds-mitLogo.png","articleSection":["Am\u00e9rique latine","Droits de l'homme"],"inLanguage":"fr-FR","potentialAction":[{"@type":"CommentAction","name":"Comment","target":["https:\/\/roger-peltzer.com\/fr\/travail-sur-les-droits-de-lhomme-initiative-romero\/#respond"]}]},{"@type":"WebPage","@id":"https:\/\/roger-peltzer.com\/fr\/travail-sur-les-droits-de-lhomme-initiative-romero\/","url":"https:\/\/roger-peltzer.com\/fr\/travail-sur-les-droits-de-lhomme-initiative-romero\/","name":"Travail sur les droits de l'homme Initiative Romero - Politique internationale","isPartOf":{"@id":"https:\/\/roger-peltzer.com\/fr\/#website"},"primaryImageOfPage":{"@id":"https:\/\/roger-peltzer.com\/fr\/travail-sur-les-droits-de-lhomme-initiative-romero\/#primaryimage"},"image":{"@id":"https:\/\/roger-peltzer.com\/fr\/travail-sur-les-droits-de-lhomme-initiative-romero\/#primaryimage"},"thumbnailUrl":"https:\/\/roger-peltzer.com\/wp-content\/uploads\/2023\/08\/CIR-MRV-Fonds-mitLogo.png","datePublished":"2023-08-22T11:50:03+00:00","dateModified":"2024-06-15T16:01:28+00:00","description":"Blog de Roger Peltzer sur le d\u00e9veloppement et la politique \u00e9trang\u00e8re, sur les th\u00e8mes des \u00c9tats fragiles, des droits de l'homme et de l'Am\u00e9rique latine.","breadcrumb":{"@id":"https:\/\/roger-peltzer.com\/fr\/travail-sur-les-droits-de-lhomme-initiative-romero\/#breadcrumb"},"inLanguage":"fr-FR","potentialAction":[{"@type":"ReadAction","target":["https:\/\/roger-peltzer.com\/fr\/travail-sur-les-droits-de-lhomme-initiative-romero\/"]}]},{"@type":"ImageObject","inLanguage":"fr-FR","@id":"https:\/\/roger-peltzer.com\/fr\/travail-sur-les-droits-de-lhomme-initiative-romero\/#primaryimage","url":"https:\/\/roger-peltzer.com\/wp-content\/uploads\/2023\/08\/CIR-MRV-Fonds-mitLogo.png","contentUrl":"https:\/\/roger-peltzer.com\/wp-content\/uploads\/2023\/08\/CIR-MRV-Fonds-mitLogo.png","width":1920,"height":1080},{"@type":"BreadcrumbList","@id":"https:\/\/roger-peltzer.com\/fr\/travail-sur-les-droits-de-lhomme-initiative-romero\/#breadcrumb","itemListElement":[{"@type":"ListItem","position":1,"name":"Accueil","item":"https:\/\/roger-peltzer.com\/fr\/"},{"@type":"ListItem","position":2,"name":"Travail sur les droits de l'homme Initiative Romero"}]},{"@type":"WebSite","@id":"https:\/\/roger-peltzer.com\/fr\/#website","url":"https:\/\/roger-peltzer.com\/fr\/","name":"Politique internationale","description":"Roger Peltzer","publisher":{"@id":"https:\/\/roger-peltzer.com\/fr\/#\/schema\/person\/6506ec1961bde1e8ad9521e95d6a8dac"},"potentialAction":[{"@type":"SearchAction","target":{"@type":"EntryPoint","urlTemplate":"https:\/\/roger-peltzer.com\/fr\/?s={search_term_string}"},"query-input":{"@type":"PropertyValueSpecification","valueRequired":true,"valueName":"search_term_string"}}],"inLanguage":"fr-FR"},{"@type":["Person","Organization"],"@id":"https:\/\/roger-peltzer.com\/fr\/#\/schema\/person\/6506ec1961bde1e8ad9521e95d6a8dac","name":"Roger Peltzer","image":{"@type":"ImageObject","inLanguage":"fr-FR","@id":"https:\/\/roger-peltzer.com\/wp-content\/uploads\/2023\/09\/roger-peltzer-weltjugendtag-square.jpgd5bfa09cc9b6ba3f4dfe4bfbbc24c702","url":"https:\/\/roger-peltzer.com\/wp-content\/uploads\/2023\/09\/roger-peltzer-weltjugendtag-square.jpg","contentUrl":"https:\/\/roger-peltzer.com\/wp-content\/uploads\/2023\/09\/roger-peltzer-weltjugendtag-square.jpg","caption":"Roger Peltzer"},"logo":{"@id":"https:\/\/roger-peltzer.com\/wp-content\/uploads\/2023\/09\/roger-peltzer-weltjugendtag-square.jpgd5bfa09cc9b6ba3f4dfe4bfbbc24c702"},"description":"[wpml-string context=\"pb-bioinfo\" name=\"info-1\"]70 Jahre alt, verheiratet, 3 Kinder und 4 Enkelkinder. Ich habe an der Universit\u00e4t M\u00fcnster Volkswirtschaft studiert und anschlie\u00dfend den postgraduierten Kurs am deutschen Institut f\u00fcr Entwicklungspolitik (heute IDOS) absolviert.[\/wpml-string]","sameAs":["https:\/\/roger-peltzer.com\/ueber-mich\/"],"url":"https:\/\/roger-peltzer.com\/fr\/author\/roger\/"}]}},"authors":[{"term_id":26,"user_id":2,"is_guest":0,"slug":"roger","display_name":"Roger Peltzer","avatar_url":{"url":"https:\/\/roger-peltzer.com\/wp-content\/uploads\/2023\/09\/roger-peltzer-weltjugendtag-square.jpg","url2x":"https:\/\/roger-peltzer.com\/wp-content\/uploads\/2023\/09\/roger-peltzer-weltjugendtag-square.jpg"},"0":null,"1":"","2":"","3":"","4":"","5":"","6":"","7":"","8":""}],"_links":{"self":[{"href":"https:\/\/roger-peltzer.com\/fr\/wp-json\/wp\/v2\/posts\/569","targetHints":{"allow":["GET"]}}],"collection":[{"href":"https:\/\/roger-peltzer.com\/fr\/wp-json\/wp\/v2\/posts"}],"about":[{"href":"https:\/\/roger-peltzer.com\/fr\/wp-json\/wp\/v2\/types\/post"}],"author":[{"embeddable":true,"href":"https:\/\/roger-peltzer.com\/fr\/wp-json\/wp\/v2\/users\/2"}],"replies":[{"embeddable":true,"href":"https:\/\/roger-peltzer.com\/fr\/wp-json\/wp\/v2\/comments?post=569"}],"version-history":[{"count":2,"href":"https:\/\/roger-peltzer.com\/fr\/wp-json\/wp\/v2\/posts\/569\/revisions"}],"predecessor-version":[{"id":574,"href":"https:\/\/roger-peltzer.com\/fr\/wp-json\/wp\/v2\/posts\/569\/revisions\/574"}],"wp:featuredmedia":[{"embeddable":true,"href":"https:\/\/roger-peltzer.com\/fr\/wp-json\/wp\/v2\/media\/482"}],"wp:attachment":[{"href":"https:\/\/roger-peltzer.com\/fr\/wp-json\/wp\/v2\/media?parent=569"}],"wp:term":[{"taxonomy":"category","embeddable":true,"href":"https:\/\/roger-peltzer.com\/fr\/wp-json\/wp\/v2\/categories?post=569"},{"taxonomy":"post_tag","embeddable":true,"href":"https:\/\/roger-peltzer.com\/fr\/wp-json\/wp\/v2\/tags?post=569"},{"taxonomy":"author","embeddable":true,"href":"https:\/\/roger-peltzer.com\/fr\/wp-json\/wp\/v2\/ppma_author?post=569"}],"curies":[{"name":"wp","href":"https:\/\/api.w.org\/{rel}","templated":true}]}}