{"id":561,"date":"2024-06-05T21:24:30","date_gmt":"2024-06-05T21:24:30","guid":{"rendered":"https:\/\/roger-peltzer.com\/lavenir-du-coton-reside-dans-la-lutte-biologique-contre-les-ravageurs\/"},"modified":"2024-06-16T18:17:15","modified_gmt":"2024-06-16T18:17:15","slug":"lavenir-du-coton-reside-dans-la-lutte-biologique-contre-les-ravageurs","status":"publish","type":"post","link":"https:\/\/roger-peltzer.com\/fr\/lavenir-du-coton-reside-dans-la-lutte-biologique-contre-les-ravageurs\/","title":{"rendered":"L'avenir du coton r\u00e9side dans la lutte biologique contre les ravageurs"},"content":{"rendered":"\n<p><strong>La lutte biologique contre les ravageurs dans la culture du coton est d\u00e9j\u00e0 largement r\u00e9pandue en Tanzanie et sera \u00e9galement un sujet important en C\u00f4te d&rsquo;Ivoire. Lisez les r\u00e9sultats les plus int\u00e9ressants en allemand et en anglais<\/strong>.<\/p>\n\n<p>Ben Sekamatte, expert agricole et consultant de longue date aupr\u00e8s de soci\u00e9t\u00e9s cotonni\u00e8res en Afrique de l&rsquo;Est, a pr\u00e9sent\u00e9 d\u00e9but mai des conclusions passionnantes lors d&rsquo;un webinaire organis\u00e9 par l&rsquo;Alliance textile allemande.<\/p>\n\n<p>Depuis 4 \u00e0 5 ans, les cultivateurs de coton conventionnel en Tanzanie utilisent de plus en plus des m\u00e9thodes de lutte biologique contre les parasites au lieu de continuer \u00e0 utiliser des pesticides chimiques. Ils utilisent des biopesticides \u00e0 base de solanum et de neem locaux et ils utilisent des pi\u00e8ges \u00e0 ravageurs avec de la molasse, un sous-produit de la production de sucre. Les r\u00e9sultats parlent d&rsquo;eux-m\u00eames :<\/p>\n\n<ul class=\"wp-block-list\">\n<li>Les rendements du coton ne sont que l\u00e9g\u00e8rement inf\u00e9rieurs \u00e0 ceux des agriculteurs conventionnels dans le cadre de l&rsquo;exploitation \u00ab\u00a0biologique\u00a0\u00bb. Parall\u00e8lement, le co\u00fbt de la lutte biologique contre les ravageurs est nettement inf\u00e9rieur, ce qui rend cette m\u00e9thode \u00ab\u00a0alternative\u00a0\u00bb rentable pour les agriculteurs. Et ils votent avec leurs pieds. Plusieurs milliers d&rsquo;agriculteurs conventionnels en Tanzanie ont d\u00e9j\u00e0 converti leur exploitation.<\/li>\n\n\n\n<li>Les recherches men\u00e9es par l&rsquo;institut de recherche agricole TARI en Tanzanie montrent en outre, dans le cadre d&rsquo;essais pilotes, qu&rsquo;il est possible d&rsquo;obtenir des rendements en ha allant jusqu&rsquo;\u00e0 2 tonnes en optimisant davantage les m\u00e9thodes de lutte biologique contre les ravageurs. C&rsquo;est beaucoup dans la culture pluviale.<\/li>\n\n\n\n<li>En cons\u00e9quence, le gouvernement tanzanien est en train d&rsquo;approuver officiellement les biopesticides mentionn\u00e9s et de recommander leur utilisation pour d&rsquo;autres cultures.<\/li>\n<\/ul>\n\n<p><strong>En C\u00f4te d&rsquo;Ivoire, il existe \u00e9galement des approches prometteuses en mati\u00e8re d&rsquo;utilisation de biopesticides dans la culture du coton.<\/strong><\/p>\n\n<p>Le Dr Etienne Dia, chercheur \u00e0 l&rsquo;universit\u00e9 de Korogho, est l&rsquo;un des principaux experts en C\u00f4te d&rsquo;Ivoire en mati\u00e8re de d\u00e9veloppement de biopesticides. Il a men\u00e9 des recherches sur les biopesticides \u00e0 partir de 8 plantes locales diff\u00e9rentes, ce qui lui a permis de mettre au point des pulv\u00e9risations stables et utilisables. Ils ont d\u00e9j\u00e0 \u00e9t\u00e9 test\u00e9s dans une s\u00e9rie d&rsquo;essais sur le terrain avec des r\u00e9sultats prometteurs. Etienne Dia attend maintenant de pouvoir tester ses produits dans le cadre d&rsquo;essais \u00e0 grande \u00e9chelle sur le terrain avec les soci\u00e9t\u00e9s cotonni\u00e8res locales. Il trouve une oreille tr\u00e8s attentive aupr\u00e8s des quatre soci\u00e9t\u00e9s cotonni\u00e8res ivoiriennes. Toutes les parties prenantes savent que le temps des pesticides chimiques co\u00fbteux est compt\u00e9. Cependant, les moyens de recherche manquent jusqu&rsquo;\u00e0 pr\u00e9sent pour accompagner scientifiquement de telles exp\u00e9riences.<\/p>\n\n<p><strong>Conclusion : <\/strong>la question n&rsquo;est plus de savoir si la lutte biologique contre les ravageurs est utile et n\u00e9cessaire dans la culture du coton. Le test pratique est d\u00e9j\u00e0 r\u00e9ussi. Il s&rsquo;agit maintenant de d\u00e9ployer ces m\u00e9thodes avec un accompagnement scientifique et de poursuivre les recherches. Pour ce faire, il est toutefois urgent de trouver des fonds pour la recherche, qui pourraient \u00eatre fournis soit par la cha\u00eene de valeur textile et\/ou par exemple par des ONG engag\u00e9es comme le WWF et le NABU. Il n&rsquo;est pas recommand\u00e9 aux parties concern\u00e9es d&rsquo;attendre trop longtemps. L&rsquo;\u00e9ch\u00e9ance de 2030, \u00e0 laquelle la Conf\u00e9rence des Nations unies sur la biodiversit\u00e9 pr\u00e9voit une r\u00e9duction de 50 % de l&rsquo;utilisation des pesticides chimiques dans toutes les cultures, approche \u00e0 grands pas.<\/p>\n\n<p>Photo de couverture : La photo montre Roger Peltzer et le Dr Etienne Dia, expert en biopesticides de C\u00f4te d&rsquo;Ivoire, devant un h\u00f4tel \u00e0 Abidjan en mai 2024.<\/p>\n","protected":false},"excerpt":{"rendered":"<p>La lutte biologique contre les ravageurs dans la culture du coton est d\u00e9j\u00e0 largement r\u00e9pandue en Tanzanie et sera \u00e9galement un sujet important en C\u00f4te d&rsquo;Ivoire. Lisez les r\u00e9sultats les plus int\u00e9ressants en allemand et en anglais. Ben Sekamatte, expert<\/p>\n","protected":false},"author":2,"featured_media":560,"comment_status":"open","ping_status":"open","sticky":false,"template":"","format":"standard","meta":{"footnotes":""},"categories":[62],"tags":[],"ppma_author":[26],"class_list":["post-561","post","type-post","status-publish","format-standard","has-post-thumbnail","hentry","category-droits-de-lhomme"],"yoast_head":"<!-- This site is optimized with the Yoast SEO plugin v27.5 - https:\/\/yoast.com\/product\/yoast-seo-wordpress\/ -->\n<title>L&#039;avenir du coton r\u00e9side dans la lutte biologique contre les ravageurs - Politique internationale<\/title>\n<meta name=\"description\" content=\"Blog de Roger Peltzer sur le d\u00e9veloppement et la politique \u00e9trang\u00e8re, sur les th\u00e8mes des \u00c9tats fragiles, des droits de l&#039;homme et de l&#039;Am\u00e9rique latine.\" \/>\n<meta name=\"robots\" content=\"index, follow, max-snippet:-1, max-image-preview:large, max-video-preview:-1\" \/>\n<link rel=\"canonical\" href=\"https:\/\/roger-peltzer.com\/fr\/lavenir-du-coton-reside-dans-la-lutte-biologique-contre-les-ravageurs\/\" \/>\n<meta property=\"og:locale\" content=\"fr_FR\" \/>\n<meta property=\"og:type\" content=\"article\" \/>\n<meta property=\"og:title\" content=\"L&#039;avenir du coton r\u00e9side dans la lutte biologique contre les ravageurs - Politique internationale\" \/>\n<meta property=\"og:description\" content=\"Blog de Roger Peltzer sur le d\u00e9veloppement et la politique \u00e9trang\u00e8re, sur les th\u00e8mes des \u00c9tats fragiles, des droits de l&#039;homme et de l&#039;Am\u00e9rique latine.\" \/>\n<meta property=\"og:url\" content=\"https:\/\/roger-peltzer.com\/fr\/lavenir-du-coton-reside-dans-la-lutte-biologique-contre-les-ravageurs\/\" \/>\n<meta property=\"og:site_name\" content=\"Politique internationale\" \/>\n<meta property=\"article:published_time\" content=\"2024-06-05T21:24:30+00:00\" \/>\n<meta property=\"article:modified_time\" content=\"2024-06-16T18:17:15+00:00\" \/>\n<meta property=\"og:image\" content=\"https:\/\/roger-peltzer.com\/wp-content\/uploads\/2024\/06\/peltzer-dia-abidjan-scaled-e1717621713931.jpg\" \/>\n\t<meta property=\"og:image:width\" content=\"2560\" \/>\n\t<meta property=\"og:image:height\" content=\"1297\" \/>\n\t<meta property=\"og:image:type\" content=\"image\/jpeg\" \/>\n<meta name=\"author\" content=\"Roger Peltzer\" \/>\n<meta name=\"twitter:card\" content=\"summary_large_image\" \/>\n<meta name=\"twitter:label1\" content=\"\u00c9crit par\" \/>\n\t<meta name=\"twitter:data1\" content=\"Roger Peltzer\" \/>\n\t<meta name=\"twitter:label2\" content=\"Dur\u00e9e de lecture estim\u00e9e\" \/>\n\t<meta name=\"twitter:data2\" content=\"4 minutes\" \/>\n<script type=\"application\/ld+json\" class=\"yoast-schema-graph\">{\"@context\":\"https:\\\/\\\/schema.org\",\"@graph\":[{\"@type\":\"Article\",\"@id\":\"https:\\\/\\\/roger-peltzer.com\\\/fr\\\/lavenir-du-coton-reside-dans-la-lutte-biologique-contre-les-ravageurs\\\/#article\",\"isPartOf\":{\"@id\":\"https:\\\/\\\/roger-peltzer.com\\\/fr\\\/lavenir-du-coton-reside-dans-la-lutte-biologique-contre-les-ravageurs\\\/\"},\"author\":{\"name\":\"Roger Peltzer\",\"@id\":\"https:\\\/\\\/roger-peltzer.com\\\/fr\\\/#\\\/schema\\\/person\\\/6506ec1961bde1e8ad9521e95d6a8dac\"},\"headline\":\"L'avenir du coton r\u00e9side dans la lutte biologique contre les ravageurs\",\"datePublished\":\"2024-06-05T21:24:30+00:00\",\"dateModified\":\"2024-06-16T18:17:15+00:00\",\"mainEntityOfPage\":{\"@id\":\"https:\\\/\\\/roger-peltzer.com\\\/fr\\\/lavenir-du-coton-reside-dans-la-lutte-biologique-contre-les-ravageurs\\\/\"},\"wordCount\":627,\"commentCount\":0,\"publisher\":{\"@id\":\"https:\\\/\\\/roger-peltzer.com\\\/fr\\\/#\\\/schema\\\/person\\\/6506ec1961bde1e8ad9521e95d6a8dac\"},\"image\":{\"@id\":\"https:\\\/\\\/roger-peltzer.com\\\/fr\\\/lavenir-du-coton-reside-dans-la-lutte-biologique-contre-les-ravageurs\\\/#primaryimage\"},\"thumbnailUrl\":\"https:\\\/\\\/roger-peltzer.com\\\/wp-content\\\/uploads\\\/2024\\\/06\\\/peltzer-dia-abidjan-scaled-e1717621713931.jpg\",\"articleSection\":[\"Droits de l'homme\"],\"inLanguage\":\"fr-FR\",\"potentialAction\":[{\"@type\":\"CommentAction\",\"name\":\"Comment\",\"target\":[\"https:\\\/\\\/roger-peltzer.com\\\/fr\\\/lavenir-du-coton-reside-dans-la-lutte-biologique-contre-les-ravageurs\\\/#respond\"]}]},{\"@type\":\"WebPage\",\"@id\":\"https:\\\/\\\/roger-peltzer.com\\\/fr\\\/lavenir-du-coton-reside-dans-la-lutte-biologique-contre-les-ravageurs\\\/\",\"url\":\"https:\\\/\\\/roger-peltzer.com\\\/fr\\\/lavenir-du-coton-reside-dans-la-lutte-biologique-contre-les-ravageurs\\\/\",\"name\":\"L'avenir du coton r\u00e9side dans la lutte biologique contre les ravageurs - Politique internationale\",\"isPartOf\":{\"@id\":\"https:\\\/\\\/roger-peltzer.com\\\/fr\\\/#website\"},\"primaryImageOfPage\":{\"@id\":\"https:\\\/\\\/roger-peltzer.com\\\/fr\\\/lavenir-du-coton-reside-dans-la-lutte-biologique-contre-les-ravageurs\\\/#primaryimage\"},\"image\":{\"@id\":\"https:\\\/\\\/roger-peltzer.com\\\/fr\\\/lavenir-du-coton-reside-dans-la-lutte-biologique-contre-les-ravageurs\\\/#primaryimage\"},\"thumbnailUrl\":\"https:\\\/\\\/roger-peltzer.com\\\/wp-content\\\/uploads\\\/2024\\\/06\\\/peltzer-dia-abidjan-scaled-e1717621713931.jpg\",\"datePublished\":\"2024-06-05T21:24:30+00:00\",\"dateModified\":\"2024-06-16T18:17:15+00:00\",\"description\":\"Blog de Roger Peltzer sur le d\u00e9veloppement et la politique \u00e9trang\u00e8re, sur les th\u00e8mes des \u00c9tats fragiles, des droits de l'homme et de l'Am\u00e9rique latine.\",\"breadcrumb\":{\"@id\":\"https:\\\/\\\/roger-peltzer.com\\\/fr\\\/lavenir-du-coton-reside-dans-la-lutte-biologique-contre-les-ravageurs\\\/#breadcrumb\"},\"inLanguage\":\"fr-FR\",\"potentialAction\":[{\"@type\":\"ReadAction\",\"target\":[\"https:\\\/\\\/roger-peltzer.com\\\/fr\\\/lavenir-du-coton-reside-dans-la-lutte-biologique-contre-les-ravageurs\\\/\"]}]},{\"@type\":\"ImageObject\",\"inLanguage\":\"fr-FR\",\"@id\":\"https:\\\/\\\/roger-peltzer.com\\\/fr\\\/lavenir-du-coton-reside-dans-la-lutte-biologique-contre-les-ravageurs\\\/#primaryimage\",\"url\":\"https:\\\/\\\/roger-peltzer.com\\\/wp-content\\\/uploads\\\/2024\\\/06\\\/peltzer-dia-abidjan-scaled-e1717621713931.jpg\",\"contentUrl\":\"https:\\\/\\\/roger-peltzer.com\\\/wp-content\\\/uploads\\\/2024\\\/06\\\/peltzer-dia-abidjan-scaled-e1717621713931.jpg\",\"width\":2560,\"height\":1297},{\"@type\":\"BreadcrumbList\",\"@id\":\"https:\\\/\\\/roger-peltzer.com\\\/fr\\\/lavenir-du-coton-reside-dans-la-lutte-biologique-contre-les-ravageurs\\\/#breadcrumb\",\"itemListElement\":[{\"@type\":\"ListItem\",\"position\":1,\"name\":\"Accueil\",\"item\":\"https:\\\/\\\/roger-peltzer.com\\\/fr\\\/\"},{\"@type\":\"ListItem\",\"position\":2,\"name\":\"L&#039;avenir du coton r\u00e9side dans la lutte biologique contre les ravageurs\"}]},{\"@type\":\"WebSite\",\"@id\":\"https:\\\/\\\/roger-peltzer.com\\\/fr\\\/#website\",\"url\":\"https:\\\/\\\/roger-peltzer.com\\\/fr\\\/\",\"name\":\"Politique internationale\",\"description\":\"Roger Peltzer\",\"publisher\":{\"@id\":\"https:\\\/\\\/roger-peltzer.com\\\/fr\\\/#\\\/schema\\\/person\\\/6506ec1961bde1e8ad9521e95d6a8dac\"},\"potentialAction\":[{\"@type\":\"SearchAction\",\"target\":{\"@type\":\"EntryPoint\",\"urlTemplate\":\"https:\\\/\\\/roger-peltzer.com\\\/fr\\\/?s={search_term_string}\"},\"query-input\":{\"@type\":\"PropertyValueSpecification\",\"valueRequired\":true,\"valueName\":\"search_term_string\"}}],\"inLanguage\":\"fr-FR\"},{\"@type\":[\"Person\",\"Organization\"],\"@id\":\"https:\\\/\\\/roger-peltzer.com\\\/fr\\\/#\\\/schema\\\/person\\\/6506ec1961bde1e8ad9521e95d6a8dac\",\"name\":\"Roger Peltzer\",\"image\":{\"@type\":\"ImageObject\",\"inLanguage\":\"fr-FR\",\"@id\":\"https:\\\/\\\/roger-peltzer.com\\\/wp-content\\\/uploads\\\/2023\\\/09\\\/roger-peltzer-weltjugendtag-square.jpgd5bfa09cc9b6ba3f4dfe4bfbbc24c702\",\"url\":\"https:\\\/\\\/roger-peltzer.com\\\/wp-content\\\/uploads\\\/2023\\\/09\\\/roger-peltzer-weltjugendtag-square.jpg\",\"contentUrl\":\"https:\\\/\\\/roger-peltzer.com\\\/wp-content\\\/uploads\\\/2023\\\/09\\\/roger-peltzer-weltjugendtag-square.jpg\",\"caption\":\"Roger Peltzer\"},\"logo\":{\"@id\":\"https:\\\/\\\/roger-peltzer.com\\\/wp-content\\\/uploads\\\/2023\\\/09\\\/roger-peltzer-weltjugendtag-square.jpgd5bfa09cc9b6ba3f4dfe4bfbbc24c702\"},\"description\":\"[wpml-string context=\\\"pb-bioinfo\\\" name=\\\"info-1\\\"]70 Jahre alt, verheiratet, 3 Kinder und 4 Enkelkinder. Ich habe an der Universit\u00e4t M\u00fcnster Volkswirtschaft studiert und anschlie\u00dfend den postgraduierten Kurs am deutschen Institut f\u00fcr Entwicklungspolitik (heute IDOS) absolviert.[\\\/wpml-string]\",\"sameAs\":[\"https:\\\/\\\/roger-peltzer.com\\\/ueber-mich\\\/\"],\"url\":\"https:\\\/\\\/roger-peltzer.com\\\/fr\\\/author\\\/roger\\\/\"}]}<\/script>\n<!-- \/ Yoast SEO plugin. -->","yoast_head_json":{"title":"L'avenir du coton r\u00e9side dans la lutte biologique contre les ravageurs - Politique internationale","description":"Blog de Roger Peltzer sur le d\u00e9veloppement et la politique \u00e9trang\u00e8re, sur les th\u00e8mes des \u00c9tats fragiles, des droits de l'homme et de l'Am\u00e9rique latine.","robots":{"index":"index","follow":"follow","max-snippet":"max-snippet:-1","max-image-preview":"max-image-preview:large","max-video-preview":"max-video-preview:-1"},"canonical":"https:\/\/roger-peltzer.com\/fr\/lavenir-du-coton-reside-dans-la-lutte-biologique-contre-les-ravageurs\/","og_locale":"fr_FR","og_type":"article","og_title":"L'avenir du coton r\u00e9side dans la lutte biologique contre les ravageurs - Politique internationale","og_description":"Blog de Roger Peltzer sur le d\u00e9veloppement et la politique \u00e9trang\u00e8re, sur les th\u00e8mes des \u00c9tats fragiles, des droits de l'homme et de l'Am\u00e9rique latine.","og_url":"https:\/\/roger-peltzer.com\/fr\/lavenir-du-coton-reside-dans-la-lutte-biologique-contre-les-ravageurs\/","og_site_name":"Politique internationale","article_published_time":"2024-06-05T21:24:30+00:00","article_modified_time":"2024-06-16T18:17:15+00:00","og_image":[{"width":2560,"height":1297,"url":"https:\/\/roger-peltzer.com\/wp-content\/uploads\/2024\/06\/peltzer-dia-abidjan-scaled-e1717621713931.jpg","type":"image\/jpeg"}],"author":"Roger Peltzer","twitter_card":"summary_large_image","twitter_misc":{"\u00c9crit par":"Roger Peltzer","Dur\u00e9e de lecture estim\u00e9e":"4 minutes"},"schema":{"@context":"https:\/\/schema.org","@graph":[{"@type":"Article","@id":"https:\/\/roger-peltzer.com\/fr\/lavenir-du-coton-reside-dans-la-lutte-biologique-contre-les-ravageurs\/#article","isPartOf":{"@id":"https:\/\/roger-peltzer.com\/fr\/lavenir-du-coton-reside-dans-la-lutte-biologique-contre-les-ravageurs\/"},"author":{"name":"Roger Peltzer","@id":"https:\/\/roger-peltzer.com\/fr\/#\/schema\/person\/6506ec1961bde1e8ad9521e95d6a8dac"},"headline":"L'avenir du coton r\u00e9side dans la lutte biologique contre les ravageurs","datePublished":"2024-06-05T21:24:30+00:00","dateModified":"2024-06-16T18:17:15+00:00","mainEntityOfPage":{"@id":"https:\/\/roger-peltzer.com\/fr\/lavenir-du-coton-reside-dans-la-lutte-biologique-contre-les-ravageurs\/"},"wordCount":627,"commentCount":0,"publisher":{"@id":"https:\/\/roger-peltzer.com\/fr\/#\/schema\/person\/6506ec1961bde1e8ad9521e95d6a8dac"},"image":{"@id":"https:\/\/roger-peltzer.com\/fr\/lavenir-du-coton-reside-dans-la-lutte-biologique-contre-les-ravageurs\/#primaryimage"},"thumbnailUrl":"https:\/\/roger-peltzer.com\/wp-content\/uploads\/2024\/06\/peltzer-dia-abidjan-scaled-e1717621713931.jpg","articleSection":["Droits de l'homme"],"inLanguage":"fr-FR","potentialAction":[{"@type":"CommentAction","name":"Comment","target":["https:\/\/roger-peltzer.com\/fr\/lavenir-du-coton-reside-dans-la-lutte-biologique-contre-les-ravageurs\/#respond"]}]},{"@type":"WebPage","@id":"https:\/\/roger-peltzer.com\/fr\/lavenir-du-coton-reside-dans-la-lutte-biologique-contre-les-ravageurs\/","url":"https:\/\/roger-peltzer.com\/fr\/lavenir-du-coton-reside-dans-la-lutte-biologique-contre-les-ravageurs\/","name":"L'avenir du coton r\u00e9side dans la lutte biologique contre les ravageurs - Politique internationale","isPartOf":{"@id":"https:\/\/roger-peltzer.com\/fr\/#website"},"primaryImageOfPage":{"@id":"https:\/\/roger-peltzer.com\/fr\/lavenir-du-coton-reside-dans-la-lutte-biologique-contre-les-ravageurs\/#primaryimage"},"image":{"@id":"https:\/\/roger-peltzer.com\/fr\/lavenir-du-coton-reside-dans-la-lutte-biologique-contre-les-ravageurs\/#primaryimage"},"thumbnailUrl":"https:\/\/roger-peltzer.com\/wp-content\/uploads\/2024\/06\/peltzer-dia-abidjan-scaled-e1717621713931.jpg","datePublished":"2024-06-05T21:24:30+00:00","dateModified":"2024-06-16T18:17:15+00:00","description":"Blog de Roger Peltzer sur le d\u00e9veloppement et la politique \u00e9trang\u00e8re, sur les th\u00e8mes des \u00c9tats fragiles, des droits de l'homme et de l'Am\u00e9rique latine.","breadcrumb":{"@id":"https:\/\/roger-peltzer.com\/fr\/lavenir-du-coton-reside-dans-la-lutte-biologique-contre-les-ravageurs\/#breadcrumb"},"inLanguage":"fr-FR","potentialAction":[{"@type":"ReadAction","target":["https:\/\/roger-peltzer.com\/fr\/lavenir-du-coton-reside-dans-la-lutte-biologique-contre-les-ravageurs\/"]}]},{"@type":"ImageObject","inLanguage":"fr-FR","@id":"https:\/\/roger-peltzer.com\/fr\/lavenir-du-coton-reside-dans-la-lutte-biologique-contre-les-ravageurs\/#primaryimage","url":"https:\/\/roger-peltzer.com\/wp-content\/uploads\/2024\/06\/peltzer-dia-abidjan-scaled-e1717621713931.jpg","contentUrl":"https:\/\/roger-peltzer.com\/wp-content\/uploads\/2024\/06\/peltzer-dia-abidjan-scaled-e1717621713931.jpg","width":2560,"height":1297},{"@type":"BreadcrumbList","@id":"https:\/\/roger-peltzer.com\/fr\/lavenir-du-coton-reside-dans-la-lutte-biologique-contre-les-ravageurs\/#breadcrumb","itemListElement":[{"@type":"ListItem","position":1,"name":"Accueil","item":"https:\/\/roger-peltzer.com\/fr\/"},{"@type":"ListItem","position":2,"name":"L&#039;avenir du coton r\u00e9side dans la lutte biologique contre les ravageurs"}]},{"@type":"WebSite","@id":"https:\/\/roger-peltzer.com\/fr\/#website","url":"https:\/\/roger-peltzer.com\/fr\/","name":"Politique internationale","description":"Roger Peltzer","publisher":{"@id":"https:\/\/roger-peltzer.com\/fr\/#\/schema\/person\/6506ec1961bde1e8ad9521e95d6a8dac"},"potentialAction":[{"@type":"SearchAction","target":{"@type":"EntryPoint","urlTemplate":"https:\/\/roger-peltzer.com\/fr\/?s={search_term_string}"},"query-input":{"@type":"PropertyValueSpecification","valueRequired":true,"valueName":"search_term_string"}}],"inLanguage":"fr-FR"},{"@type":["Person","Organization"],"@id":"https:\/\/roger-peltzer.com\/fr\/#\/schema\/person\/6506ec1961bde1e8ad9521e95d6a8dac","name":"Roger Peltzer","image":{"@type":"ImageObject","inLanguage":"fr-FR","@id":"https:\/\/roger-peltzer.com\/wp-content\/uploads\/2023\/09\/roger-peltzer-weltjugendtag-square.jpgd5bfa09cc9b6ba3f4dfe4bfbbc24c702","url":"https:\/\/roger-peltzer.com\/wp-content\/uploads\/2023\/09\/roger-peltzer-weltjugendtag-square.jpg","contentUrl":"https:\/\/roger-peltzer.com\/wp-content\/uploads\/2023\/09\/roger-peltzer-weltjugendtag-square.jpg","caption":"Roger Peltzer"},"logo":{"@id":"https:\/\/roger-peltzer.com\/wp-content\/uploads\/2023\/09\/roger-peltzer-weltjugendtag-square.jpgd5bfa09cc9b6ba3f4dfe4bfbbc24c702"},"description":"[wpml-string context=\"pb-bioinfo\" name=\"info-1\"]70 Jahre alt, verheiratet, 3 Kinder und 4 Enkelkinder. Ich habe an der Universit\u00e4t M\u00fcnster Volkswirtschaft studiert und anschlie\u00dfend den postgraduierten Kurs am deutschen Institut f\u00fcr Entwicklungspolitik (heute IDOS) absolviert.[\/wpml-string]","sameAs":["https:\/\/roger-peltzer.com\/ueber-mich\/"],"url":"https:\/\/roger-peltzer.com\/fr\/author\/roger\/"}]}},"authors":[{"term_id":26,"user_id":2,"is_guest":0,"slug":"roger","display_name":"Roger Peltzer","avatar_url":{"url":"https:\/\/roger-peltzer.com\/wp-content\/uploads\/2023\/09\/roger-peltzer-weltjugendtag-square.jpg","url2x":"https:\/\/roger-peltzer.com\/wp-content\/uploads\/2023\/09\/roger-peltzer-weltjugendtag-square.jpg"},"0":null,"1":"","2":"","3":"","4":"","5":"","6":"","7":"","8":""}],"_links":{"self":[{"href":"https:\/\/roger-peltzer.com\/fr\/wp-json\/wp\/v2\/posts\/561","targetHints":{"allow":["GET"]}}],"collection":[{"href":"https:\/\/roger-peltzer.com\/fr\/wp-json\/wp\/v2\/posts"}],"about":[{"href":"https:\/\/roger-peltzer.com\/fr\/wp-json\/wp\/v2\/types\/post"}],"author":[{"embeddable":true,"href":"https:\/\/roger-peltzer.com\/fr\/wp-json\/wp\/v2\/users\/2"}],"replies":[{"embeddable":true,"href":"https:\/\/roger-peltzer.com\/fr\/wp-json\/wp\/v2\/comments?post=561"}],"version-history":[{"count":2,"href":"https:\/\/roger-peltzer.com\/fr\/wp-json\/wp\/v2\/posts\/561\/revisions"}],"predecessor-version":[{"id":563,"href":"https:\/\/roger-peltzer.com\/fr\/wp-json\/wp\/v2\/posts\/561\/revisions\/563"}],"wp:featuredmedia":[{"embeddable":true,"href":"https:\/\/roger-peltzer.com\/fr\/wp-json\/wp\/v2\/media\/560"}],"wp:attachment":[{"href":"https:\/\/roger-peltzer.com\/fr\/wp-json\/wp\/v2\/media?parent=561"}],"wp:term":[{"taxonomy":"category","embeddable":true,"href":"https:\/\/roger-peltzer.com\/fr\/wp-json\/wp\/v2\/categories?post=561"},{"taxonomy":"post_tag","embeddable":true,"href":"https:\/\/roger-peltzer.com\/fr\/wp-json\/wp\/v2\/tags?post=561"},{"taxonomy":"author","embeddable":true,"href":"https:\/\/roger-peltzer.com\/fr\/wp-json\/wp\/v2\/ppma_author?post=561"}],"curies":[{"name":"wp","href":"https:\/\/api.w.org\/{rel}","templated":true}]}}