{"id":4588,"date":"2025-07-15T20:09:05","date_gmt":"2025-07-15T20:09:05","guid":{"rendered":"https:\/\/roger-peltzer.com\/?p=4588"},"modified":"2025-07-15T20:14:22","modified_gmt":"2025-07-15T20:14:22","slug":"le-crepuscule-des-dieux-au-cameroun","status":"publish","type":"post","link":"https:\/\/roger-peltzer.com\/fr\/le-crepuscule-des-dieux-au-cameroun\/","title":{"rendered":"Le cr\u00e9puscule des dieux au Cameroun ?"},"content":{"rendered":"\n<p><strong>Des \u00e9lections pr\u00e9sidentielles sont pr\u00e9vues en octobre au Cameroun. Le pr\u00e9sident sortant, \u00e2g\u00e9 de 93 ans, brigue un huiti\u00e8me mandat. Roger Peltzer analyse les raisons pour lesquelles ses chances s&rsquo;effritent et les signes qui montrent que la base du pouvoir de Paul Biya s&rsquo;effrite.  <\/strong><br\/><\/p>\n\n<p>Paul Biya, 92 ans, est pr\u00e9sident du Cameroun depuis 1982, apr\u00e8s avoir \u00e9t\u00e9 Premier ministre pendant 7 ans. Une nouvelle \u00e9lection pr\u00e9sidentielle est pr\u00e9vue le 12 octobre. Et Paul Biya veut briguer un 8e mandat, comme l&rsquo;a annonc\u00e9 il y a quelques jours le secr\u00e9taire g\u00e9n\u00e9ral de la pr\u00e9sidence Ferdinand Ngoh Ngoh&#8230;.  <\/p>\n\n<p>Mais il semble plus incertain que jamais que cela se produise. Paul Biya ne se montre pratiquement plus en public depuis des ann\u00e9es. Les personnes qui connaissent l&rsquo;entourage du pr\u00e9sident affirment que le pays est dirig\u00e9 de facto par son \u00e9pouse Chantal et Ferdinand Ngoh Ngoh. Les deux hommes &#8211; Beti, originaires de la m\u00eame pr\u00e9fecture du centre du Cameroun &#8211; auraient un large pouvoir d&rsquo;action.   <\/p>\n\n<p><strong>La base du pouvoir de Biya vacille<\/strong><\/p>\n\n<p>Mais la base du pouvoir de Paul Biya commence \u00e0 s&rsquo;effriter. Traditionnellement, Paul Biya a fond\u00e9 son pouvoir pendant des d\u00e9cennies sur une alliance entre ses Beti, qui vivent dans le centre et le sud du Cameroun, et les \u00e9lites musulmanes et chr\u00e9tiennes du nord du Cameroun. Celles-ci se sont unies pour former un contrepoids politique face aux Bamil\u00e9k\u00e9s de l&rsquo;ouest du Cameroun, qui dominent l&rsquo;\u00e9conomie.  <\/p>\n\n<p>Mais aujourd&rsquo;hui, le Nord semble s&rsquo;\u00eatre effondr\u00e9 en tant que soutien de Paul Biya. Deux de ses ministres originaires du Nord, Issa Bakary Tchirouma (minist\u00e8re du Travail et de la Formation professionnelle) et Bello Bouba Maigari (ministre d&rsquo;Etat en charge du Tourisme) ont d\u00e9missionn\u00e9 de leurs fonctions fin juin. Leur motif : le pays s&rsquo;enfonce dans l&rsquo;immobilisme, le conseil des ministres &#8211; qui se r\u00e9unit sous la direction du pr\u00e9sident &#8211; ne s&rsquo;est pas r\u00e9uni une seule fois depuis 7 ans. Paul Biya n&rsquo;aurait jamais vu personnellement de nombreux ministres en tant que ministre. Tchiirouma et Bouba repr\u00e9sentent les partis FSNC et UNDP, qui ont longtemps \u00e9t\u00e9 alli\u00e9s au RPDC au pouvoir. Ils souhaitent d\u00e9sormais se pr\u00e9senter eux-m\u00eames \u00e0 la pr\u00e9sidence.     <\/p>\n\n<p>Les deux ministres, tous deux musulmans, ne sont pas les seuls \u00e0 tirer la sonnette d&rsquo;alarme : les trois archev\u00eaques de l&rsquo;Eglise catholique originaires du nord critiquent vivement Biya et demandent son changement, tout comme, depuis peu, des responsables du parti au pouvoir, le RPDC, dans le nord. Ce n&rsquo;est pas surprenant, car l&rsquo;infrastructure dans le nord est particuli\u00e8rement d\u00e9labr\u00e9e. Il faut aujourd&rsquo;hui deux \u00e0 trois fois plus de temps qu&rsquo;il y a dix ans pour parcourir de nombreux trajets sur des routes en mauvais \u00e9tat. A cela s&rsquo;ajoute une criminalit\u00e9 croissante. Ainsi, Boko Haram est en grande partie vaincu. Mais les anciens combattants se sont souvent transform\u00e9s en criminels de droit commun qui, en collaboration avec des soutiens locaux et, pense-t-on, avec certains membres des forces de s\u00e9curit\u00e9, terrorisent la population, enl\u00e8vent des paysans fortun\u00e9s pour obtenir des ran\u00e7ons, etc. Et le gouvernement central est incapable d&rsquo;agir et observe plus ou moins sans rien faire.     <\/p>\n\n<p><strong>Guerre civile larv\u00e9e dans l&rsquo;ouest anglophone et infrastructures en ruine<\/strong><\/p>\n\n<p>Mais il y a aussi le feu dans d&rsquo;autres parties du Cameroun. Dans la partie anglophone, la guerre civile continue de couver et les anciens rebelles agissent de plus en plus comme des criminels. Le conflit actuel a \u00e9t\u00e9 d\u00e9clench\u00e9 par le fait que le gouvernement central a envoy\u00e9 des juges francophones dans la partie anglophone du pays pour qu&rsquo;ils y rendent la justice en fran\u00e7ais, conform\u00e9ment au droit fran\u00e7ais et non \u00e0 la common law anglaise. Cela a conduit \u00e0 une gr\u00e8ve g\u00e9n\u00e9rale de tous les employ\u00e9s anglophones de la justice, \u00e0 laquelle se sont joints peu apr\u00e8s les enseignants anglophones. Le conflit a ensuite d\u00e9g\u00e9n\u00e9r\u00e9 en affrontements arm\u00e9s ouverts. Certes, le gouvernement a fini par retirer les juges francophones, mais le mal \u00e9tait d\u00e9j\u00e0 fait. Il faudrait maintenant que le gouvernement fasse d&rsquo;autres gestes clairs pour mettre fin au conflit qui couve encore. Apr\u00e8s l&rsquo;ind\u00e9pendance, les Camerounais anglophones vivant dans le nord-ouest (ancienne colonie anglaise) avaient d\u00e9cid\u00e9 par r\u00e9f\u00e9rendum de se rattacher au Cameroun et non au Nigeria. Une large autonomie leur avait \u00e9t\u00e9 promise \u00e0 l&rsquo;\u00e9poque, mais le gouvernement central n&rsquo;a cess\u00e9 de la restreindre par la suite.        <\/p>\n\n<p>Et ceux qui ont le plaisir douteux de se d\u00e9placer en voiture \u00e0 Yaound\u00e9 &#8211; il n&rsquo;y a pas de transport public &#8211; se retrouvent matin, midi et soir dans des embouteillages permanents caus\u00e9s par des nids de poule d&rsquo;un m\u00e8tre de profondeur, qui ne permettent souvent de rouler qu&rsquo;au pas. Des dizaines de milliers de Camerounais qualifi\u00e9s ont quitt\u00e9 leur pays et occupent souvent des postes de haut niveau dans le monde entier, car ils ne supportent tout simplement pas la stagnation chez eux. <\/p>\n\n<p>La situation globale appelle, pour ainsi dire, \u00e0 un changement. Le candidat d&rsquo;opposition le plus en vue et le plus populaire est le professeur Kamto, originaire de l&rsquo;ouest du Cameroun. Son parti, le MRC, est bien g\u00e9r\u00e9 et bien implant\u00e9 dans tout le pays. En tant que vice-ministre de la Justice, le professeur Kamto a men\u00e9 les n\u00e9gociations avec le Nigeria concernant l&rsquo;enclave de Bakassy, qui poss\u00e8de d&rsquo;importantes ressources p\u00e9troli\u00e8res, et les a conclues avec un r\u00e9sultat favorable pour le Cameroun. N\u00e9anmoins, le r\u00e9gime Biya l&rsquo;a ensuite emprisonn\u00e9 pendant 9 mois parce qu&rsquo;il \u00e9tait pass\u00e9 entre-temps dans l&rsquo;opposition. Le fait que Kamto ait r\u00e9cemment r\u00e9ussi \u00e0 r\u00e9unir 50.000 Camerounais de la diaspora \u00e0 Paris pour un grand rassemblement montre \u00e0 quel point le sentiment d&rsquo;alternance est fort. A son retour \u00e0 Douala, le gouvernement a d\u00fb boucler l&rsquo;a\u00e9roport pour \u00e9viter que les images t\u00e9l\u00e9vis\u00e9es ne montrent Kamto accueilli par des partisans enthousiastes.      <\/p>\n\n<p><strong>Comment la France et les \u00c9tats-Unis se comportent-ils<\/strong>?<\/p>\n\n<p>La grande question ouverte est maintenant de savoir comment la France, mais aussi les Etats-Unis, vont g\u00e9rer l&rsquo;agonie du r\u00e9gime Biya. L&rsquo;opinion publique camerounaise a not\u00e9 avec int\u00e9r\u00eat que l&rsquo;ambassadeur fran\u00e7ais a re\u00e7u le ministre d\u00e9missionnaire Issa Tchirouma et a permis que des images de cette rencontre circulent dans le public. Et pour Trump, le cas du Cameroun n&rsquo;est pas non plus sans int\u00e9r\u00eat. Son pr\u00e9d\u00e9cesseur Biden avait accord\u00e9 tr\u00e8s g\u00e9n\u00e9reusement des visas aux Camerounais anglophones pour qu&rsquo;ils s&rsquo;installent aux \u00c9tats-Unis en raison de la guerre civile. Des dizaines de milliers de Camerounais en ont profit\u00e9. Trump a donc peut-\u00eatre int\u00e9r\u00eat \u00e0 mettre fin \u00e0 la guerre civile qui couve dans l&rsquo;ouest du Cameroun. Mais il ne pourra y parvenir qu&rsquo;avec un nouveau pr\u00e9sident.      <\/p>\n\n<p>Ce ne serait pas la premi\u00e8re fois que Biya, face \u00e0 une forte opposition, assurerait sa r\u00e9\u00e9lection, le cas \u00e9ch\u00e9ant par la fraude \u00e9lectorale et l&rsquo;utilisation de moyens de pouvoir. Mais est-il encore capable d&rsquo;agir ? Et b\u00e9n\u00e9ficie-t-il encore du soutien de la France ? Il n&rsquo;est pas exclu que l&rsquo;on cherche en coulisses un candidat qui soit d&rsquo;une part cr\u00e9dible et qualifi\u00e9, mais qui puisse d&rsquo;autre part assurer une transition ordonn\u00e9e avec certaines garanties pour Biya et son clan. Beaucoup craignent que la lutte pour la succession ne d\u00e9bouche sur des affrontements de type guerre civile. Il existe des candidats appropri\u00e9s qui pourraient permettre une transition pacifique du pouvoir. Les prochains mois au Cameroun seront passionnants.      <\/p>\n\n<p>Photo de couverture : Le secr\u00e9taire d&rsquo;\u00c9tat am\u00e9ricain John Kerry accueille le pr\u00e9sident camerounais Paul Biya avant le d\u00e9but de la session One du Sommet des dirigeants des \u00c9tats-Unis et de l&rsquo;Afrique sur le th\u00e8me \u00ab\u00a0Investir dans l&rsquo;avenir de l&rsquo;Afrique\u00a0\u00bb, au D\u00e9partement d&rsquo;\u00c9tat am\u00e9ricain pour la derni\u00e8re journ\u00e9e du Sommet des \u00c9tats-Unis et de l&rsquo;Afrique \u00e0 Washington, D.C., le 6 ao\u00fbt 2014. Source : State Department photo\/ Domaine public <\/p>\n","protected":false},"excerpt":{"rendered":"<p>Des \u00e9lections pr\u00e9sidentielles sont pr\u00e9vues en octobre au Cameroun. Le pr\u00e9sident sortant, \u00e2g\u00e9 de 93 ans, brigue un huiti\u00e8me mandat. Roger Peltzer analyse les raisons pour lesquelles ses chances s&rsquo;effritent et les signes qui montrent que la base du pouvoir<\/p>\n","protected":false},"author":2,"featured_media":4584,"comment_status":"open","ping_status":"open","sticky":false,"template":"","format":"standard","meta":{"footnotes":""},"categories":[112],"tags":[],"ppma_author":[26],"class_list":["post-4588","post","type-post","status-publish","format-standard","has-post-thumbnail","hentry","category-cooperation-au-developpement-fr"],"yoast_head":"<!-- This site is optimized with the Yoast SEO plugin v27.5 - https:\/\/yoast.com\/product\/yoast-seo-wordpress\/ -->\n<title>Le cr\u00e9puscule des dieux au Cameroun ? - Politique internationale<\/title>\n<meta name=\"description\" content=\"Blog de Roger Peltzer sur le d\u00e9veloppement et la politique \u00e9trang\u00e8re, sur les th\u00e8mes des \u00c9tats fragiles, des droits de l&#039;homme et de l&#039;Am\u00e9rique latine.\" \/>\n<meta name=\"robots\" content=\"index, follow, max-snippet:-1, max-image-preview:large, max-video-preview:-1\" \/>\n<link rel=\"canonical\" href=\"https:\/\/roger-peltzer.com\/fr\/le-crepuscule-des-dieux-au-cameroun\/\" \/>\n<meta property=\"og:locale\" content=\"fr_FR\" \/>\n<meta property=\"og:type\" content=\"article\" \/>\n<meta property=\"og:title\" content=\"Le cr\u00e9puscule des dieux au Cameroun ? - Politique internationale\" \/>\n<meta property=\"og:description\" content=\"Blog de Roger Peltzer sur le d\u00e9veloppement et la politique \u00e9trang\u00e8re, sur les th\u00e8mes des \u00c9tats fragiles, des droits de l&#039;homme et de l&#039;Am\u00e9rique latine.\" \/>\n<meta property=\"og:url\" content=\"https:\/\/roger-peltzer.com\/fr\/le-crepuscule-des-dieux-au-cameroun\/\" \/>\n<meta property=\"og:site_name\" content=\"Politique internationale\" \/>\n<meta property=\"article:published_time\" content=\"2025-07-15T20:09:05+00:00\" \/>\n<meta property=\"article:modified_time\" content=\"2025-07-15T20:14:22+00:00\" \/>\n<meta property=\"og:image\" content=\"https:\/\/roger-peltzer.com\/wp-content\/uploads\/2025\/07\/14658554809_a6a695e158_k.jpg\" \/>\n\t<meta property=\"og:image:width\" content=\"2047\" \/>\n\t<meta property=\"og:image:height\" content=\"1365\" \/>\n\t<meta property=\"og:image:type\" content=\"image\/jpeg\" \/>\n<meta name=\"author\" content=\"Roger Peltzer\" \/>\n<meta name=\"twitter:card\" content=\"summary_large_image\" \/>\n<meta name=\"twitter:label1\" content=\"\u00c9crit par\" \/>\n\t<meta name=\"twitter:data1\" content=\"Roger Peltzer\" \/>\n\t<meta name=\"twitter:label2\" content=\"Dur\u00e9e de lecture estim\u00e9e\" \/>\n\t<meta name=\"twitter:data2\" content=\"7 minutes\" \/>\n<script type=\"application\/ld+json\" class=\"yoast-schema-graph\">{\"@context\":\"https:\\\/\\\/schema.org\",\"@graph\":[{\"@type\":\"Article\",\"@id\":\"https:\\\/\\\/roger-peltzer.com\\\/fr\\\/le-crepuscule-des-dieux-au-cameroun\\\/#article\",\"isPartOf\":{\"@id\":\"https:\\\/\\\/roger-peltzer.com\\\/fr\\\/le-crepuscule-des-dieux-au-cameroun\\\/\"},\"author\":{\"name\":\"Roger Peltzer\",\"@id\":\"https:\\\/\\\/roger-peltzer.com\\\/fr\\\/#\\\/schema\\\/person\\\/6506ec1961bde1e8ad9521e95d6a8dac\"},\"headline\":\"Le cr\u00e9puscule des dieux au Cameroun ?\",\"datePublished\":\"2025-07-15T20:09:05+00:00\",\"dateModified\":\"2025-07-15T20:14:22+00:00\",\"mainEntityOfPage\":{\"@id\":\"https:\\\/\\\/roger-peltzer.com\\\/fr\\\/le-crepuscule-des-dieux-au-cameroun\\\/\"},\"wordCount\":1363,\"commentCount\":0,\"publisher\":{\"@id\":\"https:\\\/\\\/roger-peltzer.com\\\/fr\\\/#\\\/schema\\\/person\\\/6506ec1961bde1e8ad9521e95d6a8dac\"},\"image\":{\"@id\":\"https:\\\/\\\/roger-peltzer.com\\\/fr\\\/le-crepuscule-des-dieux-au-cameroun\\\/#primaryimage\"},\"thumbnailUrl\":\"https:\\\/\\\/roger-peltzer.com\\\/wp-content\\\/uploads\\\/2025\\\/07\\\/14658554809_a6a695e158_k.jpg\",\"articleSection\":[\"Coop\u00e9ration au d\u00e9veloppement\"],\"inLanguage\":\"fr-FR\",\"potentialAction\":[{\"@type\":\"CommentAction\",\"name\":\"Comment\",\"target\":[\"https:\\\/\\\/roger-peltzer.com\\\/fr\\\/le-crepuscule-des-dieux-au-cameroun\\\/#respond\"]}]},{\"@type\":\"WebPage\",\"@id\":\"https:\\\/\\\/roger-peltzer.com\\\/fr\\\/le-crepuscule-des-dieux-au-cameroun\\\/\",\"url\":\"https:\\\/\\\/roger-peltzer.com\\\/fr\\\/le-crepuscule-des-dieux-au-cameroun\\\/\",\"name\":\"Le cr\u00e9puscule des dieux au Cameroun ? - Politique internationale\",\"isPartOf\":{\"@id\":\"https:\\\/\\\/roger-peltzer.com\\\/fr\\\/#website\"},\"primaryImageOfPage\":{\"@id\":\"https:\\\/\\\/roger-peltzer.com\\\/fr\\\/le-crepuscule-des-dieux-au-cameroun\\\/#primaryimage\"},\"image\":{\"@id\":\"https:\\\/\\\/roger-peltzer.com\\\/fr\\\/le-crepuscule-des-dieux-au-cameroun\\\/#primaryimage\"},\"thumbnailUrl\":\"https:\\\/\\\/roger-peltzer.com\\\/wp-content\\\/uploads\\\/2025\\\/07\\\/14658554809_a6a695e158_k.jpg\",\"datePublished\":\"2025-07-15T20:09:05+00:00\",\"dateModified\":\"2025-07-15T20:14:22+00:00\",\"description\":\"Blog de Roger Peltzer sur le d\u00e9veloppement et la politique \u00e9trang\u00e8re, sur les th\u00e8mes des \u00c9tats fragiles, des droits de l'homme et de l'Am\u00e9rique latine.\",\"breadcrumb\":{\"@id\":\"https:\\\/\\\/roger-peltzer.com\\\/fr\\\/le-crepuscule-des-dieux-au-cameroun\\\/#breadcrumb\"},\"inLanguage\":\"fr-FR\",\"potentialAction\":[{\"@type\":\"ReadAction\",\"target\":[\"https:\\\/\\\/roger-peltzer.com\\\/fr\\\/le-crepuscule-des-dieux-au-cameroun\\\/\"]}]},{\"@type\":\"ImageObject\",\"inLanguage\":\"fr-FR\",\"@id\":\"https:\\\/\\\/roger-peltzer.com\\\/fr\\\/le-crepuscule-des-dieux-au-cameroun\\\/#primaryimage\",\"url\":\"https:\\\/\\\/roger-peltzer.com\\\/wp-content\\\/uploads\\\/2025\\\/07\\\/14658554809_a6a695e158_k.jpg\",\"contentUrl\":\"https:\\\/\\\/roger-peltzer.com\\\/wp-content\\\/uploads\\\/2025\\\/07\\\/14658554809_a6a695e158_k.jpg\",\"width\":2047,\"height\":1365},{\"@type\":\"BreadcrumbList\",\"@id\":\"https:\\\/\\\/roger-peltzer.com\\\/fr\\\/le-crepuscule-des-dieux-au-cameroun\\\/#breadcrumb\",\"itemListElement\":[{\"@type\":\"ListItem\",\"position\":1,\"name\":\"Accueil\",\"item\":\"https:\\\/\\\/roger-peltzer.com\\\/fr\\\/\"},{\"@type\":\"ListItem\",\"position\":2,\"name\":\"Le cr\u00e9puscule des dieux au Cameroun ?\"}]},{\"@type\":\"WebSite\",\"@id\":\"https:\\\/\\\/roger-peltzer.com\\\/fr\\\/#website\",\"url\":\"https:\\\/\\\/roger-peltzer.com\\\/fr\\\/\",\"name\":\"Politique internationale\",\"description\":\"Roger Peltzer\",\"publisher\":{\"@id\":\"https:\\\/\\\/roger-peltzer.com\\\/fr\\\/#\\\/schema\\\/person\\\/6506ec1961bde1e8ad9521e95d6a8dac\"},\"potentialAction\":[{\"@type\":\"SearchAction\",\"target\":{\"@type\":\"EntryPoint\",\"urlTemplate\":\"https:\\\/\\\/roger-peltzer.com\\\/fr\\\/?s={search_term_string}\"},\"query-input\":{\"@type\":\"PropertyValueSpecification\",\"valueRequired\":true,\"valueName\":\"search_term_string\"}}],\"inLanguage\":\"fr-FR\"},{\"@type\":[\"Person\",\"Organization\"],\"@id\":\"https:\\\/\\\/roger-peltzer.com\\\/fr\\\/#\\\/schema\\\/person\\\/6506ec1961bde1e8ad9521e95d6a8dac\",\"name\":\"Roger Peltzer\",\"image\":{\"@type\":\"ImageObject\",\"inLanguage\":\"fr-FR\",\"@id\":\"https:\\\/\\\/roger-peltzer.com\\\/wp-content\\\/uploads\\\/2023\\\/09\\\/roger-peltzer-weltjugendtag-square.jpgd5bfa09cc9b6ba3f4dfe4bfbbc24c702\",\"url\":\"https:\\\/\\\/roger-peltzer.com\\\/wp-content\\\/uploads\\\/2023\\\/09\\\/roger-peltzer-weltjugendtag-square.jpg\",\"contentUrl\":\"https:\\\/\\\/roger-peltzer.com\\\/wp-content\\\/uploads\\\/2023\\\/09\\\/roger-peltzer-weltjugendtag-square.jpg\",\"caption\":\"Roger Peltzer\"},\"logo\":{\"@id\":\"https:\\\/\\\/roger-peltzer.com\\\/wp-content\\\/uploads\\\/2023\\\/09\\\/roger-peltzer-weltjugendtag-square.jpgd5bfa09cc9b6ba3f4dfe4bfbbc24c702\"},\"description\":\"[wpml-string context=\\\"pb-bioinfo\\\" name=\\\"info-1\\\"]70 Jahre alt, verheiratet, 3 Kinder und 4 Enkelkinder. Ich habe an der Universit\u00e4t M\u00fcnster Volkswirtschaft studiert und anschlie\u00dfend den postgraduierten Kurs am deutschen Institut f\u00fcr Entwicklungspolitik (heute IDOS) absolviert.[\\\/wpml-string]\",\"sameAs\":[\"https:\\\/\\\/roger-peltzer.com\\\/ueber-mich\\\/\"],\"url\":\"https:\\\/\\\/roger-peltzer.com\\\/fr\\\/author\\\/roger\\\/\"}]}<\/script>\n<!-- \/ Yoast SEO plugin. -->","yoast_head_json":{"title":"Le cr\u00e9puscule des dieux au Cameroun ? - Politique internationale","description":"Blog de Roger Peltzer sur le d\u00e9veloppement et la politique \u00e9trang\u00e8re, sur les th\u00e8mes des \u00c9tats fragiles, des droits de l'homme et de l'Am\u00e9rique latine.","robots":{"index":"index","follow":"follow","max-snippet":"max-snippet:-1","max-image-preview":"max-image-preview:large","max-video-preview":"max-video-preview:-1"},"canonical":"https:\/\/roger-peltzer.com\/fr\/le-crepuscule-des-dieux-au-cameroun\/","og_locale":"fr_FR","og_type":"article","og_title":"Le cr\u00e9puscule des dieux au Cameroun ? - Politique internationale","og_description":"Blog de Roger Peltzer sur le d\u00e9veloppement et la politique \u00e9trang\u00e8re, sur les th\u00e8mes des \u00c9tats fragiles, des droits de l'homme et de l'Am\u00e9rique latine.","og_url":"https:\/\/roger-peltzer.com\/fr\/le-crepuscule-des-dieux-au-cameroun\/","og_site_name":"Politique internationale","article_published_time":"2025-07-15T20:09:05+00:00","article_modified_time":"2025-07-15T20:14:22+00:00","og_image":[{"width":2047,"height":1365,"url":"https:\/\/roger-peltzer.com\/wp-content\/uploads\/2025\/07\/14658554809_a6a695e158_k.jpg","type":"image\/jpeg"}],"author":"Roger Peltzer","twitter_card":"summary_large_image","twitter_misc":{"\u00c9crit par":"Roger Peltzer","Dur\u00e9e de lecture estim\u00e9e":"7 minutes"},"schema":{"@context":"https:\/\/schema.org","@graph":[{"@type":"Article","@id":"https:\/\/roger-peltzer.com\/fr\/le-crepuscule-des-dieux-au-cameroun\/#article","isPartOf":{"@id":"https:\/\/roger-peltzer.com\/fr\/le-crepuscule-des-dieux-au-cameroun\/"},"author":{"name":"Roger Peltzer","@id":"https:\/\/roger-peltzer.com\/fr\/#\/schema\/person\/6506ec1961bde1e8ad9521e95d6a8dac"},"headline":"Le cr\u00e9puscule des dieux au Cameroun ?","datePublished":"2025-07-15T20:09:05+00:00","dateModified":"2025-07-15T20:14:22+00:00","mainEntityOfPage":{"@id":"https:\/\/roger-peltzer.com\/fr\/le-crepuscule-des-dieux-au-cameroun\/"},"wordCount":1363,"commentCount":0,"publisher":{"@id":"https:\/\/roger-peltzer.com\/fr\/#\/schema\/person\/6506ec1961bde1e8ad9521e95d6a8dac"},"image":{"@id":"https:\/\/roger-peltzer.com\/fr\/le-crepuscule-des-dieux-au-cameroun\/#primaryimage"},"thumbnailUrl":"https:\/\/roger-peltzer.com\/wp-content\/uploads\/2025\/07\/14658554809_a6a695e158_k.jpg","articleSection":["Coop\u00e9ration au d\u00e9veloppement"],"inLanguage":"fr-FR","potentialAction":[{"@type":"CommentAction","name":"Comment","target":["https:\/\/roger-peltzer.com\/fr\/le-crepuscule-des-dieux-au-cameroun\/#respond"]}]},{"@type":"WebPage","@id":"https:\/\/roger-peltzer.com\/fr\/le-crepuscule-des-dieux-au-cameroun\/","url":"https:\/\/roger-peltzer.com\/fr\/le-crepuscule-des-dieux-au-cameroun\/","name":"Le cr\u00e9puscule des dieux au Cameroun ? - Politique internationale","isPartOf":{"@id":"https:\/\/roger-peltzer.com\/fr\/#website"},"primaryImageOfPage":{"@id":"https:\/\/roger-peltzer.com\/fr\/le-crepuscule-des-dieux-au-cameroun\/#primaryimage"},"image":{"@id":"https:\/\/roger-peltzer.com\/fr\/le-crepuscule-des-dieux-au-cameroun\/#primaryimage"},"thumbnailUrl":"https:\/\/roger-peltzer.com\/wp-content\/uploads\/2025\/07\/14658554809_a6a695e158_k.jpg","datePublished":"2025-07-15T20:09:05+00:00","dateModified":"2025-07-15T20:14:22+00:00","description":"Blog de Roger Peltzer sur le d\u00e9veloppement et la politique \u00e9trang\u00e8re, sur les th\u00e8mes des \u00c9tats fragiles, des droits de l'homme et de l'Am\u00e9rique latine.","breadcrumb":{"@id":"https:\/\/roger-peltzer.com\/fr\/le-crepuscule-des-dieux-au-cameroun\/#breadcrumb"},"inLanguage":"fr-FR","potentialAction":[{"@type":"ReadAction","target":["https:\/\/roger-peltzer.com\/fr\/le-crepuscule-des-dieux-au-cameroun\/"]}]},{"@type":"ImageObject","inLanguage":"fr-FR","@id":"https:\/\/roger-peltzer.com\/fr\/le-crepuscule-des-dieux-au-cameroun\/#primaryimage","url":"https:\/\/roger-peltzer.com\/wp-content\/uploads\/2025\/07\/14658554809_a6a695e158_k.jpg","contentUrl":"https:\/\/roger-peltzer.com\/wp-content\/uploads\/2025\/07\/14658554809_a6a695e158_k.jpg","width":2047,"height":1365},{"@type":"BreadcrumbList","@id":"https:\/\/roger-peltzer.com\/fr\/le-crepuscule-des-dieux-au-cameroun\/#breadcrumb","itemListElement":[{"@type":"ListItem","position":1,"name":"Accueil","item":"https:\/\/roger-peltzer.com\/fr\/"},{"@type":"ListItem","position":2,"name":"Le cr\u00e9puscule des dieux au Cameroun ?"}]},{"@type":"WebSite","@id":"https:\/\/roger-peltzer.com\/fr\/#website","url":"https:\/\/roger-peltzer.com\/fr\/","name":"Politique internationale","description":"Roger Peltzer","publisher":{"@id":"https:\/\/roger-peltzer.com\/fr\/#\/schema\/person\/6506ec1961bde1e8ad9521e95d6a8dac"},"potentialAction":[{"@type":"SearchAction","target":{"@type":"EntryPoint","urlTemplate":"https:\/\/roger-peltzer.com\/fr\/?s={search_term_string}"},"query-input":{"@type":"PropertyValueSpecification","valueRequired":true,"valueName":"search_term_string"}}],"inLanguage":"fr-FR"},{"@type":["Person","Organization"],"@id":"https:\/\/roger-peltzer.com\/fr\/#\/schema\/person\/6506ec1961bde1e8ad9521e95d6a8dac","name":"Roger Peltzer","image":{"@type":"ImageObject","inLanguage":"fr-FR","@id":"https:\/\/roger-peltzer.com\/wp-content\/uploads\/2023\/09\/roger-peltzer-weltjugendtag-square.jpgd5bfa09cc9b6ba3f4dfe4bfbbc24c702","url":"https:\/\/roger-peltzer.com\/wp-content\/uploads\/2023\/09\/roger-peltzer-weltjugendtag-square.jpg","contentUrl":"https:\/\/roger-peltzer.com\/wp-content\/uploads\/2023\/09\/roger-peltzer-weltjugendtag-square.jpg","caption":"Roger Peltzer"},"logo":{"@id":"https:\/\/roger-peltzer.com\/wp-content\/uploads\/2023\/09\/roger-peltzer-weltjugendtag-square.jpgd5bfa09cc9b6ba3f4dfe4bfbbc24c702"},"description":"[wpml-string context=\"pb-bioinfo\" name=\"info-1\"]70 Jahre alt, verheiratet, 3 Kinder und 4 Enkelkinder. Ich habe an der Universit\u00e4t M\u00fcnster Volkswirtschaft studiert und anschlie\u00dfend den postgraduierten Kurs am deutschen Institut f\u00fcr Entwicklungspolitik (heute IDOS) absolviert.[\/wpml-string]","sameAs":["https:\/\/roger-peltzer.com\/ueber-mich\/"],"url":"https:\/\/roger-peltzer.com\/fr\/author\/roger\/"}]}},"authors":[{"term_id":26,"user_id":2,"is_guest":0,"slug":"roger","display_name":"Roger Peltzer","avatar_url":{"url":"https:\/\/roger-peltzer.com\/wp-content\/uploads\/2023\/09\/roger-peltzer-weltjugendtag-square.jpg","url2x":"https:\/\/roger-peltzer.com\/wp-content\/uploads\/2023\/09\/roger-peltzer-weltjugendtag-square.jpg"},"0":null,"1":"","2":"","3":"","4":"","5":"","6":"","7":"","8":""}],"_links":{"self":[{"href":"https:\/\/roger-peltzer.com\/fr\/wp-json\/wp\/v2\/posts\/4588","targetHints":{"allow":["GET"]}}],"collection":[{"href":"https:\/\/roger-peltzer.com\/fr\/wp-json\/wp\/v2\/posts"}],"about":[{"href":"https:\/\/roger-peltzer.com\/fr\/wp-json\/wp\/v2\/types\/post"}],"author":[{"embeddable":true,"href":"https:\/\/roger-peltzer.com\/fr\/wp-json\/wp\/v2\/users\/2"}],"replies":[{"embeddable":true,"href":"https:\/\/roger-peltzer.com\/fr\/wp-json\/wp\/v2\/comments?post=4588"}],"version-history":[{"count":4,"href":"https:\/\/roger-peltzer.com\/fr\/wp-json\/wp\/v2\/posts\/4588\/revisions"}],"predecessor-version":[{"id":4595,"href":"https:\/\/roger-peltzer.com\/fr\/wp-json\/wp\/v2\/posts\/4588\/revisions\/4595"}],"wp:featuredmedia":[{"embeddable":true,"href":"https:\/\/roger-peltzer.com\/fr\/wp-json\/wp\/v2\/media\/4584"}],"wp:attachment":[{"href":"https:\/\/roger-peltzer.com\/fr\/wp-json\/wp\/v2\/media?parent=4588"}],"wp:term":[{"taxonomy":"category","embeddable":true,"href":"https:\/\/roger-peltzer.com\/fr\/wp-json\/wp\/v2\/categories?post=4588"},{"taxonomy":"post_tag","embeddable":true,"href":"https:\/\/roger-peltzer.com\/fr\/wp-json\/wp\/v2\/tags?post=4588"},{"taxonomy":"author","embeddable":true,"href":"https:\/\/roger-peltzer.com\/fr\/wp-json\/wp\/v2\/ppma_author?post=4588"}],"curies":[{"name":"wp","href":"https:\/\/api.w.org\/{rel}","templated":true}]}}