{"id":4523,"date":"2025-02-14T19:58:44","date_gmt":"2025-02-14T19:58:44","guid":{"rendered":"https:\/\/roger-peltzer.com\/friedrich-merz-et-la-politique-africaine-dun-gouvernement-federal-dirige-par-lui\/"},"modified":"2025-02-14T20:00:04","modified_gmt":"2025-02-14T20:00:04","slug":"friedrich-merz-et-la-politique-africaine-dun-gouvernement-federal-dirige-par-lui","status":"publish","type":"post","link":"https:\/\/roger-peltzer.com\/fr\/friedrich-merz-et-la-politique-africaine-dun-gouvernement-federal-dirige-par-lui\/","title":{"rendered":"Friedrich Merz et la politique africaine d'un gouvernement f\u00e9d\u00e9ral dirig\u00e9 par lui"},"content":{"rendered":"\n<p><strong>Le 24 janvier, Friedrich Merz a prononc\u00e9 un discours de fond sur ses id\u00e9es en mati\u00e8re de politique \u00e9trang\u00e8re, de s\u00e9curit\u00e9 et de d\u00e9veloppement \u00e0 la Fondation K\u00f6rber \u00e0 Hambourg, dans le cadre du Global Leader Forum. Il a \u00e9t\u00e9 remarquable de constater que lui aussi, comme les gouvernements pr\u00e9c\u00e9dents, accorde une grande importance \u00e0 la coop\u00e9ration avec l&rsquo;Afrique. Les explications et les r\u00e9ponses qui ont suivi laissent toutefois planer de s\u00e9rieux doutes sur le fait que le \u00ab\u00a0grand\u00a0\u00bb projet strat\u00e9gique de Merz ait \u00e9t\u00e9 pens\u00e9 jusqu&rsquo;au bout.   <\/strong><\/p>\n\n<p><\/p>\n\n<h2 class=\"wp-block-heading\">La question de la migration<\/h2>\n\n<p><\/p>\n\n<p>Par exemple, Merz demande qu&rsquo;\u00e0 l&rsquo;avenir, l&rsquo;Allemagne n&rsquo;accorde des fonds de coop\u00e9ration au d\u00e9veloppement qu&rsquo;aux pays africains qui acceptent de r\u00e9admettre un grand nombre de r\u00e9fugi\u00e9s allemands. Merz semble penser que l&rsquo;Allemagne dispose d&rsquo;un moyen de pression important gr\u00e2ce \u00e0 sa coop\u00e9ration au d\u00e9veloppement. En r\u00e9alit\u00e9, presque tous les pays d&rsquo;Afrique ont aujourd&rsquo;hui des alternatives \u00e0 la coop\u00e9ration avec l&rsquo;Allemagne et l&rsquo;UE. Il n&rsquo;y a pas que la Chine, mais aussi la Turquie, le Br\u00e9sil, l&rsquo;Inde, les pays du Golfe et parfois m\u00eame la Russie. Pour les gouvernements africains, le probl\u00e8me des r\u00e9fugi\u00e9s est toujours un probl\u00e8me europ\u00e9en. Ils ne se sentent pas concern\u00e9s ou peuvent avoir des probl\u00e8mes avec leurs propres \u00e9lecteurs s&rsquo;ils se rapprochent trop de l&rsquo;Europe sur cette question. Avec sa strat\u00e9gie du \u00ab\u00a0manger ou mourir\u00a0\u00bb, Merz risque de voir l&rsquo;Allemagne se retrouver avec, au mieux, une poign\u00e9e de partenaires de coop\u00e9ration en Afrique. Cela ne veut pas dire qu&rsquo;il n&rsquo;est pas possible de n\u00e9gocier avec les pays africains des accords visant \u00e0 limiter l&rsquo;immigration ill\u00e9gale et \u00e0 promouvoir l&rsquo;immigration l\u00e9gale. L&rsquo;UE et le gouvernement allemand le font avec un certain succ\u00e8s. Mais pour r\u00e9ussir dans ce domaine, il faut beaucoup de diplomatie et surtout une approche qui respecte et prenne au s\u00e9rieux les int\u00e9r\u00eats des Africains. Sinon, nous ne parviendrons ni \u00e0 limiter l&rsquo;immigration ill\u00e9gale en provenance d&rsquo;Afrique, ni \u00e0 maintenir et \u00e0 d\u00e9velopper des relations durables avec l&rsquo;Afrique.          <\/p>\n\n<h2 class=\"wp-block-heading\">Coop\u00e9ration avec les \u00c9tats plut\u00f4t qu&rsquo;avec l&rsquo;UA et les organisations r\u00e9gionales<\/h2>\n\n<p><\/p>\n\n<p>Il est \u00e9galement tr\u00e8s probl\u00e9matique que Merz laisse entendre qu&rsquo;il souhaite miser davantage sur la coop\u00e9ration avec des \u00c9tats individuels et moins sur la promotion de l&rsquo;UA et des organisations r\u00e9gionales africaines. La coop\u00e9ration avec l&rsquo;UA et les organisations r\u00e9gionales \u00e9tait d\u00e9j\u00e0 une caract\u00e9ristique de la politique africaine de l&rsquo;Allemagne sous Merkel. Maintenant, l&rsquo;UA et les organisations r\u00e9gionales sont loin d&rsquo;\u00eatre parfaitement op\u00e9rationnelles. Mais quelle alternative \u00e0 la coop\u00e9ration existe-t-il au vu des nombreuses crises politiques, des conflits et des guerres en Afrique ? Qui d&rsquo;autre que les Africains eux-m\u00eames devraient en premier lieu traiter et limiter les conflits sur le plan politique ? Pour cela, l&rsquo;Afrique a besoin d&rsquo;une UA forte et d&rsquo;organisations r\u00e9gionales fortes. Et comment g\u00e9n\u00e9rer une croissance \u00e9conomique durable en Afrique autrement que par une forte coop\u00e9ration en mati\u00e8re de libre-\u00e9change et de monnaie ? Friedrich Merz est un Europ\u00e9en convaincu. Il s&rsquo;opposerait certainement \u00e0 une politique des \u00c9tats-Unis, par exemple, qui consisterait \u00e0 ne plus parler qu&rsquo;avec certains pays europ\u00e9ens au lieu de l&rsquo;UE. Cette probl\u00e9matique se pose-t-elle diff\u00e9remment en Afrique, Monsieur Merz ?         <\/p>\n\n<h2 class=\"wp-block-heading\">L&rsquo;engagement de livraison est-il une bonne id\u00e9e ?<\/h2>\n\n<p><\/p>\n\n<p>Ensuite, Merz demande \u00e9galement qu&rsquo;\u00e0 l&rsquo;avenir, la coop\u00e9ration allemande au d\u00e9veloppement ne soit mise en \u0153uvre, dans une large mesure, qu&rsquo;avec des fournitures allemandes (il veut probablement dire europ\u00e9ennes &#8211; le droit europ\u00e9en ne permet pas de faire autrement). Est-ce bien raisonnable de la part d&rsquo;un pays aussi int\u00e9gr\u00e9 dans l&rsquo;\u00e9conomie mondiale que l&rsquo;Allemagne ? L&rsquo;assurance Hermes pour les exportations allemandes permet d\u00e9j\u00e0 que jusqu&rsquo;\u00e0 40 % des livraisons proviennent d&rsquo;autres pays. Il n&rsquo;est pas possible de r\u00e9aliser autrement de nombreux projets complexes o\u00f9 les pi\u00e8ces proviennent du monde entier. Et si les entreprises allemandes s&rsquo;engagent dans l&rsquo;\u00e9lectrification rurale de l&rsquo;Afrique &#8211; ce qu&rsquo;elles font &#8211; elles devront aussi utiliser des panneaux solaires chinois. Ceux-ci sont &#8211; pas tous &#8211; de haute qualit\u00e9 et bon march\u00e9. En tant que fournisseurs, les entreprises allemandes b\u00e9n\u00e9ficient depuis des ann\u00e9es de la coop\u00e9ration internationale au d\u00e9veloppement. Pourquoi remettre cela en question avec des efforts bilat\u00e9raux d&rsquo;autosuffisance ?       <\/p>\n\n<h2 class=\"wp-block-heading\">La r\u00e9glementation des cha\u00eenes d&rsquo;approvisionnement : un outil de couverture des risques<\/h2>\n\n<p><\/p>\n\n<p>Et puis, comme il l&rsquo;a expliqu\u00e9 dans son expos\u00e9, M. Merz souhaite \u00e9galement abolir imm\u00e9diatement la loi allemande sur la cha\u00eene d&rsquo;approvisionnement. Cela nuirait soi-disant \u00e0 la comp\u00e9titivit\u00e9 des entreprises allemandes. En fait, c&rsquo;est l&rsquo;inverse.  <\/p>\n\n<p>Certaines entreprises familiales allemandes de premier plan ont pay\u00e9 un lourd tribut pour ne pas avoir respect\u00e9, lors de leurs investissements en Afrique il y a de nombreuses ann\u00e9es, le devoir de diligence que la loi sur la cha\u00eene d&rsquo;approvisionnement rend aujourd&rsquo;hui obligatoire. Certaines d&rsquo;entre elles doivent encore faire face \u00e0 des millions de dollars d&rsquo;indemnit\u00e9s. En substance, la loi sur la cha\u00eene d&rsquo;approvisionnement &#8211; des simplifications bureaucratiques sont certainement envisageables et possibles &#8211; incite les entreprises \u00e0 se pencher syst\u00e9matiquement sur les diff\u00e9rents risques li\u00e9s \u00e0 leurs investissements et \u00e0 leur cha\u00eene d&rsquo;approvisionnement. En fin de compte, c&rsquo;est un bon investissement et cela r\u00e9duit les risques. C&rsquo;est d&rsquo;ailleurs ce que pensent de nombreuses entreprises engag\u00e9es. Et si les entreprises s&rsquo;int\u00e9ressent \u00e0 la mani\u00e8re dont le coton qu&rsquo;elles utilisent dans leurs v\u00eatements est cultiv\u00e9 en Afrique, elles contribuent \u00e9galement \u00e0 la stabilisation de la r\u00e9gion du Sahel, qui est secou\u00e9e par des crises et d&rsquo;o\u00f9 provient la majeure partie du coton africain.     <\/p>\n\n<p><strong>Conclusion<\/strong>: Merz saute d&rsquo;abord loin et dans la bonne direction avec son approche strat\u00e9gique. Mais il s&rsquo;\u00e9crase ensuite au milieu du saut, car les actions qu&rsquo;il annonce ne sont pas guid\u00e9es par la clairvoyance, mais par des sentiments populistes. <\/p>\n\n<p><\/p>\n\n<p>Photo de couverture : \u00c9v\u00e9nement de campagne avec Friedrich Merz (CDU) \u00e0 Erfurt 2024, photographe, Steffen Pr\u00f6\u00dfdorf ; source : <a href=\"https:\/\/de.wikipedia.org\/wiki\/Datei:2024-08-21_Event,_CDU,_Wahlkampf_mit_Friedrich_Merz_in_Erfurt_2024_STP_3111_by_Stepro.jpg\" target=\"_blank\" rel=\"noreferrer noopener nofollow\">Wikipedia<\/a><\/p>\n","protected":false},"excerpt":{"rendered":"<p>Le 24 janvier, Friedrich Merz a prononc\u00e9 un discours de fond sur ses id\u00e9es en mati\u00e8re de politique \u00e9trang\u00e8re, de s\u00e9curit\u00e9 et de d\u00e9veloppement \u00e0 la Fondation K\u00f6rber \u00e0 Hambourg, dans le cadre du Global Leader Forum. Il a \u00e9t\u00e9<\/p>\n","protected":false},"author":2,"featured_media":4517,"comment_status":"open","ping_status":"open","sticky":false,"template":"","format":"standard","meta":{"footnotes":""},"categories":[112],"tags":[],"ppma_author":[26],"class_list":["post-4523","post","type-post","status-publish","format-standard","has-post-thumbnail","hentry","category-cooperation-au-developpement-fr"],"yoast_head":"<!-- This site is optimized with the Yoast SEO plugin v27.5 - https:\/\/yoast.com\/product\/yoast-seo-wordpress\/ -->\n<title>Friedrich Merz et la politique africaine d&#039;un gouvernement f\u00e9d\u00e9ral dirig\u00e9 par lui - Politique internationale<\/title>\n<meta name=\"description\" content=\"Blog de Roger Peltzer sur le d\u00e9veloppement et la politique \u00e9trang\u00e8re, sur les th\u00e8mes des \u00c9tats fragiles, des droits de l&#039;homme et de l&#039;Am\u00e9rique latine.\" \/>\n<meta name=\"robots\" content=\"index, follow, max-snippet:-1, max-image-preview:large, max-video-preview:-1\" \/>\n<link rel=\"canonical\" href=\"https:\/\/roger-peltzer.com\/fr\/friedrich-merz-et-la-politique-africaine-dun-gouvernement-federal-dirige-par-lui\/\" \/>\n<meta property=\"og:locale\" content=\"fr_FR\" \/>\n<meta property=\"og:type\" content=\"article\" \/>\n<meta property=\"og:title\" content=\"Friedrich Merz et la politique africaine d&#039;un gouvernement f\u00e9d\u00e9ral dirig\u00e9 par lui - Politique internationale\" \/>\n<meta property=\"og:description\" content=\"Blog de Roger Peltzer sur le d\u00e9veloppement et la politique \u00e9trang\u00e8re, sur les th\u00e8mes des \u00c9tats fragiles, des droits de l&#039;homme et de l&#039;Am\u00e9rique latine.\" \/>\n<meta property=\"og:url\" content=\"https:\/\/roger-peltzer.com\/fr\/friedrich-merz-et-la-politique-africaine-dun-gouvernement-federal-dirige-par-lui\/\" \/>\n<meta property=\"og:site_name\" content=\"Politique internationale\" \/>\n<meta property=\"article:published_time\" content=\"2025-02-14T19:58:44+00:00\" \/>\n<meta property=\"article:modified_time\" content=\"2025-02-14T20:00:04+00:00\" \/>\n<meta property=\"og:image\" content=\"https:\/\/roger-peltzer.com\/wp-content\/uploads\/2025\/02\/2024-08-21_Event_CDU_Wahlkampf_mit_Friedrich_Merz_in_Erfurt_2024_STP_3111_by_Stepro.jpg\" \/>\n\t<meta property=\"og:image:width\" content=\"1599\" \/>\n\t<meta property=\"og:image:height\" content=\"1066\" \/>\n\t<meta property=\"og:image:type\" content=\"image\/jpeg\" \/>\n<meta name=\"author\" content=\"Roger Peltzer\" \/>\n<meta name=\"twitter:card\" content=\"summary_large_image\" \/>\n<meta name=\"twitter:label1\" content=\"\u00c9crit par\" \/>\n\t<meta name=\"twitter:data1\" content=\"Roger Peltzer\" \/>\n\t<meta name=\"twitter:label2\" content=\"Dur\u00e9e de lecture estim\u00e9e\" \/>\n\t<meta name=\"twitter:data2\" content=\"5 minutes\" \/>\n<script type=\"application\/ld+json\" class=\"yoast-schema-graph\">{\"@context\":\"https:\\\/\\\/schema.org\",\"@graph\":[{\"@type\":\"Article\",\"@id\":\"https:\\\/\\\/roger-peltzer.com\\\/fr\\\/friedrich-merz-et-la-politique-africaine-dun-gouvernement-federal-dirige-par-lui\\\/#article\",\"isPartOf\":{\"@id\":\"https:\\\/\\\/roger-peltzer.com\\\/fr\\\/friedrich-merz-et-la-politique-africaine-dun-gouvernement-federal-dirige-par-lui\\\/\"},\"author\":{\"name\":\"Roger Peltzer\",\"@id\":\"https:\\\/\\\/roger-peltzer.com\\\/fr\\\/#\\\/schema\\\/person\\\/6506ec1961bde1e8ad9521e95d6a8dac\"},\"headline\":\"Friedrich Merz et la politique africaine d'un gouvernement f\u00e9d\u00e9ral dirig\u00e9 par lui\",\"datePublished\":\"2025-02-14T19:58:44+00:00\",\"dateModified\":\"2025-02-14T20:00:04+00:00\",\"mainEntityOfPage\":{\"@id\":\"https:\\\/\\\/roger-peltzer.com\\\/fr\\\/friedrich-merz-et-la-politique-africaine-dun-gouvernement-federal-dirige-par-lui\\\/\"},\"wordCount\":1037,\"commentCount\":0,\"publisher\":{\"@id\":\"https:\\\/\\\/roger-peltzer.com\\\/fr\\\/#\\\/schema\\\/person\\\/6506ec1961bde1e8ad9521e95d6a8dac\"},\"image\":{\"@id\":\"https:\\\/\\\/roger-peltzer.com\\\/fr\\\/friedrich-merz-et-la-politique-africaine-dun-gouvernement-federal-dirige-par-lui\\\/#primaryimage\"},\"thumbnailUrl\":\"https:\\\/\\\/roger-peltzer.com\\\/wp-content\\\/uploads\\\/2025\\\/02\\\/2024-08-21_Event_CDU_Wahlkampf_mit_Friedrich_Merz_in_Erfurt_2024_STP_3111_by_Stepro.jpg\",\"articleSection\":[\"Coop\u00e9ration au d\u00e9veloppement\"],\"inLanguage\":\"fr-FR\",\"potentialAction\":[{\"@type\":\"CommentAction\",\"name\":\"Comment\",\"target\":[\"https:\\\/\\\/roger-peltzer.com\\\/fr\\\/friedrich-merz-et-la-politique-africaine-dun-gouvernement-federal-dirige-par-lui\\\/#respond\"]}]},{\"@type\":\"WebPage\",\"@id\":\"https:\\\/\\\/roger-peltzer.com\\\/fr\\\/friedrich-merz-et-la-politique-africaine-dun-gouvernement-federal-dirige-par-lui\\\/\",\"url\":\"https:\\\/\\\/roger-peltzer.com\\\/fr\\\/friedrich-merz-et-la-politique-africaine-dun-gouvernement-federal-dirige-par-lui\\\/\",\"name\":\"Friedrich Merz et la politique africaine d'un gouvernement f\u00e9d\u00e9ral dirig\u00e9 par lui - Politique internationale\",\"isPartOf\":{\"@id\":\"https:\\\/\\\/roger-peltzer.com\\\/fr\\\/#website\"},\"primaryImageOfPage\":{\"@id\":\"https:\\\/\\\/roger-peltzer.com\\\/fr\\\/friedrich-merz-et-la-politique-africaine-dun-gouvernement-federal-dirige-par-lui\\\/#primaryimage\"},\"image\":{\"@id\":\"https:\\\/\\\/roger-peltzer.com\\\/fr\\\/friedrich-merz-et-la-politique-africaine-dun-gouvernement-federal-dirige-par-lui\\\/#primaryimage\"},\"thumbnailUrl\":\"https:\\\/\\\/roger-peltzer.com\\\/wp-content\\\/uploads\\\/2025\\\/02\\\/2024-08-21_Event_CDU_Wahlkampf_mit_Friedrich_Merz_in_Erfurt_2024_STP_3111_by_Stepro.jpg\",\"datePublished\":\"2025-02-14T19:58:44+00:00\",\"dateModified\":\"2025-02-14T20:00:04+00:00\",\"description\":\"Blog de Roger Peltzer sur le d\u00e9veloppement et la politique \u00e9trang\u00e8re, sur les th\u00e8mes des \u00c9tats fragiles, des droits de l'homme et de l'Am\u00e9rique latine.\",\"breadcrumb\":{\"@id\":\"https:\\\/\\\/roger-peltzer.com\\\/fr\\\/friedrich-merz-et-la-politique-africaine-dun-gouvernement-federal-dirige-par-lui\\\/#breadcrumb\"},\"inLanguage\":\"fr-FR\",\"potentialAction\":[{\"@type\":\"ReadAction\",\"target\":[\"https:\\\/\\\/roger-peltzer.com\\\/fr\\\/friedrich-merz-et-la-politique-africaine-dun-gouvernement-federal-dirige-par-lui\\\/\"]}]},{\"@type\":\"ImageObject\",\"inLanguage\":\"fr-FR\",\"@id\":\"https:\\\/\\\/roger-peltzer.com\\\/fr\\\/friedrich-merz-et-la-politique-africaine-dun-gouvernement-federal-dirige-par-lui\\\/#primaryimage\",\"url\":\"https:\\\/\\\/roger-peltzer.com\\\/wp-content\\\/uploads\\\/2025\\\/02\\\/2024-08-21_Event_CDU_Wahlkampf_mit_Friedrich_Merz_in_Erfurt_2024_STP_3111_by_Stepro.jpg\",\"contentUrl\":\"https:\\\/\\\/roger-peltzer.com\\\/wp-content\\\/uploads\\\/2025\\\/02\\\/2024-08-21_Event_CDU_Wahlkampf_mit_Friedrich_Merz_in_Erfurt_2024_STP_3111_by_Stepro.jpg\",\"width\":1599,\"height\":1066,\"caption\":\"Friedrich Merz (CDU-Parteivorsitzender)\"},{\"@type\":\"BreadcrumbList\",\"@id\":\"https:\\\/\\\/roger-peltzer.com\\\/fr\\\/friedrich-merz-et-la-politique-africaine-dun-gouvernement-federal-dirige-par-lui\\\/#breadcrumb\",\"itemListElement\":[{\"@type\":\"ListItem\",\"position\":1,\"name\":\"Accueil\",\"item\":\"https:\\\/\\\/roger-peltzer.com\\\/fr\\\/\"},{\"@type\":\"ListItem\",\"position\":2,\"name\":\"Friedrich Merz et la politique africaine d'un gouvernement f\u00e9d\u00e9ral dirig\u00e9 par lui\"}]},{\"@type\":\"WebSite\",\"@id\":\"https:\\\/\\\/roger-peltzer.com\\\/fr\\\/#website\",\"url\":\"https:\\\/\\\/roger-peltzer.com\\\/fr\\\/\",\"name\":\"Politique internationale\",\"description\":\"Roger Peltzer\",\"publisher\":{\"@id\":\"https:\\\/\\\/roger-peltzer.com\\\/fr\\\/#\\\/schema\\\/person\\\/6506ec1961bde1e8ad9521e95d6a8dac\"},\"potentialAction\":[{\"@type\":\"SearchAction\",\"target\":{\"@type\":\"EntryPoint\",\"urlTemplate\":\"https:\\\/\\\/roger-peltzer.com\\\/fr\\\/?s={search_term_string}\"},\"query-input\":{\"@type\":\"PropertyValueSpecification\",\"valueRequired\":true,\"valueName\":\"search_term_string\"}}],\"inLanguage\":\"fr-FR\"},{\"@type\":[\"Person\",\"Organization\"],\"@id\":\"https:\\\/\\\/roger-peltzer.com\\\/fr\\\/#\\\/schema\\\/person\\\/6506ec1961bde1e8ad9521e95d6a8dac\",\"name\":\"Roger Peltzer\",\"image\":{\"@type\":\"ImageObject\",\"inLanguage\":\"fr-FR\",\"@id\":\"https:\\\/\\\/roger-peltzer.com\\\/wp-content\\\/uploads\\\/2023\\\/09\\\/roger-peltzer-weltjugendtag-square.jpgd5bfa09cc9b6ba3f4dfe4bfbbc24c702\",\"url\":\"https:\\\/\\\/roger-peltzer.com\\\/wp-content\\\/uploads\\\/2023\\\/09\\\/roger-peltzer-weltjugendtag-square.jpg\",\"contentUrl\":\"https:\\\/\\\/roger-peltzer.com\\\/wp-content\\\/uploads\\\/2023\\\/09\\\/roger-peltzer-weltjugendtag-square.jpg\",\"caption\":\"Roger Peltzer\"},\"logo\":{\"@id\":\"https:\\\/\\\/roger-peltzer.com\\\/wp-content\\\/uploads\\\/2023\\\/09\\\/roger-peltzer-weltjugendtag-square.jpgd5bfa09cc9b6ba3f4dfe4bfbbc24c702\"},\"description\":\"[wpml-string context=\\\"pb-bioinfo\\\" name=\\\"info-1\\\"]70 Jahre alt, verheiratet, 3 Kinder und 4 Enkelkinder. Ich habe an der Universit\u00e4t M\u00fcnster Volkswirtschaft studiert und anschlie\u00dfend den postgraduierten Kurs am deutschen Institut f\u00fcr Entwicklungspolitik (heute IDOS) absolviert.[\\\/wpml-string]\",\"sameAs\":[\"https:\\\/\\\/roger-peltzer.com\\\/ueber-mich\\\/\"],\"url\":\"https:\\\/\\\/roger-peltzer.com\\\/fr\\\/author\\\/roger\\\/\"}]}<\/script>\n<!-- \/ Yoast SEO plugin. -->","yoast_head_json":{"title":"Friedrich Merz et la politique africaine d'un gouvernement f\u00e9d\u00e9ral dirig\u00e9 par lui - Politique internationale","description":"Blog de Roger Peltzer sur le d\u00e9veloppement et la politique \u00e9trang\u00e8re, sur les th\u00e8mes des \u00c9tats fragiles, des droits de l'homme et de l'Am\u00e9rique latine.","robots":{"index":"index","follow":"follow","max-snippet":"max-snippet:-1","max-image-preview":"max-image-preview:large","max-video-preview":"max-video-preview:-1"},"canonical":"https:\/\/roger-peltzer.com\/fr\/friedrich-merz-et-la-politique-africaine-dun-gouvernement-federal-dirige-par-lui\/","og_locale":"fr_FR","og_type":"article","og_title":"Friedrich Merz et la politique africaine d'un gouvernement f\u00e9d\u00e9ral dirig\u00e9 par lui - Politique internationale","og_description":"Blog de Roger Peltzer sur le d\u00e9veloppement et la politique \u00e9trang\u00e8re, sur les th\u00e8mes des \u00c9tats fragiles, des droits de l'homme et de l'Am\u00e9rique latine.","og_url":"https:\/\/roger-peltzer.com\/fr\/friedrich-merz-et-la-politique-africaine-dun-gouvernement-federal-dirige-par-lui\/","og_site_name":"Politique internationale","article_published_time":"2025-02-14T19:58:44+00:00","article_modified_time":"2025-02-14T20:00:04+00:00","og_image":[{"width":1599,"height":1066,"url":"https:\/\/roger-peltzer.com\/wp-content\/uploads\/2025\/02\/2024-08-21_Event_CDU_Wahlkampf_mit_Friedrich_Merz_in_Erfurt_2024_STP_3111_by_Stepro.jpg","type":"image\/jpeg"}],"author":"Roger Peltzer","twitter_card":"summary_large_image","twitter_misc":{"\u00c9crit par":"Roger Peltzer","Dur\u00e9e de lecture estim\u00e9e":"5 minutes"},"schema":{"@context":"https:\/\/schema.org","@graph":[{"@type":"Article","@id":"https:\/\/roger-peltzer.com\/fr\/friedrich-merz-et-la-politique-africaine-dun-gouvernement-federal-dirige-par-lui\/#article","isPartOf":{"@id":"https:\/\/roger-peltzer.com\/fr\/friedrich-merz-et-la-politique-africaine-dun-gouvernement-federal-dirige-par-lui\/"},"author":{"name":"Roger Peltzer","@id":"https:\/\/roger-peltzer.com\/fr\/#\/schema\/person\/6506ec1961bde1e8ad9521e95d6a8dac"},"headline":"Friedrich Merz et la politique africaine d'un gouvernement f\u00e9d\u00e9ral dirig\u00e9 par lui","datePublished":"2025-02-14T19:58:44+00:00","dateModified":"2025-02-14T20:00:04+00:00","mainEntityOfPage":{"@id":"https:\/\/roger-peltzer.com\/fr\/friedrich-merz-et-la-politique-africaine-dun-gouvernement-federal-dirige-par-lui\/"},"wordCount":1037,"commentCount":0,"publisher":{"@id":"https:\/\/roger-peltzer.com\/fr\/#\/schema\/person\/6506ec1961bde1e8ad9521e95d6a8dac"},"image":{"@id":"https:\/\/roger-peltzer.com\/fr\/friedrich-merz-et-la-politique-africaine-dun-gouvernement-federal-dirige-par-lui\/#primaryimage"},"thumbnailUrl":"https:\/\/roger-peltzer.com\/wp-content\/uploads\/2025\/02\/2024-08-21_Event_CDU_Wahlkampf_mit_Friedrich_Merz_in_Erfurt_2024_STP_3111_by_Stepro.jpg","articleSection":["Coop\u00e9ration au d\u00e9veloppement"],"inLanguage":"fr-FR","potentialAction":[{"@type":"CommentAction","name":"Comment","target":["https:\/\/roger-peltzer.com\/fr\/friedrich-merz-et-la-politique-africaine-dun-gouvernement-federal-dirige-par-lui\/#respond"]}]},{"@type":"WebPage","@id":"https:\/\/roger-peltzer.com\/fr\/friedrich-merz-et-la-politique-africaine-dun-gouvernement-federal-dirige-par-lui\/","url":"https:\/\/roger-peltzer.com\/fr\/friedrich-merz-et-la-politique-africaine-dun-gouvernement-federal-dirige-par-lui\/","name":"Friedrich Merz et la politique africaine d'un gouvernement f\u00e9d\u00e9ral dirig\u00e9 par lui - Politique internationale","isPartOf":{"@id":"https:\/\/roger-peltzer.com\/fr\/#website"},"primaryImageOfPage":{"@id":"https:\/\/roger-peltzer.com\/fr\/friedrich-merz-et-la-politique-africaine-dun-gouvernement-federal-dirige-par-lui\/#primaryimage"},"image":{"@id":"https:\/\/roger-peltzer.com\/fr\/friedrich-merz-et-la-politique-africaine-dun-gouvernement-federal-dirige-par-lui\/#primaryimage"},"thumbnailUrl":"https:\/\/roger-peltzer.com\/wp-content\/uploads\/2025\/02\/2024-08-21_Event_CDU_Wahlkampf_mit_Friedrich_Merz_in_Erfurt_2024_STP_3111_by_Stepro.jpg","datePublished":"2025-02-14T19:58:44+00:00","dateModified":"2025-02-14T20:00:04+00:00","description":"Blog de Roger Peltzer sur le d\u00e9veloppement et la politique \u00e9trang\u00e8re, sur les th\u00e8mes des \u00c9tats fragiles, des droits de l'homme et de l'Am\u00e9rique latine.","breadcrumb":{"@id":"https:\/\/roger-peltzer.com\/fr\/friedrich-merz-et-la-politique-africaine-dun-gouvernement-federal-dirige-par-lui\/#breadcrumb"},"inLanguage":"fr-FR","potentialAction":[{"@type":"ReadAction","target":["https:\/\/roger-peltzer.com\/fr\/friedrich-merz-et-la-politique-africaine-dun-gouvernement-federal-dirige-par-lui\/"]}]},{"@type":"ImageObject","inLanguage":"fr-FR","@id":"https:\/\/roger-peltzer.com\/fr\/friedrich-merz-et-la-politique-africaine-dun-gouvernement-federal-dirige-par-lui\/#primaryimage","url":"https:\/\/roger-peltzer.com\/wp-content\/uploads\/2025\/02\/2024-08-21_Event_CDU_Wahlkampf_mit_Friedrich_Merz_in_Erfurt_2024_STP_3111_by_Stepro.jpg","contentUrl":"https:\/\/roger-peltzer.com\/wp-content\/uploads\/2025\/02\/2024-08-21_Event_CDU_Wahlkampf_mit_Friedrich_Merz_in_Erfurt_2024_STP_3111_by_Stepro.jpg","width":1599,"height":1066,"caption":"Friedrich Merz (CDU-Parteivorsitzender)"},{"@type":"BreadcrumbList","@id":"https:\/\/roger-peltzer.com\/fr\/friedrich-merz-et-la-politique-africaine-dun-gouvernement-federal-dirige-par-lui\/#breadcrumb","itemListElement":[{"@type":"ListItem","position":1,"name":"Accueil","item":"https:\/\/roger-peltzer.com\/fr\/"},{"@type":"ListItem","position":2,"name":"Friedrich Merz et la politique africaine d'un gouvernement f\u00e9d\u00e9ral dirig\u00e9 par lui"}]},{"@type":"WebSite","@id":"https:\/\/roger-peltzer.com\/fr\/#website","url":"https:\/\/roger-peltzer.com\/fr\/","name":"Politique internationale","description":"Roger Peltzer","publisher":{"@id":"https:\/\/roger-peltzer.com\/fr\/#\/schema\/person\/6506ec1961bde1e8ad9521e95d6a8dac"},"potentialAction":[{"@type":"SearchAction","target":{"@type":"EntryPoint","urlTemplate":"https:\/\/roger-peltzer.com\/fr\/?s={search_term_string}"},"query-input":{"@type":"PropertyValueSpecification","valueRequired":true,"valueName":"search_term_string"}}],"inLanguage":"fr-FR"},{"@type":["Person","Organization"],"@id":"https:\/\/roger-peltzer.com\/fr\/#\/schema\/person\/6506ec1961bde1e8ad9521e95d6a8dac","name":"Roger Peltzer","image":{"@type":"ImageObject","inLanguage":"fr-FR","@id":"https:\/\/roger-peltzer.com\/wp-content\/uploads\/2023\/09\/roger-peltzer-weltjugendtag-square.jpgd5bfa09cc9b6ba3f4dfe4bfbbc24c702","url":"https:\/\/roger-peltzer.com\/wp-content\/uploads\/2023\/09\/roger-peltzer-weltjugendtag-square.jpg","contentUrl":"https:\/\/roger-peltzer.com\/wp-content\/uploads\/2023\/09\/roger-peltzer-weltjugendtag-square.jpg","caption":"Roger Peltzer"},"logo":{"@id":"https:\/\/roger-peltzer.com\/wp-content\/uploads\/2023\/09\/roger-peltzer-weltjugendtag-square.jpgd5bfa09cc9b6ba3f4dfe4bfbbc24c702"},"description":"[wpml-string context=\"pb-bioinfo\" name=\"info-1\"]70 Jahre alt, verheiratet, 3 Kinder und 4 Enkelkinder. Ich habe an der Universit\u00e4t M\u00fcnster Volkswirtschaft studiert und anschlie\u00dfend den postgraduierten Kurs am deutschen Institut f\u00fcr Entwicklungspolitik (heute IDOS) absolviert.[\/wpml-string]","sameAs":["https:\/\/roger-peltzer.com\/ueber-mich\/"],"url":"https:\/\/roger-peltzer.com\/fr\/author\/roger\/"}]}},"authors":[{"term_id":26,"user_id":2,"is_guest":0,"slug":"roger","display_name":"Roger Peltzer","avatar_url":{"url":"https:\/\/roger-peltzer.com\/wp-content\/uploads\/2023\/09\/roger-peltzer-weltjugendtag-square.jpg","url2x":"https:\/\/roger-peltzer.com\/wp-content\/uploads\/2023\/09\/roger-peltzer-weltjugendtag-square.jpg"},"0":null,"1":"","2":"","3":"","4":"","5":"","6":"","7":"","8":""}],"_links":{"self":[{"href":"https:\/\/roger-peltzer.com\/fr\/wp-json\/wp\/v2\/posts\/4523","targetHints":{"allow":["GET"]}}],"collection":[{"href":"https:\/\/roger-peltzer.com\/fr\/wp-json\/wp\/v2\/posts"}],"about":[{"href":"https:\/\/roger-peltzer.com\/fr\/wp-json\/wp\/v2\/types\/post"}],"author":[{"embeddable":true,"href":"https:\/\/roger-peltzer.com\/fr\/wp-json\/wp\/v2\/users\/2"}],"replies":[{"embeddable":true,"href":"https:\/\/roger-peltzer.com\/fr\/wp-json\/wp\/v2\/comments?post=4523"}],"version-history":[{"count":1,"href":"https:\/\/roger-peltzer.com\/fr\/wp-json\/wp\/v2\/posts\/4523\/revisions"}],"predecessor-version":[{"id":4524,"href":"https:\/\/roger-peltzer.com\/fr\/wp-json\/wp\/v2\/posts\/4523\/revisions\/4524"}],"wp:featuredmedia":[{"embeddable":true,"href":"https:\/\/roger-peltzer.com\/fr\/wp-json\/wp\/v2\/media\/4517"}],"wp:attachment":[{"href":"https:\/\/roger-peltzer.com\/fr\/wp-json\/wp\/v2\/media?parent=4523"}],"wp:term":[{"taxonomy":"category","embeddable":true,"href":"https:\/\/roger-peltzer.com\/fr\/wp-json\/wp\/v2\/categories?post=4523"},{"taxonomy":"post_tag","embeddable":true,"href":"https:\/\/roger-peltzer.com\/fr\/wp-json\/wp\/v2\/tags?post=4523"},{"taxonomy":"author","embeddable":true,"href":"https:\/\/roger-peltzer.com\/fr\/wp-json\/wp\/v2\/ppma_author?post=4523"}],"curies":[{"name":"wp","href":"https:\/\/api.w.org\/{rel}","templated":true}]}}