{"id":4464,"date":"2026-04-03T11:05:00","date_gmt":"2026-04-03T11:05:00","guid":{"rendered":"https:\/\/roger-peltzer.com\/les-banques-cooperatives-un-levier-financier-pour-les-agriculteurs-camerounais\/"},"modified":"2026-04-03T18:46:06","modified_gmt":"2026-04-03T18:46:06","slug":"les-banques-cooperatives-un-levier-financier-pour-les-agriculteurs-camerounais","status":"publish","type":"post","link":"https:\/\/roger-peltzer.com\/fr\/les-banques-cooperatives-un-levier-financier-pour-les-agriculteurs-camerounais\/","title":{"rendered":"Soutien aux banques coop\u00e9ratives MUFID dans le nord du Cameroun"},"content":{"rendered":"\n<p>Chers lecteurs, chers amis,<\/p>\n\n<p>Fernand Ousmarou, 22 ans, cultivateur de coton fra\u00eechement dipl\u00f4m\u00e9 du village de Ngong dans le nord du Cameroun, s&rsquo;est r\u00e9cemment mis \u00e0 son compte, a achet\u00e9 des terres et cultive d\u00e9sormais du coton, du ma\u00efs et des arachides. Ce projet n&rsquo;aurait gu\u00e8re \u00e9t\u00e9 possible sans le soutien de sa banque coop\u00e9rative villageoise, MUFID Union (Union des Mutuelles Financi\u00e8res de D\u00e9veloppement). <\/p>\n\n<p>Gr\u00e2ce \u00e0 un pr\u00eat de cette banque, Fernand peut construire son propre avenir. Et il n&rsquo;est pas le seul : beaucoup des 150.000 familles de cultivateurs de coton de la r\u00e9gion r\u00eavent d&rsquo;avoir les m\u00eames opportunit\u00e9s. Mais bien que le potentiel de ces banques soit important au Cameroun, la r\u00e9gion cotonni\u00e8re n&rsquo;en compte pour l&rsquo;instant que huit, pour un total d&rsquo;environ 13.000 membres.  <\/p>\n\n<h2 class=\"wp-block-heading\"><strong>Pourquoi ces banques coop\u00e9ratives sont-elles si importantes ?<\/strong><\/h2>\n\n<p>Les banques coop\u00e9ratives permettent aux agriculteurs de d\u00e9poser le produit de leurs r\u00e9coltes en toute s\u00e9curit\u00e9 sur un compte (et non sous leur matelas), d&rsquo;obtenir des pr\u00eats \u00e0 des conditions \u00e9quitables et de gagner ainsi une certaine ind\u00e9pendance financi\u00e8re. Ces banques prot\u00e8gent contre les taux d&rsquo;int\u00e9r\u00eat souvent insupportables des pr\u00eateurs locaux et ouvrent des perspectives &#8211; que ce soit pour la scolarisation des enfants, les urgences m\u00e9dicales ou l&rsquo;achat d&rsquo;une caisse de transport. <\/p>\n\n<p>Votre soutien financier permettra de cr\u00e9er les conditions humaines et financi\u00e8res n\u00e9cessaires \u00e0 la cr\u00e9ation de 15 banques coop\u00e9ratives suppl\u00e9mentaires avec 30.000 membres d&rsquo;ici fin 2027. Pour ce faire, la F\u00e9d\u00e9ration des coop\u00e9ratives a besoin de 2 employ\u00e9s suppl\u00e9mentaires et d&rsquo;un Pick Up d&rsquo;occasion pour pouvoir travailler correctement dans une r\u00e9gion de la taille de la Rh\u00e9nanie-du-Nord-Westphalie. Nous voulons subventionner ces d\u00e9penses avec votre don.  <\/p>\n\n<h2 class=\"wp-block-heading\"><strong>Quel est l&rsquo;objectif ?<\/strong><\/h2>\n\n<p>D&rsquo;ici fin 2027, il est pr\u00e9vu<\/p>\n\n<ul class=\"wp-block-list\">\n<li>15 nouvelles banques coop\u00e9ratives sont cr\u00e9\u00e9es dans la zone cotonni\u00e8re.<\/li>\n\n\n\n<li>Ces 15 nouvelles banques coop\u00e9ratives devraient compter 30.000 membres qui pourront b\u00e9n\u00e9ficier des services de leur banque&#8230;<\/li>\n<\/ul>\n\n<h2 class=\"wp-block-heading\"><strong>Comment pouvez-vous soutenir ?<\/strong><\/h2>\n\n<p>Pour concr\u00e9tiser cette vision, j&rsquo;ai lanc\u00e9 un projet de crowdfunding :<\/p>\n\n<ul class=\"wp-block-list\">\n<li>25.000 euros sont n\u00e9cessaires pour faire les premiers pas.<\/li>\n\n\n\n<li>Votre contribution sera directement et \u00e0 100% transf\u00e9r\u00e9e au Cameroun.<\/li>\n\n\n\n<li>Chaque euro donn\u00e9 a un effet de levier \u00e9norme &#8211; et pour chaque 2 euros donn\u00e9s, je rajoute 1 euro de ma poche.<\/li>\n<\/ul>\n\n<p>Vous pouvez facilement faire un don \u00e0 l&rsquo;adresse suivante :<\/p>\n\n<p><strong>Pro Small Holder Farmers Africa e.V.<br\/><strong>IBAN: DE22 3705 0299 1152 1434 16<\/strong><br\/>BIC: COKSDE33XXXX<br\/><strong>Verwendungszweck: MUFID Genossenschaftsbanken Kamerun<\/strong><\/strong><br\/><\/p>\n\n<p>Votre contribution donne aux personnes comme Fernand la possibilit\u00e9 de prendre leur vie en main. Il ne s&rsquo;agit pas d&rsquo;une aum\u00f4ne, mais de v\u00e9ritables opportunit\u00e9s. <\/p>\n\n<p>Je vous remercie chaleureusement pour votre soutien.<\/p>\n\n<p>Avec nos meilleures salutations,<br\/>Roger<\/p>\n\n<p>Titelbild: Links im Bild ist Fernand Ousmarou, 22 Jahre alt, Baumwollbauer aus Ngong im Norden Kameruns. Dank eines Kredits seiner Genossenschaftsbank MUFID konnte er sich selbstst\u00e4ndig machen und Land erwerben, auf dem er jetzt Baumwolle, Mais und Erdn\u00fcsse anbaut \u2013 ein gro\u00dfer Schritt in eine bessere Zukunft. <\/p>\n","protected":false},"excerpt":{"rendered":"<p>Chers lecteurs, chers amis, Fernand Ousmarou, 22 ans, cultivateur de coton fra\u00eechement dipl\u00f4m\u00e9 du village de Ngong dans le nord du Cameroun, s&rsquo;est r\u00e9cemment mis \u00e0 son compte, a achet\u00e9 des terres et cultive d\u00e9sormais du coton, du ma\u00efs et<\/p>\n","protected":false},"author":2,"featured_media":4453,"comment_status":"open","ping_status":"open","sticky":true,"template":"","format":"standard","meta":{"footnotes":""},"categories":[122],"tags":[],"ppma_author":[26],"class_list":["post-4464","post","type-post","status-publish","format-standard","has-post-thumbnail","hentry","category-coton"],"yoast_head":"<!-- This site is optimized with the Yoast SEO plugin v27.5 - https:\/\/yoast.com\/product\/yoast-seo-wordpress\/ -->\n<title>Soutien aux banques coop\u00e9ratives MUFID dans le nord du Cameroun - Politique internationale<\/title>\n<meta name=\"description\" content=\"Blog de Roger Peltzer sur le d\u00e9veloppement et la politique \u00e9trang\u00e8re, sur les th\u00e8mes des \u00c9tats fragiles, des droits de l&#039;homme et de l&#039;Am\u00e9rique latine.\" \/>\n<meta name=\"robots\" content=\"index, follow, max-snippet:-1, max-image-preview:large, max-video-preview:-1\" \/>\n<link rel=\"canonical\" href=\"https:\/\/roger-peltzer.com\/fr\/les-banques-cooperatives-un-levier-financier-pour-les-agriculteurs-camerounais\/\" \/>\n<meta property=\"og:locale\" content=\"fr_FR\" \/>\n<meta property=\"og:type\" content=\"article\" \/>\n<meta property=\"og:title\" content=\"Soutien aux banques coop\u00e9ratives MUFID dans le nord du Cameroun - Politique internationale\" \/>\n<meta property=\"og:description\" content=\"Blog de Roger Peltzer sur le d\u00e9veloppement et la politique \u00e9trang\u00e8re, sur les th\u00e8mes des \u00c9tats fragiles, des droits de l&#039;homme et de l&#039;Am\u00e9rique latine.\" \/>\n<meta property=\"og:url\" content=\"https:\/\/roger-peltzer.com\/fr\/les-banques-cooperatives-un-levier-financier-pour-les-agriculteurs-camerounais\/\" \/>\n<meta property=\"og:site_name\" content=\"Politique internationale\" \/>\n<meta property=\"article:published_time\" content=\"2026-04-03T11:05:00+00:00\" \/>\n<meta property=\"article:modified_time\" content=\"2026-04-03T18:46:06+00:00\" \/>\n<meta property=\"og:image\" content=\"https:\/\/roger-peltzer.com\/wp-content\/uploads\/2024\/12\/roger-kamerun.jpg\" \/>\n\t<meta property=\"og:image:width\" content=\"1304\" \/>\n\t<meta property=\"og:image:height\" content=\"776\" \/>\n\t<meta property=\"og:image:type\" content=\"image\/jpeg\" \/>\n<meta name=\"author\" content=\"Roger Peltzer\" \/>\n<meta name=\"twitter:card\" content=\"summary_large_image\" \/>\n<meta name=\"twitter:label1\" content=\"\u00c9crit par\" \/>\n\t<meta name=\"twitter:data1\" content=\"Roger Peltzer\" \/>\n\t<meta name=\"twitter:label2\" content=\"Dur\u00e9e de lecture estim\u00e9e\" \/>\n\t<meta name=\"twitter:data2\" content=\"3 minutes\" \/>\n<script type=\"application\/ld+json\" class=\"yoast-schema-graph\">{\"@context\":\"https:\\\/\\\/schema.org\",\"@graph\":[{\"@type\":\"Article\",\"@id\":\"https:\\\/\\\/roger-peltzer.com\\\/fr\\\/les-banques-cooperatives-un-levier-financier-pour-les-agriculteurs-camerounais\\\/#article\",\"isPartOf\":{\"@id\":\"https:\\\/\\\/roger-peltzer.com\\\/fr\\\/les-banques-cooperatives-un-levier-financier-pour-les-agriculteurs-camerounais\\\/\"},\"author\":{\"name\":\"Roger Peltzer\",\"@id\":\"https:\\\/\\\/roger-peltzer.com\\\/fr\\\/#\\\/schema\\\/person\\\/6506ec1961bde1e8ad9521e95d6a8dac\"},\"headline\":\"Soutien aux banques coop\u00e9ratives MUFID dans le nord du Cameroun\",\"datePublished\":\"2026-04-03T11:05:00+00:00\",\"dateModified\":\"2026-04-03T18:46:06+00:00\",\"mainEntityOfPage\":{\"@id\":\"https:\\\/\\\/roger-peltzer.com\\\/fr\\\/les-banques-cooperatives-un-levier-financier-pour-les-agriculteurs-camerounais\\\/\"},\"wordCount\":521,\"commentCount\":0,\"publisher\":{\"@id\":\"https:\\\/\\\/roger-peltzer.com\\\/fr\\\/#\\\/schema\\\/person\\\/6506ec1961bde1e8ad9521e95d6a8dac\"},\"image\":{\"@id\":\"https:\\\/\\\/roger-peltzer.com\\\/fr\\\/les-banques-cooperatives-un-levier-financier-pour-les-agriculteurs-camerounais\\\/#primaryimage\"},\"thumbnailUrl\":\"https:\\\/\\\/roger-peltzer.com\\\/wp-content\\\/uploads\\\/2024\\\/12\\\/roger-kamerun.jpg\",\"articleSection\":[\"Coton\"],\"inLanguage\":\"fr-FR\",\"potentialAction\":[{\"@type\":\"CommentAction\",\"name\":\"Comment\",\"target\":[\"https:\\\/\\\/roger-peltzer.com\\\/fr\\\/les-banques-cooperatives-un-levier-financier-pour-les-agriculteurs-camerounais\\\/#respond\"]}]},{\"@type\":\"WebPage\",\"@id\":\"https:\\\/\\\/roger-peltzer.com\\\/fr\\\/les-banques-cooperatives-un-levier-financier-pour-les-agriculteurs-camerounais\\\/\",\"url\":\"https:\\\/\\\/roger-peltzer.com\\\/fr\\\/les-banques-cooperatives-un-levier-financier-pour-les-agriculteurs-camerounais\\\/\",\"name\":\"Soutien aux banques coop\u00e9ratives MUFID dans le nord du Cameroun - Politique internationale\",\"isPartOf\":{\"@id\":\"https:\\\/\\\/roger-peltzer.com\\\/fr\\\/#website\"},\"primaryImageOfPage\":{\"@id\":\"https:\\\/\\\/roger-peltzer.com\\\/fr\\\/les-banques-cooperatives-un-levier-financier-pour-les-agriculteurs-camerounais\\\/#primaryimage\"},\"image\":{\"@id\":\"https:\\\/\\\/roger-peltzer.com\\\/fr\\\/les-banques-cooperatives-un-levier-financier-pour-les-agriculteurs-camerounais\\\/#primaryimage\"},\"thumbnailUrl\":\"https:\\\/\\\/roger-peltzer.com\\\/wp-content\\\/uploads\\\/2024\\\/12\\\/roger-kamerun.jpg\",\"datePublished\":\"2026-04-03T11:05:00+00:00\",\"dateModified\":\"2026-04-03T18:46:06+00:00\",\"description\":\"Blog de Roger Peltzer sur le d\u00e9veloppement et la politique \u00e9trang\u00e8re, sur les th\u00e8mes des \u00c9tats fragiles, des droits de l'homme et de l'Am\u00e9rique latine.\",\"breadcrumb\":{\"@id\":\"https:\\\/\\\/roger-peltzer.com\\\/fr\\\/les-banques-cooperatives-un-levier-financier-pour-les-agriculteurs-camerounais\\\/#breadcrumb\"},\"inLanguage\":\"fr-FR\",\"potentialAction\":[{\"@type\":\"ReadAction\",\"target\":[\"https:\\\/\\\/roger-peltzer.com\\\/fr\\\/les-banques-cooperatives-un-levier-financier-pour-les-agriculteurs-camerounais\\\/\"]}]},{\"@type\":\"ImageObject\",\"inLanguage\":\"fr-FR\",\"@id\":\"https:\\\/\\\/roger-peltzer.com\\\/fr\\\/les-banques-cooperatives-un-levier-financier-pour-les-agriculteurs-camerounais\\\/#primaryimage\",\"url\":\"https:\\\/\\\/roger-peltzer.com\\\/wp-content\\\/uploads\\\/2024\\\/12\\\/roger-kamerun.jpg\",\"contentUrl\":\"https:\\\/\\\/roger-peltzer.com\\\/wp-content\\\/uploads\\\/2024\\\/12\\\/roger-kamerun.jpg\",\"width\":1304,\"height\":776},{\"@type\":\"BreadcrumbList\",\"@id\":\"https:\\\/\\\/roger-peltzer.com\\\/fr\\\/les-banques-cooperatives-un-levier-financier-pour-les-agriculteurs-camerounais\\\/#breadcrumb\",\"itemListElement\":[{\"@type\":\"ListItem\",\"position\":1,\"name\":\"Accueil\",\"item\":\"https:\\\/\\\/roger-peltzer.com\\\/fr\\\/\"},{\"@type\":\"ListItem\",\"position\":2,\"name\":\"Soutien aux banques coop\u00e9ratives MUFID dans le nord du Cameroun\"}]},{\"@type\":\"WebSite\",\"@id\":\"https:\\\/\\\/roger-peltzer.com\\\/fr\\\/#website\",\"url\":\"https:\\\/\\\/roger-peltzer.com\\\/fr\\\/\",\"name\":\"Politique internationale\",\"description\":\"Roger Peltzer\",\"publisher\":{\"@id\":\"https:\\\/\\\/roger-peltzer.com\\\/fr\\\/#\\\/schema\\\/person\\\/6506ec1961bde1e8ad9521e95d6a8dac\"},\"potentialAction\":[{\"@type\":\"SearchAction\",\"target\":{\"@type\":\"EntryPoint\",\"urlTemplate\":\"https:\\\/\\\/roger-peltzer.com\\\/fr\\\/?s={search_term_string}\"},\"query-input\":{\"@type\":\"PropertyValueSpecification\",\"valueRequired\":true,\"valueName\":\"search_term_string\"}}],\"inLanguage\":\"fr-FR\"},{\"@type\":[\"Person\",\"Organization\"],\"@id\":\"https:\\\/\\\/roger-peltzer.com\\\/fr\\\/#\\\/schema\\\/person\\\/6506ec1961bde1e8ad9521e95d6a8dac\",\"name\":\"Roger Peltzer\",\"image\":{\"@type\":\"ImageObject\",\"inLanguage\":\"fr-FR\",\"@id\":\"https:\\\/\\\/roger-peltzer.com\\\/wp-content\\\/uploads\\\/2023\\\/09\\\/roger-peltzer-weltjugendtag-square.jpgd5bfa09cc9b6ba3f4dfe4bfbbc24c702\",\"url\":\"https:\\\/\\\/roger-peltzer.com\\\/wp-content\\\/uploads\\\/2023\\\/09\\\/roger-peltzer-weltjugendtag-square.jpg\",\"contentUrl\":\"https:\\\/\\\/roger-peltzer.com\\\/wp-content\\\/uploads\\\/2023\\\/09\\\/roger-peltzer-weltjugendtag-square.jpg\",\"caption\":\"Roger Peltzer\"},\"logo\":{\"@id\":\"https:\\\/\\\/roger-peltzer.com\\\/wp-content\\\/uploads\\\/2023\\\/09\\\/roger-peltzer-weltjugendtag-square.jpgd5bfa09cc9b6ba3f4dfe4bfbbc24c702\"},\"description\":\"[wpml-string context=\\\"pb-bioinfo\\\" name=\\\"info-1\\\"]70 Jahre alt, verheiratet, 3 Kinder und 4 Enkelkinder. Ich habe an der Universit\u00e4t M\u00fcnster Volkswirtschaft studiert und anschlie\u00dfend den postgraduierten Kurs am deutschen Institut f\u00fcr Entwicklungspolitik (heute IDOS) absolviert.[\\\/wpml-string]\",\"sameAs\":[\"https:\\\/\\\/roger-peltzer.com\\\/ueber-mich\\\/\"],\"url\":\"https:\\\/\\\/roger-peltzer.com\\\/fr\\\/author\\\/roger\\\/\"}]}<\/script>\n<!-- \/ Yoast SEO plugin. -->","yoast_head_json":{"title":"Soutien aux banques coop\u00e9ratives MUFID dans le nord du Cameroun - Politique internationale","description":"Blog de Roger Peltzer sur le d\u00e9veloppement et la politique \u00e9trang\u00e8re, sur les th\u00e8mes des \u00c9tats fragiles, des droits de l'homme et de l'Am\u00e9rique latine.","robots":{"index":"index","follow":"follow","max-snippet":"max-snippet:-1","max-image-preview":"max-image-preview:large","max-video-preview":"max-video-preview:-1"},"canonical":"https:\/\/roger-peltzer.com\/fr\/les-banques-cooperatives-un-levier-financier-pour-les-agriculteurs-camerounais\/","og_locale":"fr_FR","og_type":"article","og_title":"Soutien aux banques coop\u00e9ratives MUFID dans le nord du Cameroun - Politique internationale","og_description":"Blog de Roger Peltzer sur le d\u00e9veloppement et la politique \u00e9trang\u00e8re, sur les th\u00e8mes des \u00c9tats fragiles, des droits de l'homme et de l'Am\u00e9rique latine.","og_url":"https:\/\/roger-peltzer.com\/fr\/les-banques-cooperatives-un-levier-financier-pour-les-agriculteurs-camerounais\/","og_site_name":"Politique internationale","article_published_time":"2026-04-03T11:05:00+00:00","article_modified_time":"2026-04-03T18:46:06+00:00","og_image":[{"width":1304,"height":776,"url":"https:\/\/roger-peltzer.com\/wp-content\/uploads\/2024\/12\/roger-kamerun.jpg","type":"image\/jpeg"}],"author":"Roger Peltzer","twitter_card":"summary_large_image","twitter_misc":{"\u00c9crit par":"Roger Peltzer","Dur\u00e9e de lecture estim\u00e9e":"3 minutes"},"schema":{"@context":"https:\/\/schema.org","@graph":[{"@type":"Article","@id":"https:\/\/roger-peltzer.com\/fr\/les-banques-cooperatives-un-levier-financier-pour-les-agriculteurs-camerounais\/#article","isPartOf":{"@id":"https:\/\/roger-peltzer.com\/fr\/les-banques-cooperatives-un-levier-financier-pour-les-agriculteurs-camerounais\/"},"author":{"name":"Roger Peltzer","@id":"https:\/\/roger-peltzer.com\/fr\/#\/schema\/person\/6506ec1961bde1e8ad9521e95d6a8dac"},"headline":"Soutien aux banques coop\u00e9ratives MUFID dans le nord du Cameroun","datePublished":"2026-04-03T11:05:00+00:00","dateModified":"2026-04-03T18:46:06+00:00","mainEntityOfPage":{"@id":"https:\/\/roger-peltzer.com\/fr\/les-banques-cooperatives-un-levier-financier-pour-les-agriculteurs-camerounais\/"},"wordCount":521,"commentCount":0,"publisher":{"@id":"https:\/\/roger-peltzer.com\/fr\/#\/schema\/person\/6506ec1961bde1e8ad9521e95d6a8dac"},"image":{"@id":"https:\/\/roger-peltzer.com\/fr\/les-banques-cooperatives-un-levier-financier-pour-les-agriculteurs-camerounais\/#primaryimage"},"thumbnailUrl":"https:\/\/roger-peltzer.com\/wp-content\/uploads\/2024\/12\/roger-kamerun.jpg","articleSection":["Coton"],"inLanguage":"fr-FR","potentialAction":[{"@type":"CommentAction","name":"Comment","target":["https:\/\/roger-peltzer.com\/fr\/les-banques-cooperatives-un-levier-financier-pour-les-agriculteurs-camerounais\/#respond"]}]},{"@type":"WebPage","@id":"https:\/\/roger-peltzer.com\/fr\/les-banques-cooperatives-un-levier-financier-pour-les-agriculteurs-camerounais\/","url":"https:\/\/roger-peltzer.com\/fr\/les-banques-cooperatives-un-levier-financier-pour-les-agriculteurs-camerounais\/","name":"Soutien aux banques coop\u00e9ratives MUFID dans le nord du Cameroun - Politique internationale","isPartOf":{"@id":"https:\/\/roger-peltzer.com\/fr\/#website"},"primaryImageOfPage":{"@id":"https:\/\/roger-peltzer.com\/fr\/les-banques-cooperatives-un-levier-financier-pour-les-agriculteurs-camerounais\/#primaryimage"},"image":{"@id":"https:\/\/roger-peltzer.com\/fr\/les-banques-cooperatives-un-levier-financier-pour-les-agriculteurs-camerounais\/#primaryimage"},"thumbnailUrl":"https:\/\/roger-peltzer.com\/wp-content\/uploads\/2024\/12\/roger-kamerun.jpg","datePublished":"2026-04-03T11:05:00+00:00","dateModified":"2026-04-03T18:46:06+00:00","description":"Blog de Roger Peltzer sur le d\u00e9veloppement et la politique \u00e9trang\u00e8re, sur les th\u00e8mes des \u00c9tats fragiles, des droits de l'homme et de l'Am\u00e9rique latine.","breadcrumb":{"@id":"https:\/\/roger-peltzer.com\/fr\/les-banques-cooperatives-un-levier-financier-pour-les-agriculteurs-camerounais\/#breadcrumb"},"inLanguage":"fr-FR","potentialAction":[{"@type":"ReadAction","target":["https:\/\/roger-peltzer.com\/fr\/les-banques-cooperatives-un-levier-financier-pour-les-agriculteurs-camerounais\/"]}]},{"@type":"ImageObject","inLanguage":"fr-FR","@id":"https:\/\/roger-peltzer.com\/fr\/les-banques-cooperatives-un-levier-financier-pour-les-agriculteurs-camerounais\/#primaryimage","url":"https:\/\/roger-peltzer.com\/wp-content\/uploads\/2024\/12\/roger-kamerun.jpg","contentUrl":"https:\/\/roger-peltzer.com\/wp-content\/uploads\/2024\/12\/roger-kamerun.jpg","width":1304,"height":776},{"@type":"BreadcrumbList","@id":"https:\/\/roger-peltzer.com\/fr\/les-banques-cooperatives-un-levier-financier-pour-les-agriculteurs-camerounais\/#breadcrumb","itemListElement":[{"@type":"ListItem","position":1,"name":"Accueil","item":"https:\/\/roger-peltzer.com\/fr\/"},{"@type":"ListItem","position":2,"name":"Soutien aux banques coop\u00e9ratives MUFID dans le nord du Cameroun"}]},{"@type":"WebSite","@id":"https:\/\/roger-peltzer.com\/fr\/#website","url":"https:\/\/roger-peltzer.com\/fr\/","name":"Politique internationale","description":"Roger Peltzer","publisher":{"@id":"https:\/\/roger-peltzer.com\/fr\/#\/schema\/person\/6506ec1961bde1e8ad9521e95d6a8dac"},"potentialAction":[{"@type":"SearchAction","target":{"@type":"EntryPoint","urlTemplate":"https:\/\/roger-peltzer.com\/fr\/?s={search_term_string}"},"query-input":{"@type":"PropertyValueSpecification","valueRequired":true,"valueName":"search_term_string"}}],"inLanguage":"fr-FR"},{"@type":["Person","Organization"],"@id":"https:\/\/roger-peltzer.com\/fr\/#\/schema\/person\/6506ec1961bde1e8ad9521e95d6a8dac","name":"Roger Peltzer","image":{"@type":"ImageObject","inLanguage":"fr-FR","@id":"https:\/\/roger-peltzer.com\/wp-content\/uploads\/2023\/09\/roger-peltzer-weltjugendtag-square.jpgd5bfa09cc9b6ba3f4dfe4bfbbc24c702","url":"https:\/\/roger-peltzer.com\/wp-content\/uploads\/2023\/09\/roger-peltzer-weltjugendtag-square.jpg","contentUrl":"https:\/\/roger-peltzer.com\/wp-content\/uploads\/2023\/09\/roger-peltzer-weltjugendtag-square.jpg","caption":"Roger Peltzer"},"logo":{"@id":"https:\/\/roger-peltzer.com\/wp-content\/uploads\/2023\/09\/roger-peltzer-weltjugendtag-square.jpgd5bfa09cc9b6ba3f4dfe4bfbbc24c702"},"description":"[wpml-string context=\"pb-bioinfo\" name=\"info-1\"]70 Jahre alt, verheiratet, 3 Kinder und 4 Enkelkinder. Ich habe an der Universit\u00e4t M\u00fcnster Volkswirtschaft studiert und anschlie\u00dfend den postgraduierten Kurs am deutschen Institut f\u00fcr Entwicklungspolitik (heute IDOS) absolviert.[\/wpml-string]","sameAs":["https:\/\/roger-peltzer.com\/ueber-mich\/"],"url":"https:\/\/roger-peltzer.com\/fr\/author\/roger\/"}]}},"authors":[{"term_id":26,"user_id":2,"is_guest":0,"slug":"roger","display_name":"Roger Peltzer","avatar_url":{"url":"https:\/\/roger-peltzer.com\/wp-content\/uploads\/2023\/09\/roger-peltzer-weltjugendtag-square.jpg","url2x":"https:\/\/roger-peltzer.com\/wp-content\/uploads\/2023\/09\/roger-peltzer-weltjugendtag-square.jpg"},"0":null,"1":"","2":"","3":"","4":"","5":"","6":"","7":"","8":""}],"_links":{"self":[{"href":"https:\/\/roger-peltzer.com\/fr\/wp-json\/wp\/v2\/posts\/4464","targetHints":{"allow":["GET"]}}],"collection":[{"href":"https:\/\/roger-peltzer.com\/fr\/wp-json\/wp\/v2\/posts"}],"about":[{"href":"https:\/\/roger-peltzer.com\/fr\/wp-json\/wp\/v2\/types\/post"}],"author":[{"embeddable":true,"href":"https:\/\/roger-peltzer.com\/fr\/wp-json\/wp\/v2\/users\/2"}],"replies":[{"embeddable":true,"href":"https:\/\/roger-peltzer.com\/fr\/wp-json\/wp\/v2\/comments?post=4464"}],"version-history":[{"count":3,"href":"https:\/\/roger-peltzer.com\/fr\/wp-json\/wp\/v2\/posts\/4464\/revisions"}],"predecessor-version":[{"id":5768,"href":"https:\/\/roger-peltzer.com\/fr\/wp-json\/wp\/v2\/posts\/4464\/revisions\/5768"}],"wp:featuredmedia":[{"embeddable":true,"href":"https:\/\/roger-peltzer.com\/fr\/wp-json\/wp\/v2\/media\/4453"}],"wp:attachment":[{"href":"https:\/\/roger-peltzer.com\/fr\/wp-json\/wp\/v2\/media?parent=4464"}],"wp:term":[{"taxonomy":"category","embeddable":true,"href":"https:\/\/roger-peltzer.com\/fr\/wp-json\/wp\/v2\/categories?post=4464"},{"taxonomy":"post_tag","embeddable":true,"href":"https:\/\/roger-peltzer.com\/fr\/wp-json\/wp\/v2\/tags?post=4464"},{"taxonomy":"author","embeddable":true,"href":"https:\/\/roger-peltzer.com\/fr\/wp-json\/wp\/v2\/ppma_author?post=4464"}],"curies":[{"name":"wp","href":"https:\/\/api.w.org\/{rel}","templated":true}]}}