{"id":4235,"date":"2024-10-18T14:04:10","date_gmt":"2024-10-18T14:04:10","guid":{"rendered":"https:\/\/roger-peltzer.com\/la-cooperation-au-developpement-peut-elle-regagner-lacceptation-du-public\/"},"modified":"2024-10-18T14:06:32","modified_gmt":"2024-10-18T14:06:32","slug":"la-cooperation-au-developpement-peut-elle-regagner-lacceptation-du-public","status":"publish","type":"post","link":"https:\/\/roger-peltzer.com\/fr\/la-cooperation-au-developpement-peut-elle-regagner-lacceptation-du-public\/","title":{"rendered":"La coop\u00e9ration au d\u00e9veloppement peut-elle regagner l'acceptation du public ?"},"content":{"rendered":"\n<p><strong>La coop\u00e9ration au d\u00e9veloppement peut-elle regagner l&rsquo;adh\u00e9sion du public ?<\/strong> <strong>J\u00fcrgen Zattler, chef de d\u00e9partement au BMZ jusqu&rsquo;en 2023, et Roger Peltzer ont publi\u00e9 un article \u00e0 ce sujet sur <a href=\"https:\/\/www.epo.de\/index.php?option=com_content&amp;view=article&amp;id=17276:kann-die-entwicklungszusammenarbeit-oeffentliche-akzeptanz-zurueckgewinnen&amp;catid=69&amp;Itemid=100244\" target=\"_blank\" rel=\"noreferrer noopener\">epo.de<\/a>.<\/strong><\/p>\n\n<p>La <strong>coop\u00e9ration au d\u00e9veloppement (CD) fait l&rsquo;objet de critiques<\/strong>. Beaucoup de gens se demandent pourquoi l&rsquo;Allemagne devrait d\u00e9penser de l&rsquo;argent pour construire des pistes cyclables au P\u00e9rou alors que les ponts s&rsquo;effondrent chez nous, que les jardins d&rsquo;enfants ferment par manque de personnel et que le r\u00e9seau de t\u00e9l\u00e9phonie mobile allemand est moins performant que dans beaucoup de nos pays partenaires du Sud mondial. On se demande aussi de plus en plus <strong>si la politique de d\u00e9veloppement est vraiment utile<\/strong>. La Chine et de nombreux tigres asiatiques se sont d\u00e9velopp\u00e9s et ont largement \u00e9radiqu\u00e9 la pauvret\u00e9, sans que la coop\u00e9ration au d\u00e9veloppement n&rsquo;y ait contribu\u00e9 de mani\u00e8re significative. D&rsquo;un autre c\u00f4t\u00e9 <strong>, les pays africains qui b\u00e9n\u00e9ficient d&rsquo;une aide importante restent \u00e0 un faible niveau de d\u00e9veloppement.<\/strong>    <\/p>\n\n<p><strong>Scepticisme \u00e0 l&rsquo;\u00e9gard de la coop\u00e9ration au d\u00e9veloppement et des coupes budg\u00e9taires<\/strong><\/p>\n\n<p>Le scepticisme g\u00e9n\u00e9ralis\u00e9 de l&rsquo;opinion publique allemande \u00e0 l&rsquo;\u00e9gard de la coop\u00e9ration au d\u00e9veloppement contribue \u00e0 placer le budget de la politique de d\u00e9veloppement en t\u00eate de liste lorsqu&rsquo;il s&rsquo;agit de faire des \u00e9conomies. Le titre budg\u00e9taire du minist\u00e8re de la Coop\u00e9ration \u00e9conomique a \u00e9t\u00e9 r\u00e9duit de 25% au cours des trois derni\u00e8res ann\u00e9es (y compris le budget de 2025). <br\/><br\/><strong>Succ\u00e8s de la coop\u00e9ration au d\u00e9veloppement en Afrique<\/strong><\/p>\n\n<p>La coop\u00e9ration au d\u00e9veloppement ne peut pas r\u00e9soudre tous les probl\u00e8mes du monde. Toutefois, la mortalit\u00e9 infantile en Afrique a consid\u00e9rablement diminu\u00e9 au cours des derni\u00e8res d\u00e9cennies. Presque tous les enfants y re\u00e7oivent aujourd&rsquo;hui une \u00e9ducation primaire et beaucoup d&rsquo;autres une \u00e9ducation secondaire. Des maladies comme le paludisme sont de plus en plus combattues efficacement. Tout cela est \u00e9galement le r\u00e9sultat de la coop\u00e9ration au d\u00e9veloppement. Notre aide a donc \u00e9t\u00e9 efficace.     <br\/><br\/><strong>Contribution de l&rsquo;Allemagne \u00e0 la transition \u00e9nerg\u00e9tique mondiale<\/strong><\/p>\n\n<p>Ces derni\u00e8res ann\u00e9es, l&rsquo;Allemagne a \u00e9galement contribu\u00e9 de mani\u00e8re significative \u00e0 la transition \u00e9nerg\u00e9tique en Chine, en Inde et dans de nombreux autres pays du monde par le biais de la coop\u00e9ration au d\u00e9veloppement. En lan\u00e7ant la r\u00e9forme des banques multilat\u00e9rales de d\u00e9veloppement, l&rsquo;Allemagne a permis d&rsquo;augmenter les fonds allou\u00e9s \u00e0 la transformation verte de l&rsquo;\u00e9conomie mondiale. Si le Kenya, le Maroc ou l&rsquo;Ouganda sont aujourd&rsquo;hui largement approvisionn\u00e9s en \u00e9lectricit\u00e9 par des \u00e9nergies renouvelables, c&rsquo;est en grande partie gr\u00e2ce \u00e0 notre engagement bilat\u00e9ral, europ\u00e9en et multilat\u00e9ral. Si l&rsquo;on dit toujours que l&rsquo;Allemagne, avec une part de 2% des \u00e9missions mondiales de CO2, ne peut pas contribuer beaucoup \u00e0 stopper le changement climatique, c&rsquo;est donc faux.   <br\/><br\/><strong>Am\u00e9lioration de l&rsquo;efficacit\u00e9 et r\u00e9forme de la bureaucratie n\u00e9cessaires<\/strong><\/p>\n\n<p>Cependant, \u00e9tant donn\u00e9 les besoins massifs dans presque tous les domaines des services publics en Allemagne, les acteurs de la politique de d\u00e9veloppement doivent \u00e9galement se demander comment ils peuvent contribuer \u00e0 une utilisation plus efficace et plus efficiente de l&rsquo;argent rare des contribuables. Pendant de nombreuses ann\u00e9es, les budgets de la coop\u00e9ration au d\u00e9veloppement n&rsquo;ont cess\u00e9 d&rsquo;augmenter, tout comme le personnel des institutions qui les mettent en \u0153uvre. Une multitude d&rsquo;exigences et de conditions de plus en plus d\u00e9taill\u00e9es ont fait que la coop\u00e9ration allemande au d\u00e9veloppement est devenue tr\u00e8s lourde et bureaucratique dans de nombreux domaines. Il n&rsquo;est pas rare qu&rsquo;un an et demi ou plus s&rsquo;\u00e9coule entre la demande de financement et son approbation. C&rsquo;est pour cette raison, mais aussi parce que la coop\u00e9ration allemande et europ\u00e9enne au d\u00e9veloppement est de plus en plus en concurrence avec des acteurs tels que la Chine, l&rsquo;Inde, la Russie, la Turquie ou les pays arabes dans le Sud mondial, que nous avons besoin de r\u00e9formes fondamentales.    <br\/><br\/>Il est essentiel que les diff\u00e9rents minist\u00e8res du gouvernement f\u00e9d\u00e9ral coordonnent mieux leur action vis-\u00e0-vis du Sud mondial. La politique \u00e9trang\u00e8re, la politique \u00e9conomique, la politique de s\u00e9curit\u00e9, la politique climatique et la coop\u00e9ration au d\u00e9veloppement doivent \u00eatre mieux coordonn\u00e9es. La gouvernance politique doit \u00eatre renforc\u00e9e, avec des objectifs et des strat\u00e9gies clairs et, si possible, coordonn\u00e9s entre les diff\u00e9rents minist\u00e8res. Cela permettrait de surmonter le pilotage fin des agences de mise en \u0153uvre, qui est encore tr\u00e8s r\u00e9pandu.   <br\/><br\/><strong>Mobiliser les investissements priv\u00e9s pour financer le d\u00e9veloppement<\/strong><\/p>\n\n<p>Un chantier important est la mobilisation de ressources suppl\u00e9mentaires du march\u00e9 des capitaux priv\u00e9s pour le financement du d\u00e9veloppement. Des investissements priv\u00e9s massifs sont n\u00e9cessaires dans les syst\u00e8mes d&rsquo;\u00e9nergie et de transport ainsi que dans l&rsquo;agriculture. Jusqu&rsquo;\u00e0 pr\u00e9sent, les efforts ont \u00e9t\u00e9 peu fructueux, notamment parce que nous nous sommes trop concentr\u00e9s sur le subventionnement d&rsquo;investissements priv\u00e9s individuels et que nous n&rsquo;avons pas adopt\u00e9 une approche syst\u00e9matique. Cela implique notamment d&rsquo;aider les partenaires \u00e0 rendre les investissements verts plus attrayants, par exemple en r\u00e9affectant les subventions n\u00e9fastes pour l&rsquo;environnement. Il s&rsquo;agit \u00e9galement d&rsquo;utiliser les instruments de soutien de mani\u00e8re plus intelligente, par exemple pour des approches de garantie globale pour les investissements verts. Les propositions du G20 en ce sens sont sur la table.     <\/p>\n\n<p>Aujourd&rsquo;hui d\u00e9j\u00e0, plus de 50 % des pr\u00eats au d\u00e9veloppement de la KfW &#8211; Entwicklungsbank, d&rsquo;un montant d&rsquo;environ 10 milliards par an, sont refinanc\u00e9s sur le march\u00e9 des capitaux. Ce montant pourrait \u00eatre consid\u00e9rablement augment\u00e9 si le gouvernement f\u00e9d\u00e9ral \u00e9largissait le cadre de garantie correspondant pour la KfW. Ces garanties n&rsquo;ont pas d&rsquo;impact budg\u00e9taire et, en outre, le risque de d\u00e9faillance pour le gouvernement f\u00e9d\u00e9ral est tr\u00e8s faible. En outre, les pr\u00eats accord\u00e9s \u00e0 des entreprises bien structur\u00e9es et rentables, comme les exploitants d&rsquo;\u00e9oliennes au Maroc, ne n\u00e9cessitent pas n\u00e9cessairement une subvention d&rsquo;int\u00e9r\u00eat du budget du BMZ.   <\/p>\n\n<p>Il serait \u00e9galement important d&rsquo;impliquer davantage les fonds de pension priv\u00e9s, comme ceux des \u00e9glises, qui recherchent des placements \u00e9thiques, dans le financement du d\u00e9veloppement. La DEG-Deutsche Investitions- und Entwicklungsgesellschaft (soci\u00e9t\u00e9 allemande d&rsquo;investissement et de d\u00e9veloppement) commence \u00e0 s&rsquo;y int\u00e9resser. Toutefois, en raison d&rsquo;obstacles r\u00e9glementaires importants, la DEG n&rsquo;a gu\u00e8re \u00e9t\u00e9 en mesure d&rsquo;\u00e9tendre ses financements de mani\u00e8re substantielle ces derni\u00e8res ann\u00e9es, malgr\u00e9 une demande accrue. Une adaptation intelligente de la r\u00e9glementation pourrait permettre de d\u00e9gager de nombreux financements suppl\u00e9mentaires sans avoir recours \u00e0 des ressources budg\u00e9taires.   <br\/><br\/><strong>Acceptation de la coop\u00e9ration au d\u00e9veloppement gr\u00e2ce \u00e0 l&rsquo;efficacit\u00e9 et \u00e0 de nouvelles sources de financement<\/strong><\/p>\n\n<p>Lorsque l&rsquo;on demande au sein de la communaut\u00e9 de l&rsquo;aide comment obtenir \u00e0 nouveau une plus grande acceptation de la part du public, l&rsquo;une des r\u00e9ponses est de devenir meilleur et plus efficace et de trouver de nouvelles sources priv\u00e9es de financement du d\u00e9veloppement.<br\/><\/p>\n\n<p>Photo de couverture de <a href=\"https:\/\/www.freepik.com\/free-photo\/paper-style-earth-globe-with-charts_25403714.htm#fromView=search&amp;page=1&amp;position=44&amp;uuid=9d9fbefe-95a5-44fd-8519-ecf057298be1\" target=\"_blank\" rel=\"noreferrer noopener\">freepik.com<\/a><\/p>\n","protected":false},"excerpt":{"rendered":"<p>La coop\u00e9ration au d\u00e9veloppement peut-elle regagner l&rsquo;adh\u00e9sion du public ? J\u00fcrgen Zattler, chef de d\u00e9partement au BMZ jusqu&rsquo;en 2023, et Roger Peltzer ont publi\u00e9 un article \u00e0 ce sujet sur epo.de. La coop\u00e9ration au d\u00e9veloppement (CD) fait l&rsquo;objet de critiques.<\/p>\n","protected":false},"author":2,"featured_media":4230,"comment_status":"open","ping_status":"open","sticky":false,"template":"","format":"standard","meta":{"footnotes":""},"categories":[112],"tags":[],"ppma_author":[26,118],"class_list":["post-4235","post","type-post","status-publish","format-standard","has-post-thumbnail","hentry","category-cooperation-au-developpement-fr"],"yoast_head":"<!-- This site is optimized with the Yoast SEO plugin v27.5 - https:\/\/yoast.com\/product\/yoast-seo-wordpress\/ -->\n<title>La coop\u00e9ration au d\u00e9veloppement peut-elle regagner l&#039;acceptation du public ? - Politique internationale<\/title>\n<meta name=\"description\" content=\"Blog de Roger Peltzer sur le d\u00e9veloppement et la politique \u00e9trang\u00e8re, sur les th\u00e8mes des \u00c9tats fragiles, des droits de l&#039;homme et de l&#039;Am\u00e9rique latine.\" \/>\n<meta name=\"robots\" content=\"index, follow, max-snippet:-1, max-image-preview:large, max-video-preview:-1\" \/>\n<link rel=\"canonical\" href=\"https:\/\/roger-peltzer.com\/fr\/la-cooperation-au-developpement-peut-elle-regagner-lacceptation-du-public\/\" \/>\n<meta property=\"og:locale\" content=\"fr_FR\" \/>\n<meta property=\"og:type\" content=\"article\" \/>\n<meta property=\"og:title\" content=\"La coop\u00e9ration au d\u00e9veloppement peut-elle regagner l&#039;acceptation du public ? - Politique internationale\" \/>\n<meta property=\"og:description\" content=\"Blog de Roger Peltzer sur le d\u00e9veloppement et la politique \u00e9trang\u00e8re, sur les th\u00e8mes des \u00c9tats fragiles, des droits de l&#039;homme et de l&#039;Am\u00e9rique latine.\" \/>\n<meta property=\"og:url\" content=\"https:\/\/roger-peltzer.com\/fr\/la-cooperation-au-developpement-peut-elle-regagner-lacceptation-du-public\/\" \/>\n<meta property=\"og:site_name\" content=\"Politique internationale\" \/>\n<meta property=\"article:published_time\" content=\"2024-10-18T14:04:10+00:00\" \/>\n<meta property=\"article:modified_time\" content=\"2024-10-18T14:06:32+00:00\" \/>\n<meta property=\"og:image\" content=\"https:\/\/roger-peltzer.com\/wp-content\/uploads\/2024\/10\/akzeptanz-ez.jpg\" \/>\n\t<meta property=\"og:image:width\" content=\"1500\" \/>\n\t<meta property=\"og:image:height\" content=\"1001\" \/>\n\t<meta property=\"og:image:type\" content=\"image\/jpeg\" \/>\n<meta name=\"author\" content=\"Roger Peltzer, J\u00fcrgen Zattler\" \/>\n<meta name=\"twitter:card\" content=\"summary_large_image\" \/>\n<meta name=\"twitter:label1\" content=\"\u00c9crit par\" \/>\n\t<meta name=\"twitter:data1\" content=\"Roger Peltzer\" \/>\n\t<meta name=\"twitter:label2\" content=\"Dur\u00e9e de lecture estim\u00e9e\" \/>\n\t<meta name=\"twitter:data2\" content=\"6 minutes\" \/>\n<script type=\"application\/ld+json\" class=\"yoast-schema-graph\">{\"@context\":\"https:\\\/\\\/schema.org\",\"@graph\":[{\"@type\":\"Article\",\"@id\":\"https:\\\/\\\/roger-peltzer.com\\\/fr\\\/la-cooperation-au-developpement-peut-elle-regagner-lacceptation-du-public\\\/#article\",\"isPartOf\":{\"@id\":\"https:\\\/\\\/roger-peltzer.com\\\/fr\\\/la-cooperation-au-developpement-peut-elle-regagner-lacceptation-du-public\\\/\"},\"author\":{\"name\":\"Roger Peltzer\",\"@id\":\"https:\\\/\\\/roger-peltzer.com\\\/fr\\\/#\\\/schema\\\/person\\\/6506ec1961bde1e8ad9521e95d6a8dac\"},\"headline\":\"La coop\u00e9ration au d\u00e9veloppement peut-elle regagner l'acceptation du public ?\",\"datePublished\":\"2024-10-18T14:04:10+00:00\",\"dateModified\":\"2024-10-18T14:06:32+00:00\",\"mainEntityOfPage\":{\"@id\":\"https:\\\/\\\/roger-peltzer.com\\\/fr\\\/la-cooperation-au-developpement-peut-elle-regagner-lacceptation-du-public\\\/\"},\"wordCount\":1216,\"commentCount\":0,\"publisher\":{\"@id\":\"https:\\\/\\\/roger-peltzer.com\\\/fr\\\/#\\\/schema\\\/person\\\/6506ec1961bde1e8ad9521e95d6a8dac\"},\"image\":{\"@id\":\"https:\\\/\\\/roger-peltzer.com\\\/fr\\\/la-cooperation-au-developpement-peut-elle-regagner-lacceptation-du-public\\\/#primaryimage\"},\"thumbnailUrl\":\"https:\\\/\\\/roger-peltzer.com\\\/wp-content\\\/uploads\\\/2024\\\/10\\\/akzeptanz-ez.jpg\",\"articleSection\":[\"Coop\u00e9ration au d\u00e9veloppement\"],\"inLanguage\":\"fr-FR\",\"potentialAction\":[{\"@type\":\"CommentAction\",\"name\":\"Comment\",\"target\":[\"https:\\\/\\\/roger-peltzer.com\\\/fr\\\/la-cooperation-au-developpement-peut-elle-regagner-lacceptation-du-public\\\/#respond\"]}]},{\"@type\":\"WebPage\",\"@id\":\"https:\\\/\\\/roger-peltzer.com\\\/fr\\\/la-cooperation-au-developpement-peut-elle-regagner-lacceptation-du-public\\\/\",\"url\":\"https:\\\/\\\/roger-peltzer.com\\\/fr\\\/la-cooperation-au-developpement-peut-elle-regagner-lacceptation-du-public\\\/\",\"name\":\"La coop\u00e9ration au d\u00e9veloppement peut-elle regagner l'acceptation du public ? - Politique internationale\",\"isPartOf\":{\"@id\":\"https:\\\/\\\/roger-peltzer.com\\\/fr\\\/#website\"},\"primaryImageOfPage\":{\"@id\":\"https:\\\/\\\/roger-peltzer.com\\\/fr\\\/la-cooperation-au-developpement-peut-elle-regagner-lacceptation-du-public\\\/#primaryimage\"},\"image\":{\"@id\":\"https:\\\/\\\/roger-peltzer.com\\\/fr\\\/la-cooperation-au-developpement-peut-elle-regagner-lacceptation-du-public\\\/#primaryimage\"},\"thumbnailUrl\":\"https:\\\/\\\/roger-peltzer.com\\\/wp-content\\\/uploads\\\/2024\\\/10\\\/akzeptanz-ez.jpg\",\"datePublished\":\"2024-10-18T14:04:10+00:00\",\"dateModified\":\"2024-10-18T14:06:32+00:00\",\"description\":\"Blog de Roger Peltzer sur le d\u00e9veloppement et la politique \u00e9trang\u00e8re, sur les th\u00e8mes des \u00c9tats fragiles, des droits de l'homme et de l'Am\u00e9rique latine.\",\"breadcrumb\":{\"@id\":\"https:\\\/\\\/roger-peltzer.com\\\/fr\\\/la-cooperation-au-developpement-peut-elle-regagner-lacceptation-du-public\\\/#breadcrumb\"},\"inLanguage\":\"fr-FR\",\"potentialAction\":[{\"@type\":\"ReadAction\",\"target\":[\"https:\\\/\\\/roger-peltzer.com\\\/fr\\\/la-cooperation-au-developpement-peut-elle-regagner-lacceptation-du-public\\\/\"]}]},{\"@type\":\"ImageObject\",\"inLanguage\":\"fr-FR\",\"@id\":\"https:\\\/\\\/roger-peltzer.com\\\/fr\\\/la-cooperation-au-developpement-peut-elle-regagner-lacceptation-du-public\\\/#primaryimage\",\"url\":\"https:\\\/\\\/roger-peltzer.com\\\/wp-content\\\/uploads\\\/2024\\\/10\\\/akzeptanz-ez.jpg\",\"contentUrl\":\"https:\\\/\\\/roger-peltzer.com\\\/wp-content\\\/uploads\\\/2024\\\/10\\\/akzeptanz-ez.jpg\",\"width\":1500,\"height\":1001},{\"@type\":\"BreadcrumbList\",\"@id\":\"https:\\\/\\\/roger-peltzer.com\\\/fr\\\/la-cooperation-au-developpement-peut-elle-regagner-lacceptation-du-public\\\/#breadcrumb\",\"itemListElement\":[{\"@type\":\"ListItem\",\"position\":1,\"name\":\"Accueil\",\"item\":\"https:\\\/\\\/roger-peltzer.com\\\/fr\\\/\"},{\"@type\":\"ListItem\",\"position\":2,\"name\":\"La coop\u00e9ration au d\u00e9veloppement peut-elle regagner l'acceptation du public ?\"}]},{\"@type\":\"WebSite\",\"@id\":\"https:\\\/\\\/roger-peltzer.com\\\/fr\\\/#website\",\"url\":\"https:\\\/\\\/roger-peltzer.com\\\/fr\\\/\",\"name\":\"Politique internationale\",\"description\":\"Roger Peltzer\",\"publisher\":{\"@id\":\"https:\\\/\\\/roger-peltzer.com\\\/fr\\\/#\\\/schema\\\/person\\\/6506ec1961bde1e8ad9521e95d6a8dac\"},\"potentialAction\":[{\"@type\":\"SearchAction\",\"target\":{\"@type\":\"EntryPoint\",\"urlTemplate\":\"https:\\\/\\\/roger-peltzer.com\\\/fr\\\/?s={search_term_string}\"},\"query-input\":{\"@type\":\"PropertyValueSpecification\",\"valueRequired\":true,\"valueName\":\"search_term_string\"}}],\"inLanguage\":\"fr-FR\"},{\"@type\":[\"Person\",\"Organization\"],\"@id\":\"https:\\\/\\\/roger-peltzer.com\\\/fr\\\/#\\\/schema\\\/person\\\/6506ec1961bde1e8ad9521e95d6a8dac\",\"name\":\"Roger Peltzer\",\"image\":{\"@type\":\"ImageObject\",\"inLanguage\":\"fr-FR\",\"@id\":\"https:\\\/\\\/roger-peltzer.com\\\/wp-content\\\/uploads\\\/2023\\\/09\\\/roger-peltzer-weltjugendtag-square.jpgd5bfa09cc9b6ba3f4dfe4bfbbc24c702\",\"url\":\"https:\\\/\\\/roger-peltzer.com\\\/wp-content\\\/uploads\\\/2023\\\/09\\\/roger-peltzer-weltjugendtag-square.jpg\",\"contentUrl\":\"https:\\\/\\\/roger-peltzer.com\\\/wp-content\\\/uploads\\\/2023\\\/09\\\/roger-peltzer-weltjugendtag-square.jpg\",\"caption\":\"Roger Peltzer\"},\"logo\":{\"@id\":\"https:\\\/\\\/roger-peltzer.com\\\/wp-content\\\/uploads\\\/2023\\\/09\\\/roger-peltzer-weltjugendtag-square.jpgd5bfa09cc9b6ba3f4dfe4bfbbc24c702\"},\"description\":\"[wpml-string context=\\\"pb-bioinfo\\\" name=\\\"info-1\\\"]70 Jahre alt, verheiratet, 3 Kinder und 4 Enkelkinder. Ich habe an der Universit\u00e4t M\u00fcnster Volkswirtschaft studiert und anschlie\u00dfend den postgraduierten Kurs am deutschen Institut f\u00fcr Entwicklungspolitik (heute IDOS) absolviert.[\\\/wpml-string]\",\"sameAs\":[\"https:\\\/\\\/roger-peltzer.com\\\/ueber-mich\\\/\"],\"url\":\"https:\\\/\\\/roger-peltzer.com\\\/fr\\\/author\\\/roger\\\/\"}]}<\/script>\n<!-- \/ Yoast SEO plugin. -->","yoast_head_json":{"title":"La coop\u00e9ration au d\u00e9veloppement peut-elle regagner l'acceptation du public ? - Politique internationale","description":"Blog de Roger Peltzer sur le d\u00e9veloppement et la politique \u00e9trang\u00e8re, sur les th\u00e8mes des \u00c9tats fragiles, des droits de l'homme et de l'Am\u00e9rique latine.","robots":{"index":"index","follow":"follow","max-snippet":"max-snippet:-1","max-image-preview":"max-image-preview:large","max-video-preview":"max-video-preview:-1"},"canonical":"https:\/\/roger-peltzer.com\/fr\/la-cooperation-au-developpement-peut-elle-regagner-lacceptation-du-public\/","og_locale":"fr_FR","og_type":"article","og_title":"La coop\u00e9ration au d\u00e9veloppement peut-elle regagner l'acceptation du public ? - Politique internationale","og_description":"Blog de Roger Peltzer sur le d\u00e9veloppement et la politique \u00e9trang\u00e8re, sur les th\u00e8mes des \u00c9tats fragiles, des droits de l'homme et de l'Am\u00e9rique latine.","og_url":"https:\/\/roger-peltzer.com\/fr\/la-cooperation-au-developpement-peut-elle-regagner-lacceptation-du-public\/","og_site_name":"Politique internationale","article_published_time":"2024-10-18T14:04:10+00:00","article_modified_time":"2024-10-18T14:06:32+00:00","og_image":[{"width":1500,"height":1001,"url":"https:\/\/roger-peltzer.com\/wp-content\/uploads\/2024\/10\/akzeptanz-ez.jpg","type":"image\/jpeg"}],"author":"Roger Peltzer, J\u00fcrgen Zattler","twitter_card":"summary_large_image","twitter_misc":{"\u00c9crit par":"Roger Peltzer","Dur\u00e9e de lecture estim\u00e9e":"6 minutes"},"schema":{"@context":"https:\/\/schema.org","@graph":[{"@type":"Article","@id":"https:\/\/roger-peltzer.com\/fr\/la-cooperation-au-developpement-peut-elle-regagner-lacceptation-du-public\/#article","isPartOf":{"@id":"https:\/\/roger-peltzer.com\/fr\/la-cooperation-au-developpement-peut-elle-regagner-lacceptation-du-public\/"},"author":{"name":"Roger Peltzer","@id":"https:\/\/roger-peltzer.com\/fr\/#\/schema\/person\/6506ec1961bde1e8ad9521e95d6a8dac"},"headline":"La coop\u00e9ration au d\u00e9veloppement peut-elle regagner l'acceptation du public ?","datePublished":"2024-10-18T14:04:10+00:00","dateModified":"2024-10-18T14:06:32+00:00","mainEntityOfPage":{"@id":"https:\/\/roger-peltzer.com\/fr\/la-cooperation-au-developpement-peut-elle-regagner-lacceptation-du-public\/"},"wordCount":1216,"commentCount":0,"publisher":{"@id":"https:\/\/roger-peltzer.com\/fr\/#\/schema\/person\/6506ec1961bde1e8ad9521e95d6a8dac"},"image":{"@id":"https:\/\/roger-peltzer.com\/fr\/la-cooperation-au-developpement-peut-elle-regagner-lacceptation-du-public\/#primaryimage"},"thumbnailUrl":"https:\/\/roger-peltzer.com\/wp-content\/uploads\/2024\/10\/akzeptanz-ez.jpg","articleSection":["Coop\u00e9ration au d\u00e9veloppement"],"inLanguage":"fr-FR","potentialAction":[{"@type":"CommentAction","name":"Comment","target":["https:\/\/roger-peltzer.com\/fr\/la-cooperation-au-developpement-peut-elle-regagner-lacceptation-du-public\/#respond"]}]},{"@type":"WebPage","@id":"https:\/\/roger-peltzer.com\/fr\/la-cooperation-au-developpement-peut-elle-regagner-lacceptation-du-public\/","url":"https:\/\/roger-peltzer.com\/fr\/la-cooperation-au-developpement-peut-elle-regagner-lacceptation-du-public\/","name":"La coop\u00e9ration au d\u00e9veloppement peut-elle regagner l'acceptation du public ? - Politique internationale","isPartOf":{"@id":"https:\/\/roger-peltzer.com\/fr\/#website"},"primaryImageOfPage":{"@id":"https:\/\/roger-peltzer.com\/fr\/la-cooperation-au-developpement-peut-elle-regagner-lacceptation-du-public\/#primaryimage"},"image":{"@id":"https:\/\/roger-peltzer.com\/fr\/la-cooperation-au-developpement-peut-elle-regagner-lacceptation-du-public\/#primaryimage"},"thumbnailUrl":"https:\/\/roger-peltzer.com\/wp-content\/uploads\/2024\/10\/akzeptanz-ez.jpg","datePublished":"2024-10-18T14:04:10+00:00","dateModified":"2024-10-18T14:06:32+00:00","description":"Blog de Roger Peltzer sur le d\u00e9veloppement et la politique \u00e9trang\u00e8re, sur les th\u00e8mes des \u00c9tats fragiles, des droits de l'homme et de l'Am\u00e9rique latine.","breadcrumb":{"@id":"https:\/\/roger-peltzer.com\/fr\/la-cooperation-au-developpement-peut-elle-regagner-lacceptation-du-public\/#breadcrumb"},"inLanguage":"fr-FR","potentialAction":[{"@type":"ReadAction","target":["https:\/\/roger-peltzer.com\/fr\/la-cooperation-au-developpement-peut-elle-regagner-lacceptation-du-public\/"]}]},{"@type":"ImageObject","inLanguage":"fr-FR","@id":"https:\/\/roger-peltzer.com\/fr\/la-cooperation-au-developpement-peut-elle-regagner-lacceptation-du-public\/#primaryimage","url":"https:\/\/roger-peltzer.com\/wp-content\/uploads\/2024\/10\/akzeptanz-ez.jpg","contentUrl":"https:\/\/roger-peltzer.com\/wp-content\/uploads\/2024\/10\/akzeptanz-ez.jpg","width":1500,"height":1001},{"@type":"BreadcrumbList","@id":"https:\/\/roger-peltzer.com\/fr\/la-cooperation-au-developpement-peut-elle-regagner-lacceptation-du-public\/#breadcrumb","itemListElement":[{"@type":"ListItem","position":1,"name":"Accueil","item":"https:\/\/roger-peltzer.com\/fr\/"},{"@type":"ListItem","position":2,"name":"La coop\u00e9ration au d\u00e9veloppement peut-elle regagner l'acceptation du public ?"}]},{"@type":"WebSite","@id":"https:\/\/roger-peltzer.com\/fr\/#website","url":"https:\/\/roger-peltzer.com\/fr\/","name":"Politique internationale","description":"Roger Peltzer","publisher":{"@id":"https:\/\/roger-peltzer.com\/fr\/#\/schema\/person\/6506ec1961bde1e8ad9521e95d6a8dac"},"potentialAction":[{"@type":"SearchAction","target":{"@type":"EntryPoint","urlTemplate":"https:\/\/roger-peltzer.com\/fr\/?s={search_term_string}"},"query-input":{"@type":"PropertyValueSpecification","valueRequired":true,"valueName":"search_term_string"}}],"inLanguage":"fr-FR"},{"@type":["Person","Organization"],"@id":"https:\/\/roger-peltzer.com\/fr\/#\/schema\/person\/6506ec1961bde1e8ad9521e95d6a8dac","name":"Roger Peltzer","image":{"@type":"ImageObject","inLanguage":"fr-FR","@id":"https:\/\/roger-peltzer.com\/wp-content\/uploads\/2023\/09\/roger-peltzer-weltjugendtag-square.jpgd5bfa09cc9b6ba3f4dfe4bfbbc24c702","url":"https:\/\/roger-peltzer.com\/wp-content\/uploads\/2023\/09\/roger-peltzer-weltjugendtag-square.jpg","contentUrl":"https:\/\/roger-peltzer.com\/wp-content\/uploads\/2023\/09\/roger-peltzer-weltjugendtag-square.jpg","caption":"Roger Peltzer"},"logo":{"@id":"https:\/\/roger-peltzer.com\/wp-content\/uploads\/2023\/09\/roger-peltzer-weltjugendtag-square.jpgd5bfa09cc9b6ba3f4dfe4bfbbc24c702"},"description":"[wpml-string context=\"pb-bioinfo\" name=\"info-1\"]70 Jahre alt, verheiratet, 3 Kinder und 4 Enkelkinder. Ich habe an der Universit\u00e4t M\u00fcnster Volkswirtschaft studiert und anschlie\u00dfend den postgraduierten Kurs am deutschen Institut f\u00fcr Entwicklungspolitik (heute IDOS) absolviert.[\/wpml-string]","sameAs":["https:\/\/roger-peltzer.com\/ueber-mich\/"],"url":"https:\/\/roger-peltzer.com\/fr\/author\/roger\/"}]}},"authors":[{"term_id":26,"user_id":2,"is_guest":0,"slug":"roger","display_name":"Roger Peltzer","avatar_url":{"url":"https:\/\/roger-peltzer.com\/wp-content\/uploads\/2023\/09\/roger-peltzer-weltjugendtag-square.jpg","url2x":"https:\/\/roger-peltzer.com\/wp-content\/uploads\/2023\/09\/roger-peltzer-weltjugendtag-square.jpg"},"0":null,"1":"","2":"","3":"","4":"","5":"","6":"","7":"","8":""},{"term_id":118,"user_id":0,"is_guest":1,"slug":"juergen-zattler","display_name":"J\u00fcrgen Zattler","avatar_url":{"url":"https:\/\/roger-peltzer.com\/wp-content\/uploads\/2024\/10\/Juergen_Zattler.jpg","url2x":"https:\/\/roger-peltzer.com\/wp-content\/uploads\/2024\/10\/Juergen_Zattler.jpg"},"0":null,"1":"","2":"","3":"","4":"","5":"","6":"","7":"","8":""}],"_links":{"self":[{"href":"https:\/\/roger-peltzer.com\/fr\/wp-json\/wp\/v2\/posts\/4235","targetHints":{"allow":["GET"]}}],"collection":[{"href":"https:\/\/roger-peltzer.com\/fr\/wp-json\/wp\/v2\/posts"}],"about":[{"href":"https:\/\/roger-peltzer.com\/fr\/wp-json\/wp\/v2\/types\/post"}],"author":[{"embeddable":true,"href":"https:\/\/roger-peltzer.com\/fr\/wp-json\/wp\/v2\/users\/2"}],"replies":[{"embeddable":true,"href":"https:\/\/roger-peltzer.com\/fr\/wp-json\/wp\/v2\/comments?post=4235"}],"version-history":[{"count":1,"href":"https:\/\/roger-peltzer.com\/fr\/wp-json\/wp\/v2\/posts\/4235\/revisions"}],"predecessor-version":[{"id":4236,"href":"https:\/\/roger-peltzer.com\/fr\/wp-json\/wp\/v2\/posts\/4235\/revisions\/4236"}],"wp:featuredmedia":[{"embeddable":true,"href":"https:\/\/roger-peltzer.com\/fr\/wp-json\/wp\/v2\/media\/4230"}],"wp:attachment":[{"href":"https:\/\/roger-peltzer.com\/fr\/wp-json\/wp\/v2\/media?parent=4235"}],"wp:term":[{"taxonomy":"category","embeddable":true,"href":"https:\/\/roger-peltzer.com\/fr\/wp-json\/wp\/v2\/categories?post=4235"},{"taxonomy":"post_tag","embeddable":true,"href":"https:\/\/roger-peltzer.com\/fr\/wp-json\/wp\/v2\/tags?post=4235"},{"taxonomy":"author","embeddable":true,"href":"https:\/\/roger-peltzer.com\/fr\/wp-json\/wp\/v2\/ppma_author?post=4235"}],"curies":[{"name":"wp","href":"https:\/\/api.w.org\/{rel}","templated":true}]}}