{"id":2240,"date":"2024-07-19T16:06:58","date_gmt":"2024-07-19T16:06:58","guid":{"rendered":"https:\/\/roger-peltzer.com\/la-cooperation-au-developpement-au-banc-dessai-reductions-budgetaires-au-bmz-quelle-cooperation-au-developpement-veut-lallemagne\/"},"modified":"2024-09-10T12:31:27","modified_gmt":"2024-09-10T12:31:27","slug":"la-cooperation-au-developpement-au-banc-dessai-reductions-budgetaires-au-bmz-quelle-cooperation-au-developpement-veut-lallemagne","status":"publish","type":"post","link":"https:\/\/roger-peltzer.com\/fr\/la-cooperation-au-developpement-au-banc-dessai-reductions-budgetaires-au-bmz-quelle-cooperation-au-developpement-veut-lallemagne\/","title":{"rendered":"La coop\u00e9ration au d\u00e9veloppement au banc d'essai : \"R\u00e9ductions budg\u00e9taires au BMZ : quelle coop\u00e9ration au d\u00e9veloppement veut l'Allemagne ?\""},"content":{"rendered":"\n<p><strong>Pr\u00e8s d&rsquo;un milliard d&rsquo;euros d&rsquo;\u00e9conomies sur le budget du BMZ, 800 millions d&rsquo;euros d&rsquo;\u00e9conomies sur l&rsquo;aide humanitaire dans le budget du minist\u00e8re des Affaires \u00e9trang\u00e8res : la coop\u00e9ration allemande au d\u00e9veloppement (EZ) a-t-elle encore un sens g\u00e9opolitique ? Le budget du BMZ peut-il cro\u00eetre \u00e0 nouveau dans les ann\u00e9es \u00e0 venir ? La coop\u00e9ration au d\u00e9veloppement peut-elle \u00eatre davantage financ\u00e9e par le march\u00e9 des capitaux ? La crise offre-t-elle \u00e9galement l&rsquo;opportunit\u00e9 de rendre la coop\u00e9ration allemande au d\u00e9veloppement beaucoup plus efficace et de r\u00e9former en profondeur toute la structure actuelle de mise en \u0153uvre ?<\/strong><\/p>\n\n<p>Lisez la suite de mon article invit\u00e9 pour le blog <em>Weltneuvermessung<\/em> ici :<\/p>\n\n<div class=\"wp-block-buttons is-layout-flex wp-block-buttons-is-layout-flex\">\n<div class=\"wp-block-button\"><a class=\"wp-block-button__link wp-element-button\" href=\"https:\/\/weltneuvermessung.wordpress.com\/2024\/07\/15\/entwicklungs-kooperation-auf-dem-prufstand\/\" target=\"_blank\" rel=\"noreferrer noopener\">Lire la suite<\/a><\/div>\n<\/div>\n\n<p><\/p>\n\n<p>Photo de couverture : La ministre allemande du D\u00e9veloppement, Svenja Schulze, rencontre le pr\u00e9sident de la Commission de la CEDEAO, Dr. Omar Alieu Touray, \u00e0 Abuja, 16.08.2023. Copyright : <a href=\"https:\/\/www.bmz.de\/de\/service\/pressefotos\" target=\"_blank\" rel=\"noreferrer noopener\">Leon Kuegeler\/photothek.de<\/a><\/p>\n","protected":false},"excerpt":{"rendered":"<p>Pr\u00e8s d&rsquo;un milliard d&rsquo;euros d&rsquo;\u00e9conomies sur le budget du BMZ, 800 millions d&rsquo;euros d&rsquo;\u00e9conomies sur l&rsquo;aide humanitaire dans le budget du minist\u00e8re des Affaires \u00e9trang\u00e8res : la coop\u00e9ration allemande au d\u00e9veloppement (EZ) a-t-elle encore un sens g\u00e9opolitique ? Le budget<\/p>\n","protected":false},"author":2,"featured_media":2235,"comment_status":"open","ping_status":"open","sticky":false,"template":"","format":"standard","meta":{"footnotes":""},"categories":[112],"tags":[],"ppma_author":[26],"class_list":["post-2240","post","type-post","status-publish","format-standard","has-post-thumbnail","hentry","category-cooperation-au-developpement-fr"],"yoast_head":"<!-- This site is optimized with the Yoast SEO plugin v27.5 - https:\/\/yoast.com\/product\/yoast-seo-wordpress\/ -->\n<title>La coop\u00e9ration au d\u00e9veloppement au banc d&#039;essai : &quot;R\u00e9ductions budg\u00e9taires au BMZ : quelle coop\u00e9ration au d\u00e9veloppement veut l&#039;Allemagne ?&quot; - Politique internationale<\/title>\n<meta name=\"description\" content=\"Blog de Roger Peltzer sur le d\u00e9veloppement et la politique \u00e9trang\u00e8re, sur les th\u00e8mes des \u00c9tats fragiles, des droits de l&#039;homme et de l&#039;Am\u00e9rique latine.\" \/>\n<meta name=\"robots\" content=\"index, follow, max-snippet:-1, max-image-preview:large, max-video-preview:-1\" \/>\n<link rel=\"canonical\" href=\"https:\/\/roger-peltzer.com\/fr\/la-cooperation-au-developpement-au-banc-dessai-reductions-budgetaires-au-bmz-quelle-cooperation-au-developpement-veut-lallemagne\/\" \/>\n<meta property=\"og:locale\" content=\"fr_FR\" \/>\n<meta property=\"og:type\" content=\"article\" \/>\n<meta property=\"og:title\" content=\"La coop\u00e9ration au d\u00e9veloppement au banc d&#039;essai : &quot;R\u00e9ductions budg\u00e9taires au BMZ : quelle coop\u00e9ration au d\u00e9veloppement veut l&#039;Allemagne ?&quot; - Politique internationale\" \/>\n<meta property=\"og:description\" content=\"Blog de Roger Peltzer sur le d\u00e9veloppement et la politique \u00e9trang\u00e8re, sur les th\u00e8mes des \u00c9tats fragiles, des droits de l&#039;homme et de l&#039;Am\u00e9rique latine.\" \/>\n<meta property=\"og:url\" content=\"https:\/\/roger-peltzer.com\/fr\/la-cooperation-au-developpement-au-banc-dessai-reductions-budgetaires-au-bmz-quelle-cooperation-au-developpement-veut-lallemagne\/\" \/>\n<meta property=\"og:site_name\" content=\"Politique internationale\" \/>\n<meta property=\"article:published_time\" content=\"2024-07-19T16:06:58+00:00\" \/>\n<meta property=\"article:modified_time\" content=\"2024-09-10T12:31:27+00:00\" \/>\n<meta property=\"og:image\" content=\"https:\/\/roger-peltzer.com\/wp-content\/uploads\/2024\/07\/pressefoto-reise-nigeria-ecowas-04-230816-scaled.jpg\" \/>\n\t<meta property=\"og:image:width\" content=\"2560\" \/>\n\t<meta property=\"og:image:height\" content=\"1708\" \/>\n\t<meta property=\"og:image:type\" content=\"image\/jpeg\" \/>\n<meta name=\"author\" content=\"Roger Peltzer\" \/>\n<meta name=\"twitter:card\" content=\"summary_large_image\" \/>\n<meta name=\"twitter:label1\" content=\"\u00c9crit par\" \/>\n\t<meta name=\"twitter:data1\" content=\"Roger Peltzer\" \/>\n\t<meta name=\"twitter:label2\" content=\"Dur\u00e9e de lecture estim\u00e9e\" \/>\n\t<meta name=\"twitter:data2\" content=\"1 minute\" \/>\n<script type=\"application\/ld+json\" class=\"yoast-schema-graph\">{\"@context\":\"https:\\\/\\\/schema.org\",\"@graph\":[{\"@type\":\"Article\",\"@id\":\"https:\\\/\\\/roger-peltzer.com\\\/fr\\\/la-cooperation-au-developpement-au-banc-dessai-reductions-budgetaires-au-bmz-quelle-cooperation-au-developpement-veut-lallemagne\\\/#article\",\"isPartOf\":{\"@id\":\"https:\\\/\\\/roger-peltzer.com\\\/fr\\\/la-cooperation-au-developpement-au-banc-dessai-reductions-budgetaires-au-bmz-quelle-cooperation-au-developpement-veut-lallemagne\\\/\"},\"author\":{\"name\":\"Roger Peltzer\",\"@id\":\"https:\\\/\\\/roger-peltzer.com\\\/fr\\\/#\\\/schema\\\/person\\\/6506ec1961bde1e8ad9521e95d6a8dac\"},\"headline\":\"La coop\u00e9ration au d\u00e9veloppement au banc d'essai : \\\"R\u00e9ductions budg\u00e9taires au BMZ : quelle coop\u00e9ration au d\u00e9veloppement veut l'Allemagne ?\\\"\",\"datePublished\":\"2024-07-19T16:06:58+00:00\",\"dateModified\":\"2024-09-10T12:31:27+00:00\",\"mainEntityOfPage\":{\"@id\":\"https:\\\/\\\/roger-peltzer.com\\\/fr\\\/la-cooperation-au-developpement-au-banc-dessai-reductions-budgetaires-au-bmz-quelle-cooperation-au-developpement-veut-lallemagne\\\/\"},\"wordCount\":172,\"commentCount\":0,\"publisher\":{\"@id\":\"https:\\\/\\\/roger-peltzer.com\\\/fr\\\/#\\\/schema\\\/person\\\/6506ec1961bde1e8ad9521e95d6a8dac\"},\"image\":{\"@id\":\"https:\\\/\\\/roger-peltzer.com\\\/fr\\\/la-cooperation-au-developpement-au-banc-dessai-reductions-budgetaires-au-bmz-quelle-cooperation-au-developpement-veut-lallemagne\\\/#primaryimage\"},\"thumbnailUrl\":\"https:\\\/\\\/roger-peltzer.com\\\/wp-content\\\/uploads\\\/2024\\\/07\\\/pressefoto-reise-nigeria-ecowas-04-230816-scaled.jpg\",\"articleSection\":[\"Coop\u00e9ration au d\u00e9veloppement\"],\"inLanguage\":\"fr-FR\",\"potentialAction\":[{\"@type\":\"CommentAction\",\"name\":\"Comment\",\"target\":[\"https:\\\/\\\/roger-peltzer.com\\\/fr\\\/la-cooperation-au-developpement-au-banc-dessai-reductions-budgetaires-au-bmz-quelle-cooperation-au-developpement-veut-lallemagne\\\/#respond\"]}]},{\"@type\":\"WebPage\",\"@id\":\"https:\\\/\\\/roger-peltzer.com\\\/fr\\\/la-cooperation-au-developpement-au-banc-dessai-reductions-budgetaires-au-bmz-quelle-cooperation-au-developpement-veut-lallemagne\\\/\",\"url\":\"https:\\\/\\\/roger-peltzer.com\\\/fr\\\/la-cooperation-au-developpement-au-banc-dessai-reductions-budgetaires-au-bmz-quelle-cooperation-au-developpement-veut-lallemagne\\\/\",\"name\":\"La coop\u00e9ration au d\u00e9veloppement au banc d'essai : \\\"R\u00e9ductions budg\u00e9taires au BMZ : quelle coop\u00e9ration au d\u00e9veloppement veut l'Allemagne ?\\\" - Politique internationale\",\"isPartOf\":{\"@id\":\"https:\\\/\\\/roger-peltzer.com\\\/fr\\\/#website\"},\"primaryImageOfPage\":{\"@id\":\"https:\\\/\\\/roger-peltzer.com\\\/fr\\\/la-cooperation-au-developpement-au-banc-dessai-reductions-budgetaires-au-bmz-quelle-cooperation-au-developpement-veut-lallemagne\\\/#primaryimage\"},\"image\":{\"@id\":\"https:\\\/\\\/roger-peltzer.com\\\/fr\\\/la-cooperation-au-developpement-au-banc-dessai-reductions-budgetaires-au-bmz-quelle-cooperation-au-developpement-veut-lallemagne\\\/#primaryimage\"},\"thumbnailUrl\":\"https:\\\/\\\/roger-peltzer.com\\\/wp-content\\\/uploads\\\/2024\\\/07\\\/pressefoto-reise-nigeria-ecowas-04-230816-scaled.jpg\",\"datePublished\":\"2024-07-19T16:06:58+00:00\",\"dateModified\":\"2024-09-10T12:31:27+00:00\",\"description\":\"Blog de Roger Peltzer sur le d\u00e9veloppement et la politique \u00e9trang\u00e8re, sur les th\u00e8mes des \u00c9tats fragiles, des droits de l'homme et de l'Am\u00e9rique latine.\",\"breadcrumb\":{\"@id\":\"https:\\\/\\\/roger-peltzer.com\\\/fr\\\/la-cooperation-au-developpement-au-banc-dessai-reductions-budgetaires-au-bmz-quelle-cooperation-au-developpement-veut-lallemagne\\\/#breadcrumb\"},\"inLanguage\":\"fr-FR\",\"potentialAction\":[{\"@type\":\"ReadAction\",\"target\":[\"https:\\\/\\\/roger-peltzer.com\\\/fr\\\/la-cooperation-au-developpement-au-banc-dessai-reductions-budgetaires-au-bmz-quelle-cooperation-au-developpement-veut-lallemagne\\\/\"]}]},{\"@type\":\"ImageObject\",\"inLanguage\":\"fr-FR\",\"@id\":\"https:\\\/\\\/roger-peltzer.com\\\/fr\\\/la-cooperation-au-developpement-au-banc-dessai-reductions-budgetaires-au-bmz-quelle-cooperation-au-developpement-veut-lallemagne\\\/#primaryimage\",\"url\":\"https:\\\/\\\/roger-peltzer.com\\\/wp-content\\\/uploads\\\/2024\\\/07\\\/pressefoto-reise-nigeria-ecowas-04-230816-scaled.jpg\",\"contentUrl\":\"https:\\\/\\\/roger-peltzer.com\\\/wp-content\\\/uploads\\\/2024\\\/07\\\/pressefoto-reise-nigeria-ecowas-04-230816-scaled.jpg\",\"width\":2560,\"height\":1708,\"caption\":\"Bundesentwicklungsministerin Svenja Schulze trifft Praesidenten der ECOWAS-Kommission, Dr. Omar Alieu Touray in Abuja, 16.08.2023. Copyright: Leon Kuegeler\\\/photothek.de\"},{\"@type\":\"BreadcrumbList\",\"@id\":\"https:\\\/\\\/roger-peltzer.com\\\/fr\\\/la-cooperation-au-developpement-au-banc-dessai-reductions-budgetaires-au-bmz-quelle-cooperation-au-developpement-veut-lallemagne\\\/#breadcrumb\",\"itemListElement\":[{\"@type\":\"ListItem\",\"position\":1,\"name\":\"Accueil\",\"item\":\"https:\\\/\\\/roger-peltzer.com\\\/fr\\\/\"},{\"@type\":\"ListItem\",\"position\":2,\"name\":\"La coop\u00e9ration au d\u00e9veloppement au banc d'essai : \\\"R\u00e9ductions budg\u00e9taires au BMZ : quelle coop\u00e9ration au d\u00e9veloppement veut l'Allemagne ?\\\"\"}]},{\"@type\":\"WebSite\",\"@id\":\"https:\\\/\\\/roger-peltzer.com\\\/fr\\\/#website\",\"url\":\"https:\\\/\\\/roger-peltzer.com\\\/fr\\\/\",\"name\":\"Politique internationale\",\"description\":\"Roger Peltzer\",\"publisher\":{\"@id\":\"https:\\\/\\\/roger-peltzer.com\\\/fr\\\/#\\\/schema\\\/person\\\/6506ec1961bde1e8ad9521e95d6a8dac\"},\"potentialAction\":[{\"@type\":\"SearchAction\",\"target\":{\"@type\":\"EntryPoint\",\"urlTemplate\":\"https:\\\/\\\/roger-peltzer.com\\\/fr\\\/?s={search_term_string}\"},\"query-input\":{\"@type\":\"PropertyValueSpecification\",\"valueRequired\":true,\"valueName\":\"search_term_string\"}}],\"inLanguage\":\"fr-FR\"},{\"@type\":[\"Person\",\"Organization\"],\"@id\":\"https:\\\/\\\/roger-peltzer.com\\\/fr\\\/#\\\/schema\\\/person\\\/6506ec1961bde1e8ad9521e95d6a8dac\",\"name\":\"Roger Peltzer\",\"image\":{\"@type\":\"ImageObject\",\"inLanguage\":\"fr-FR\",\"@id\":\"https:\\\/\\\/roger-peltzer.com\\\/wp-content\\\/uploads\\\/2023\\\/09\\\/roger-peltzer-weltjugendtag-square.jpgd5bfa09cc9b6ba3f4dfe4bfbbc24c702\",\"url\":\"https:\\\/\\\/roger-peltzer.com\\\/wp-content\\\/uploads\\\/2023\\\/09\\\/roger-peltzer-weltjugendtag-square.jpg\",\"contentUrl\":\"https:\\\/\\\/roger-peltzer.com\\\/wp-content\\\/uploads\\\/2023\\\/09\\\/roger-peltzer-weltjugendtag-square.jpg\",\"caption\":\"Roger Peltzer\"},\"logo\":{\"@id\":\"https:\\\/\\\/roger-peltzer.com\\\/wp-content\\\/uploads\\\/2023\\\/09\\\/roger-peltzer-weltjugendtag-square.jpgd5bfa09cc9b6ba3f4dfe4bfbbc24c702\"},\"description\":\"[wpml-string context=\\\"pb-bioinfo\\\" name=\\\"info-1\\\"]70 Jahre alt, verheiratet, 3 Kinder und 4 Enkelkinder. Ich habe an der Universit\u00e4t M\u00fcnster Volkswirtschaft studiert und anschlie\u00dfend den postgraduierten Kurs am deutschen Institut f\u00fcr Entwicklungspolitik (heute IDOS) absolviert.[\\\/wpml-string]\",\"sameAs\":[\"https:\\\/\\\/roger-peltzer.com\\\/ueber-mich\\\/\"],\"url\":\"https:\\\/\\\/roger-peltzer.com\\\/fr\\\/author\\\/roger\\\/\"}]}<\/script>\n<!-- \/ Yoast SEO plugin. -->","yoast_head_json":{"title":"La coop\u00e9ration au d\u00e9veloppement au banc d'essai : \"R\u00e9ductions budg\u00e9taires au BMZ : quelle coop\u00e9ration au d\u00e9veloppement veut l'Allemagne ?\" - Politique internationale","description":"Blog de Roger Peltzer sur le d\u00e9veloppement et la politique \u00e9trang\u00e8re, sur les th\u00e8mes des \u00c9tats fragiles, des droits de l'homme et de l'Am\u00e9rique latine.","robots":{"index":"index","follow":"follow","max-snippet":"max-snippet:-1","max-image-preview":"max-image-preview:large","max-video-preview":"max-video-preview:-1"},"canonical":"https:\/\/roger-peltzer.com\/fr\/la-cooperation-au-developpement-au-banc-dessai-reductions-budgetaires-au-bmz-quelle-cooperation-au-developpement-veut-lallemagne\/","og_locale":"fr_FR","og_type":"article","og_title":"La coop\u00e9ration au d\u00e9veloppement au banc d'essai : \"R\u00e9ductions budg\u00e9taires au BMZ : quelle coop\u00e9ration au d\u00e9veloppement veut l'Allemagne ?\" - Politique internationale","og_description":"Blog de Roger Peltzer sur le d\u00e9veloppement et la politique \u00e9trang\u00e8re, sur les th\u00e8mes des \u00c9tats fragiles, des droits de l'homme et de l'Am\u00e9rique latine.","og_url":"https:\/\/roger-peltzer.com\/fr\/la-cooperation-au-developpement-au-banc-dessai-reductions-budgetaires-au-bmz-quelle-cooperation-au-developpement-veut-lallemagne\/","og_site_name":"Politique internationale","article_published_time":"2024-07-19T16:06:58+00:00","article_modified_time":"2024-09-10T12:31:27+00:00","og_image":[{"width":2560,"height":1708,"url":"https:\/\/roger-peltzer.com\/wp-content\/uploads\/2024\/07\/pressefoto-reise-nigeria-ecowas-04-230816-scaled.jpg","type":"image\/jpeg"}],"author":"Roger Peltzer","twitter_card":"summary_large_image","twitter_misc":{"\u00c9crit par":"Roger Peltzer","Dur\u00e9e de lecture estim\u00e9e":"1 minute"},"schema":{"@context":"https:\/\/schema.org","@graph":[{"@type":"Article","@id":"https:\/\/roger-peltzer.com\/fr\/la-cooperation-au-developpement-au-banc-dessai-reductions-budgetaires-au-bmz-quelle-cooperation-au-developpement-veut-lallemagne\/#article","isPartOf":{"@id":"https:\/\/roger-peltzer.com\/fr\/la-cooperation-au-developpement-au-banc-dessai-reductions-budgetaires-au-bmz-quelle-cooperation-au-developpement-veut-lallemagne\/"},"author":{"name":"Roger Peltzer","@id":"https:\/\/roger-peltzer.com\/fr\/#\/schema\/person\/6506ec1961bde1e8ad9521e95d6a8dac"},"headline":"La coop\u00e9ration au d\u00e9veloppement au banc d'essai : \"R\u00e9ductions budg\u00e9taires au BMZ : quelle coop\u00e9ration au d\u00e9veloppement veut l'Allemagne ?\"","datePublished":"2024-07-19T16:06:58+00:00","dateModified":"2024-09-10T12:31:27+00:00","mainEntityOfPage":{"@id":"https:\/\/roger-peltzer.com\/fr\/la-cooperation-au-developpement-au-banc-dessai-reductions-budgetaires-au-bmz-quelle-cooperation-au-developpement-veut-lallemagne\/"},"wordCount":172,"commentCount":0,"publisher":{"@id":"https:\/\/roger-peltzer.com\/fr\/#\/schema\/person\/6506ec1961bde1e8ad9521e95d6a8dac"},"image":{"@id":"https:\/\/roger-peltzer.com\/fr\/la-cooperation-au-developpement-au-banc-dessai-reductions-budgetaires-au-bmz-quelle-cooperation-au-developpement-veut-lallemagne\/#primaryimage"},"thumbnailUrl":"https:\/\/roger-peltzer.com\/wp-content\/uploads\/2024\/07\/pressefoto-reise-nigeria-ecowas-04-230816-scaled.jpg","articleSection":["Coop\u00e9ration au d\u00e9veloppement"],"inLanguage":"fr-FR","potentialAction":[{"@type":"CommentAction","name":"Comment","target":["https:\/\/roger-peltzer.com\/fr\/la-cooperation-au-developpement-au-banc-dessai-reductions-budgetaires-au-bmz-quelle-cooperation-au-developpement-veut-lallemagne\/#respond"]}]},{"@type":"WebPage","@id":"https:\/\/roger-peltzer.com\/fr\/la-cooperation-au-developpement-au-banc-dessai-reductions-budgetaires-au-bmz-quelle-cooperation-au-developpement-veut-lallemagne\/","url":"https:\/\/roger-peltzer.com\/fr\/la-cooperation-au-developpement-au-banc-dessai-reductions-budgetaires-au-bmz-quelle-cooperation-au-developpement-veut-lallemagne\/","name":"La coop\u00e9ration au d\u00e9veloppement au banc d'essai : \"R\u00e9ductions budg\u00e9taires au BMZ : quelle coop\u00e9ration au d\u00e9veloppement veut l'Allemagne ?\" - Politique internationale","isPartOf":{"@id":"https:\/\/roger-peltzer.com\/fr\/#website"},"primaryImageOfPage":{"@id":"https:\/\/roger-peltzer.com\/fr\/la-cooperation-au-developpement-au-banc-dessai-reductions-budgetaires-au-bmz-quelle-cooperation-au-developpement-veut-lallemagne\/#primaryimage"},"image":{"@id":"https:\/\/roger-peltzer.com\/fr\/la-cooperation-au-developpement-au-banc-dessai-reductions-budgetaires-au-bmz-quelle-cooperation-au-developpement-veut-lallemagne\/#primaryimage"},"thumbnailUrl":"https:\/\/roger-peltzer.com\/wp-content\/uploads\/2024\/07\/pressefoto-reise-nigeria-ecowas-04-230816-scaled.jpg","datePublished":"2024-07-19T16:06:58+00:00","dateModified":"2024-09-10T12:31:27+00:00","description":"Blog de Roger Peltzer sur le d\u00e9veloppement et la politique \u00e9trang\u00e8re, sur les th\u00e8mes des \u00c9tats fragiles, des droits de l'homme et de l'Am\u00e9rique latine.","breadcrumb":{"@id":"https:\/\/roger-peltzer.com\/fr\/la-cooperation-au-developpement-au-banc-dessai-reductions-budgetaires-au-bmz-quelle-cooperation-au-developpement-veut-lallemagne\/#breadcrumb"},"inLanguage":"fr-FR","potentialAction":[{"@type":"ReadAction","target":["https:\/\/roger-peltzer.com\/fr\/la-cooperation-au-developpement-au-banc-dessai-reductions-budgetaires-au-bmz-quelle-cooperation-au-developpement-veut-lallemagne\/"]}]},{"@type":"ImageObject","inLanguage":"fr-FR","@id":"https:\/\/roger-peltzer.com\/fr\/la-cooperation-au-developpement-au-banc-dessai-reductions-budgetaires-au-bmz-quelle-cooperation-au-developpement-veut-lallemagne\/#primaryimage","url":"https:\/\/roger-peltzer.com\/wp-content\/uploads\/2024\/07\/pressefoto-reise-nigeria-ecowas-04-230816-scaled.jpg","contentUrl":"https:\/\/roger-peltzer.com\/wp-content\/uploads\/2024\/07\/pressefoto-reise-nigeria-ecowas-04-230816-scaled.jpg","width":2560,"height":1708,"caption":"Bundesentwicklungsministerin Svenja Schulze trifft Praesidenten der ECOWAS-Kommission, Dr. Omar Alieu Touray in Abuja, 16.08.2023. Copyright: Leon Kuegeler\/photothek.de"},{"@type":"BreadcrumbList","@id":"https:\/\/roger-peltzer.com\/fr\/la-cooperation-au-developpement-au-banc-dessai-reductions-budgetaires-au-bmz-quelle-cooperation-au-developpement-veut-lallemagne\/#breadcrumb","itemListElement":[{"@type":"ListItem","position":1,"name":"Accueil","item":"https:\/\/roger-peltzer.com\/fr\/"},{"@type":"ListItem","position":2,"name":"La coop\u00e9ration au d\u00e9veloppement au banc d'essai : \"R\u00e9ductions budg\u00e9taires au BMZ : quelle coop\u00e9ration au d\u00e9veloppement veut l'Allemagne ?\""}]},{"@type":"WebSite","@id":"https:\/\/roger-peltzer.com\/fr\/#website","url":"https:\/\/roger-peltzer.com\/fr\/","name":"Politique internationale","description":"Roger Peltzer","publisher":{"@id":"https:\/\/roger-peltzer.com\/fr\/#\/schema\/person\/6506ec1961bde1e8ad9521e95d6a8dac"},"potentialAction":[{"@type":"SearchAction","target":{"@type":"EntryPoint","urlTemplate":"https:\/\/roger-peltzer.com\/fr\/?s={search_term_string}"},"query-input":{"@type":"PropertyValueSpecification","valueRequired":true,"valueName":"search_term_string"}}],"inLanguage":"fr-FR"},{"@type":["Person","Organization"],"@id":"https:\/\/roger-peltzer.com\/fr\/#\/schema\/person\/6506ec1961bde1e8ad9521e95d6a8dac","name":"Roger Peltzer","image":{"@type":"ImageObject","inLanguage":"fr-FR","@id":"https:\/\/roger-peltzer.com\/wp-content\/uploads\/2023\/09\/roger-peltzer-weltjugendtag-square.jpgd5bfa09cc9b6ba3f4dfe4bfbbc24c702","url":"https:\/\/roger-peltzer.com\/wp-content\/uploads\/2023\/09\/roger-peltzer-weltjugendtag-square.jpg","contentUrl":"https:\/\/roger-peltzer.com\/wp-content\/uploads\/2023\/09\/roger-peltzer-weltjugendtag-square.jpg","caption":"Roger Peltzer"},"logo":{"@id":"https:\/\/roger-peltzer.com\/wp-content\/uploads\/2023\/09\/roger-peltzer-weltjugendtag-square.jpgd5bfa09cc9b6ba3f4dfe4bfbbc24c702"},"description":"[wpml-string context=\"pb-bioinfo\" name=\"info-1\"]70 Jahre alt, verheiratet, 3 Kinder und 4 Enkelkinder. Ich habe an der Universit\u00e4t M\u00fcnster Volkswirtschaft studiert und anschlie\u00dfend den postgraduierten Kurs am deutschen Institut f\u00fcr Entwicklungspolitik (heute IDOS) absolviert.[\/wpml-string]","sameAs":["https:\/\/roger-peltzer.com\/ueber-mich\/"],"url":"https:\/\/roger-peltzer.com\/fr\/author\/roger\/"}]}},"authors":[{"term_id":26,"user_id":2,"is_guest":0,"slug":"roger","display_name":"Roger Peltzer","avatar_url":{"url":"https:\/\/roger-peltzer.com\/wp-content\/uploads\/2023\/09\/roger-peltzer-weltjugendtag-square.jpg","url2x":"https:\/\/roger-peltzer.com\/wp-content\/uploads\/2023\/09\/roger-peltzer-weltjugendtag-square.jpg"},"0":null,"1":"","2":"","3":"","4":"","5":"","6":"","7":"","8":""}],"_links":{"self":[{"href":"https:\/\/roger-peltzer.com\/fr\/wp-json\/wp\/v2\/posts\/2240","targetHints":{"allow":["GET"]}}],"collection":[{"href":"https:\/\/roger-peltzer.com\/fr\/wp-json\/wp\/v2\/posts"}],"about":[{"href":"https:\/\/roger-peltzer.com\/fr\/wp-json\/wp\/v2\/types\/post"}],"author":[{"embeddable":true,"href":"https:\/\/roger-peltzer.com\/fr\/wp-json\/wp\/v2\/users\/2"}],"replies":[{"embeddable":true,"href":"https:\/\/roger-peltzer.com\/fr\/wp-json\/wp\/v2\/comments?post=2240"}],"version-history":[{"count":3,"href":"https:\/\/roger-peltzer.com\/fr\/wp-json\/wp\/v2\/posts\/2240\/revisions"}],"predecessor-version":[{"id":4212,"href":"https:\/\/roger-peltzer.com\/fr\/wp-json\/wp\/v2\/posts\/2240\/revisions\/4212"}],"wp:featuredmedia":[{"embeddable":true,"href":"https:\/\/roger-peltzer.com\/fr\/wp-json\/wp\/v2\/media\/2235"}],"wp:attachment":[{"href":"https:\/\/roger-peltzer.com\/fr\/wp-json\/wp\/v2\/media?parent=2240"}],"wp:term":[{"taxonomy":"category","embeddable":true,"href":"https:\/\/roger-peltzer.com\/fr\/wp-json\/wp\/v2\/categories?post=2240"},{"taxonomy":"post_tag","embeddable":true,"href":"https:\/\/roger-peltzer.com\/fr\/wp-json\/wp\/v2\/tags?post=2240"},{"taxonomy":"author","embeddable":true,"href":"https:\/\/roger-peltzer.com\/fr\/wp-json\/wp\/v2\/ppma_author?post=2240"}],"curies":[{"name":"wp","href":"https:\/\/api.w.org\/{rel}","templated":true}]}}