{"id":705,"date":"2023-08-22T11:40:18","date_gmt":"2023-08-22T11:40:18","guid":{"rendered":"https:\/\/roger-peltzer.com\/boko-haram-and-cotton-in-cameroon\/"},"modified":"2024-06-15T16:12:08","modified_gmt":"2024-06-15T16:12:08","slug":"boko-haram-and-cotton-in-cameroon","status":"publish","type":"post","link":"https:\/\/roger-peltzer.com\/en\/boko-haram-and-cotton-in-cameroon\/","title":{"rendered":"Boko Haram and cotton in Cameroon"},"content":{"rendered":"\n<p>Cotton cultivation in northern Cameroon was at times severely affected by the activities of Boko Haram. Sadou Fernand, from the cotton company Sodecoton, explains how they have dealt with this situation.<\/p>\n","protected":false},"excerpt":{"rendered":"<p>Cotton cultivation in northern Cameroon was at times severely affected by the activities of Boko Haram. Sadou Fernand, from the cotton company Sodecoton, explains how they have dealt with this situation.<\/p>\n","protected":false},"author":2,"featured_media":0,"comment_status":"open","ping_status":"open","sticky":false,"template":"","format":"standard","meta":{"footnotes":""},"categories":[67],"tags":[],"ppma_author":[26],"class_list":["post-705","post","type-post","status-publish","format-standard","hentry","category-fragile-states"],"yoast_head":"<!-- This site is optimized with the Yoast SEO plugin v27.5 - https:\/\/yoast.com\/product\/yoast-seo-wordpress\/ -->\n<title>Boko Haram and cotton in Cameroon - Foreign and Development Policy<\/title>\n<meta name=\"description\" content=\"Foreign and development policy blog by Roger Peltzer on the topics of fragile states, human rights and Latin America.\" \/>\n<meta name=\"robots\" content=\"index, follow, max-snippet:-1, max-image-preview:large, max-video-preview:-1\" \/>\n<link rel=\"canonical\" href=\"https:\/\/roger-peltzer.com\/en\/boko-haram-and-cotton-in-cameroon\/\" \/>\n<meta property=\"og:locale\" content=\"en_US\" \/>\n<meta property=\"og:type\" content=\"article\" \/>\n<meta property=\"og:title\" content=\"Boko Haram and cotton in Cameroon - Foreign and Development Policy\" \/>\n<meta property=\"og:description\" content=\"Foreign and development policy blog by Roger Peltzer on the topics of fragile states, human rights and Latin America.\" \/>\n<meta property=\"og:url\" content=\"https:\/\/roger-peltzer.com\/en\/boko-haram-and-cotton-in-cameroon\/\" \/>\n<meta property=\"og:site_name\" content=\"Foreign and Development Policy\" \/>\n<meta property=\"article:published_time\" content=\"2023-08-22T11:40:18+00:00\" \/>\n<meta property=\"article:modified_time\" content=\"2024-06-15T16:12:08+00:00\" \/>\n<meta property=\"og:image\" content=\"https:\/\/roger-peltzer.com\/wp-content\/uploads\/2023\/08\/globes-by-christian-lue.jpg\" \/>\n\t<meta property=\"og:image:width\" content=\"1920\" \/>\n\t<meta property=\"og:image:height\" content=\"1280\" \/>\n\t<meta property=\"og:image:type\" content=\"image\/jpeg\" \/>\n<meta name=\"author\" content=\"Roger Peltzer\" \/>\n<meta name=\"twitter:card\" content=\"summary_large_image\" \/>\n<meta name=\"twitter:label1\" content=\"Written by\" \/>\n\t<meta name=\"twitter:data1\" content=\"Roger Peltzer\" \/>\n<script type=\"application\/ld+json\" class=\"yoast-schema-graph\">{\"@context\":\"https:\\\/\\\/schema.org\",\"@graph\":[{\"@type\":\"Article\",\"@id\":\"https:\\\/\\\/roger-peltzer.com\\\/en\\\/boko-haram-and-cotton-in-cameroon\\\/#article\",\"isPartOf\":{\"@id\":\"https:\\\/\\\/roger-peltzer.com\\\/en\\\/boko-haram-and-cotton-in-cameroon\\\/\"},\"author\":{\"name\":\"Roger Peltzer\",\"@id\":\"https:\\\/\\\/roger-peltzer.com\\\/en\\\/#\\\/schema\\\/person\\\/6506ec1961bde1e8ad9521e95d6a8dac\"},\"headline\":\"Boko Haram and cotton in Cameroon\",\"datePublished\":\"2023-08-22T11:40:18+00:00\",\"dateModified\":\"2024-06-15T16:12:08+00:00\",\"mainEntityOfPage\":{\"@id\":\"https:\\\/\\\/roger-peltzer.com\\\/en\\\/boko-haram-and-cotton-in-cameroon\\\/\"},\"wordCount\":37,\"commentCount\":0,\"publisher\":{\"@id\":\"https:\\\/\\\/roger-peltzer.com\\\/en\\\/#\\\/schema\\\/person\\\/6506ec1961bde1e8ad9521e95d6a8dac\"},\"articleSection\":[\"Fragile states\"],\"inLanguage\":\"en-US\",\"potentialAction\":[{\"@type\":\"CommentAction\",\"name\":\"Comment\",\"target\":[\"https:\\\/\\\/roger-peltzer.com\\\/en\\\/boko-haram-and-cotton-in-cameroon\\\/#respond\"]}]},{\"@type\":\"WebPage\",\"@id\":\"https:\\\/\\\/roger-peltzer.com\\\/en\\\/boko-haram-and-cotton-in-cameroon\\\/\",\"url\":\"https:\\\/\\\/roger-peltzer.com\\\/en\\\/boko-haram-and-cotton-in-cameroon\\\/\",\"name\":\"Boko Haram and cotton in Cameroon - Foreign and Development Policy\",\"isPartOf\":{\"@id\":\"https:\\\/\\\/roger-peltzer.com\\\/en\\\/#website\"},\"datePublished\":\"2023-08-22T11:40:18+00:00\",\"dateModified\":\"2024-06-15T16:12:08+00:00\",\"description\":\"Foreign and development policy blog by Roger Peltzer on the topics of fragile states, human rights and Latin America.\",\"breadcrumb\":{\"@id\":\"https:\\\/\\\/roger-peltzer.com\\\/en\\\/boko-haram-and-cotton-in-cameroon\\\/#breadcrumb\"},\"inLanguage\":\"en-US\",\"potentialAction\":[{\"@type\":\"ReadAction\",\"target\":[\"https:\\\/\\\/roger-peltzer.com\\\/en\\\/boko-haram-and-cotton-in-cameroon\\\/\"]}]},{\"@type\":\"BreadcrumbList\",\"@id\":\"https:\\\/\\\/roger-peltzer.com\\\/en\\\/boko-haram-and-cotton-in-cameroon\\\/#breadcrumb\",\"itemListElement\":[{\"@type\":\"ListItem\",\"position\":1,\"name\":\"Home\",\"item\":\"https:\\\/\\\/roger-peltzer.com\\\/en\\\/\"},{\"@type\":\"ListItem\",\"position\":2,\"name\":\"Boko Haram and cotton in Cameroon\"}]},{\"@type\":\"WebSite\",\"@id\":\"https:\\\/\\\/roger-peltzer.com\\\/en\\\/#website\",\"url\":\"https:\\\/\\\/roger-peltzer.com\\\/en\\\/\",\"name\":\"Foreign and Development Policy\",\"description\":\"Roger Peltzer\",\"publisher\":{\"@id\":\"https:\\\/\\\/roger-peltzer.com\\\/en\\\/#\\\/schema\\\/person\\\/6506ec1961bde1e8ad9521e95d6a8dac\"},\"potentialAction\":[{\"@type\":\"SearchAction\",\"target\":{\"@type\":\"EntryPoint\",\"urlTemplate\":\"https:\\\/\\\/roger-peltzer.com\\\/en\\\/?s={search_term_string}\"},\"query-input\":{\"@type\":\"PropertyValueSpecification\",\"valueRequired\":true,\"valueName\":\"search_term_string\"}}],\"inLanguage\":\"en-US\"},{\"@type\":[\"Person\",\"Organization\"],\"@id\":\"https:\\\/\\\/roger-peltzer.com\\\/en\\\/#\\\/schema\\\/person\\\/6506ec1961bde1e8ad9521e95d6a8dac\",\"name\":\"Roger Peltzer\",\"image\":{\"@type\":\"ImageObject\",\"inLanguage\":\"en-US\",\"@id\":\"https:\\\/\\\/roger-peltzer.com\\\/wp-content\\\/uploads\\\/2023\\\/09\\\/roger-peltzer-weltjugendtag-square.jpgd5bfa09cc9b6ba3f4dfe4bfbbc24c702\",\"url\":\"https:\\\/\\\/roger-peltzer.com\\\/wp-content\\\/uploads\\\/2023\\\/09\\\/roger-peltzer-weltjugendtag-square.jpg\",\"contentUrl\":\"https:\\\/\\\/roger-peltzer.com\\\/wp-content\\\/uploads\\\/2023\\\/09\\\/roger-peltzer-weltjugendtag-square.jpg\",\"caption\":\"Roger Peltzer\"},\"logo\":{\"@id\":\"https:\\\/\\\/roger-peltzer.com\\\/wp-content\\\/uploads\\\/2023\\\/09\\\/roger-peltzer-weltjugendtag-square.jpgd5bfa09cc9b6ba3f4dfe4bfbbc24c702\"},\"description\":\"[wpml-string context=\\\"pb-bioinfo\\\" name=\\\"info-1\\\"]70 Jahre alt, verheiratet, 3 Kinder und 4 Enkelkinder. Ich habe an der Universit\u00e4t M\u00fcnster Volkswirtschaft studiert und anschlie\u00dfend den postgraduierten Kurs am deutschen Institut f\u00fcr Entwicklungspolitik (heute IDOS) absolviert.[\\\/wpml-string]\",\"sameAs\":[\"https:\\\/\\\/roger-peltzer.com\\\/ueber-mich\\\/\"],\"url\":\"https:\\\/\\\/roger-peltzer.com\\\/en\\\/author\\\/roger\\\/\"}]}<\/script>\n<!-- \/ Yoast SEO plugin. -->","yoast_head_json":{"title":"Boko Haram and cotton in Cameroon - Foreign and Development Policy","description":"Foreign and development policy blog by Roger Peltzer on the topics of fragile states, human rights and Latin America.","robots":{"index":"index","follow":"follow","max-snippet":"max-snippet:-1","max-image-preview":"max-image-preview:large","max-video-preview":"max-video-preview:-1"},"canonical":"https:\/\/roger-peltzer.com\/en\/boko-haram-and-cotton-in-cameroon\/","og_locale":"en_US","og_type":"article","og_title":"Boko Haram and cotton in Cameroon - Foreign and Development Policy","og_description":"Foreign and development policy blog by Roger Peltzer on the topics of fragile states, human rights and Latin America.","og_url":"https:\/\/roger-peltzer.com\/en\/boko-haram-and-cotton-in-cameroon\/","og_site_name":"Foreign and Development Policy","article_published_time":"2023-08-22T11:40:18+00:00","article_modified_time":"2024-06-15T16:12:08+00:00","og_image":[{"width":1920,"height":1280,"url":"https:\/\/roger-peltzer.com\/wp-content\/uploads\/2023\/08\/globes-by-christian-lue.jpg","type":"image\/jpeg"}],"author":"Roger Peltzer","twitter_card":"summary_large_image","twitter_misc":{"Written by":"Roger Peltzer"},"schema":{"@context":"https:\/\/schema.org","@graph":[{"@type":"Article","@id":"https:\/\/roger-peltzer.com\/en\/boko-haram-and-cotton-in-cameroon\/#article","isPartOf":{"@id":"https:\/\/roger-peltzer.com\/en\/boko-haram-and-cotton-in-cameroon\/"},"author":{"name":"Roger Peltzer","@id":"https:\/\/roger-peltzer.com\/en\/#\/schema\/person\/6506ec1961bde1e8ad9521e95d6a8dac"},"headline":"Boko Haram and cotton in Cameroon","datePublished":"2023-08-22T11:40:18+00:00","dateModified":"2024-06-15T16:12:08+00:00","mainEntityOfPage":{"@id":"https:\/\/roger-peltzer.com\/en\/boko-haram-and-cotton-in-cameroon\/"},"wordCount":37,"commentCount":0,"publisher":{"@id":"https:\/\/roger-peltzer.com\/en\/#\/schema\/person\/6506ec1961bde1e8ad9521e95d6a8dac"},"articleSection":["Fragile states"],"inLanguage":"en-US","potentialAction":[{"@type":"CommentAction","name":"Comment","target":["https:\/\/roger-peltzer.com\/en\/boko-haram-and-cotton-in-cameroon\/#respond"]}]},{"@type":"WebPage","@id":"https:\/\/roger-peltzer.com\/en\/boko-haram-and-cotton-in-cameroon\/","url":"https:\/\/roger-peltzer.com\/en\/boko-haram-and-cotton-in-cameroon\/","name":"Boko Haram and cotton in Cameroon - Foreign and Development Policy","isPartOf":{"@id":"https:\/\/roger-peltzer.com\/en\/#website"},"datePublished":"2023-08-22T11:40:18+00:00","dateModified":"2024-06-15T16:12:08+00:00","description":"Foreign and development policy blog by Roger Peltzer on the topics of fragile states, human rights and Latin America.","breadcrumb":{"@id":"https:\/\/roger-peltzer.com\/en\/boko-haram-and-cotton-in-cameroon\/#breadcrumb"},"inLanguage":"en-US","potentialAction":[{"@type":"ReadAction","target":["https:\/\/roger-peltzer.com\/en\/boko-haram-and-cotton-in-cameroon\/"]}]},{"@type":"BreadcrumbList","@id":"https:\/\/roger-peltzer.com\/en\/boko-haram-and-cotton-in-cameroon\/#breadcrumb","itemListElement":[{"@type":"ListItem","position":1,"name":"Home","item":"https:\/\/roger-peltzer.com\/en\/"},{"@type":"ListItem","position":2,"name":"Boko Haram and cotton in Cameroon"}]},{"@type":"WebSite","@id":"https:\/\/roger-peltzer.com\/en\/#website","url":"https:\/\/roger-peltzer.com\/en\/","name":"Foreign and Development Policy","description":"Roger Peltzer","publisher":{"@id":"https:\/\/roger-peltzer.com\/en\/#\/schema\/person\/6506ec1961bde1e8ad9521e95d6a8dac"},"potentialAction":[{"@type":"SearchAction","target":{"@type":"EntryPoint","urlTemplate":"https:\/\/roger-peltzer.com\/en\/?s={search_term_string}"},"query-input":{"@type":"PropertyValueSpecification","valueRequired":true,"valueName":"search_term_string"}}],"inLanguage":"en-US"},{"@type":["Person","Organization"],"@id":"https:\/\/roger-peltzer.com\/en\/#\/schema\/person\/6506ec1961bde1e8ad9521e95d6a8dac","name":"Roger Peltzer","image":{"@type":"ImageObject","inLanguage":"en-US","@id":"https:\/\/roger-peltzer.com\/wp-content\/uploads\/2023\/09\/roger-peltzer-weltjugendtag-square.jpgd5bfa09cc9b6ba3f4dfe4bfbbc24c702","url":"https:\/\/roger-peltzer.com\/wp-content\/uploads\/2023\/09\/roger-peltzer-weltjugendtag-square.jpg","contentUrl":"https:\/\/roger-peltzer.com\/wp-content\/uploads\/2023\/09\/roger-peltzer-weltjugendtag-square.jpg","caption":"Roger Peltzer"},"logo":{"@id":"https:\/\/roger-peltzer.com\/wp-content\/uploads\/2023\/09\/roger-peltzer-weltjugendtag-square.jpgd5bfa09cc9b6ba3f4dfe4bfbbc24c702"},"description":"[wpml-string context=\"pb-bioinfo\" name=\"info-1\"]70 Jahre alt, verheiratet, 3 Kinder und 4 Enkelkinder. Ich habe an der Universit\u00e4t M\u00fcnster Volkswirtschaft studiert und anschlie\u00dfend den postgraduierten Kurs am deutschen Institut f\u00fcr Entwicklungspolitik (heute IDOS) absolviert.[\/wpml-string]","sameAs":["https:\/\/roger-peltzer.com\/ueber-mich\/"],"url":"https:\/\/roger-peltzer.com\/en\/author\/roger\/"}]}},"authors":[{"term_id":26,"user_id":2,"is_guest":0,"slug":"roger","display_name":"Roger Peltzer","avatar_url":{"url":"https:\/\/roger-peltzer.com\/wp-content\/uploads\/2023\/09\/roger-peltzer-weltjugendtag-square.jpg","url2x":"https:\/\/roger-peltzer.com\/wp-content\/uploads\/2023\/09\/roger-peltzer-weltjugendtag-square.jpg"},"0":null,"1":"","2":"","3":"","4":"","5":"","6":"","7":"","8":""}],"_links":{"self":[{"href":"https:\/\/roger-peltzer.com\/en\/wp-json\/wp\/v2\/posts\/705","targetHints":{"allow":["GET"]}}],"collection":[{"href":"https:\/\/roger-peltzer.com\/en\/wp-json\/wp\/v2\/posts"}],"about":[{"href":"https:\/\/roger-peltzer.com\/en\/wp-json\/wp\/v2\/types\/post"}],"author":[{"embeddable":true,"href":"https:\/\/roger-peltzer.com\/en\/wp-json\/wp\/v2\/users\/2"}],"replies":[{"embeddable":true,"href":"https:\/\/roger-peltzer.com\/en\/wp-json\/wp\/v2\/comments?post=705"}],"version-history":[{"count":2,"href":"https:\/\/roger-peltzer.com\/en\/wp-json\/wp\/v2\/posts\/705\/revisions"}],"predecessor-version":[{"id":707,"href":"https:\/\/roger-peltzer.com\/en\/wp-json\/wp\/v2\/posts\/705\/revisions\/707"}],"wp:attachment":[{"href":"https:\/\/roger-peltzer.com\/en\/wp-json\/wp\/v2\/media?parent=705"}],"wp:term":[{"taxonomy":"category","embeddable":true,"href":"https:\/\/roger-peltzer.com\/en\/wp-json\/wp\/v2\/categories?post=705"},{"taxonomy":"post_tag","embeddable":true,"href":"https:\/\/roger-peltzer.com\/en\/wp-json\/wp\/v2\/tags?post=705"},{"taxonomy":"author","embeddable":true,"href":"https:\/\/roger-peltzer.com\/en\/wp-json\/wp\/v2\/ppma_author?post=705"}],"curies":[{"name":"wp","href":"https:\/\/api.w.org\/{rel}","templated":true}]}}