{"id":577,"date":"2023-08-22T11:50:03","date_gmt":"2023-08-22T11:50:03","guid":{"rendered":"https:\/\/roger-peltzer.com\/human-rights-work-romero-initiative\/"},"modified":"2024-06-24T14:56:41","modified_gmt":"2024-06-24T14:56:41","slug":"human-rights-work-romero-initiative","status":"publish","type":"post","link":"https:\/\/roger-peltzer.com\/en\/human-rights-work-romero-initiative\/","title":{"rendered":"Human rights work Romero Initiative"},"content":{"rendered":"\n<h2 class=\"wp-block-heading\">The CIR was founded 40 years ago, at that time also to support the Sandinista revolution. The disappointment at the development of Nicaragua under Daniel Ortega and his unspeakable wife into a veritable dictatorship was and is all the greater.<\/h2>\n\n<p><\/p>\n<div class=\"wp-block-image\">\n<figure class=\"aligncenter size-full is-resized\"><img loading=\"lazy\" decoding=\"async\" src=\"https:\/\/roger-peltzer.com\/wp-content\/uploads\/2023\/08\/CIR-logo.png\" alt=\"CIR logo\" class=\"wp-image-239\" style=\"object-fit:contain;width:319px;height:145px\" width=\"319\" height=\"145\" srcset=\"https:\/\/roger-peltzer.com\/wp-content\/uploads\/2023\/08\/CIR-logo.png 567w, https:\/\/roger-peltzer.com\/wp-content\/uploads\/2023\/08\/CIR-logo-300x136.png 300w\" sizes=\"auto, (max-width: 319px) 100vw, 319px\" \/><\/figure>\n<\/div>\n<p><\/p>\n\n<h2 class=\"wp-block-heading\">Today, CIR is involved in supporting human rights activists throughout Central America, which, with the exception of Costa Rica, are also fragile states. Today, CIR is active in human rights work in Central America, among other things.<\/h2>\n\n<div class=\"wp-block-buttons is-content-justification-center is-layout-flex wp-container-core-buttons-is-layout-16018d1d wp-block-buttons-is-layout-flex\">\n<div class=\"wp-block-button\"><a class=\"wp-block-button__link has-text-align-left wp-element-button\" href=\"https:\/\/www.ci-romero.de\/spenden\/mrv-fonds\/\" target=\"_blank\" rel=\"noreferrer noopener\">Support CIR<\/a><\/div>\n<\/div>\n","protected":false},"excerpt":{"rendered":"<p>The CIR was founded 40 years ago, at that time also to support the Sandinista revolution. The disappointment at the development of Nicaragua under Daniel Ortega and his unspeakable wife into a veritable dictatorship was and is all the greater.<\/p>\n","protected":false},"author":2,"featured_media":481,"comment_status":"open","ping_status":"open","sticky":false,"template":"","format":"standard","meta":{"footnotes":""},"categories":[64,65],"tags":[],"ppma_author":[26],"class_list":["post-577","post","type-post","status-publish","format-standard","has-post-thumbnail","hentry","category-human-rights","category-latin-america"],"yoast_head":"<!-- This site is optimized with the Yoast SEO plugin v27.5 - https:\/\/yoast.com\/product\/yoast-seo-wordpress\/ -->\n<title>Human rights work Romero Initiative - Foreign and Development Policy<\/title>\n<meta name=\"description\" content=\"Foreign and development policy blog by Roger Peltzer on the topics of fragile states, human rights and Latin America.\" \/>\n<meta name=\"robots\" content=\"index, follow, max-snippet:-1, max-image-preview:large, max-video-preview:-1\" \/>\n<link rel=\"canonical\" href=\"https:\/\/roger-peltzer.com\/en\/human-rights-work-romero-initiative\/\" \/>\n<meta property=\"og:locale\" content=\"en_US\" \/>\n<meta property=\"og:type\" content=\"article\" \/>\n<meta property=\"og:title\" content=\"Human rights work Romero Initiative - Foreign and Development Policy\" \/>\n<meta property=\"og:description\" content=\"Foreign and development policy blog by Roger Peltzer on the topics of fragile states, human rights and Latin America.\" \/>\n<meta property=\"og:url\" content=\"https:\/\/roger-peltzer.com\/en\/human-rights-work-romero-initiative\/\" \/>\n<meta property=\"og:site_name\" content=\"Foreign and Development Policy\" \/>\n<meta property=\"article:published_time\" content=\"2023-08-22T11:50:03+00:00\" \/>\n<meta property=\"article:modified_time\" content=\"2024-06-24T14:56:41+00:00\" \/>\n<meta property=\"og:image\" content=\"https:\/\/roger-peltzer.com\/wp-content\/uploads\/2023\/08\/CIR-MRV-Fonds-mitLogo-1024x576.png\" \/>\n\t<meta property=\"og:image:width\" content=\"1024\" \/>\n\t<meta property=\"og:image:height\" content=\"576\" \/>\n\t<meta property=\"og:image:type\" content=\"image\/png\" \/>\n<meta name=\"author\" content=\"Roger Peltzer\" \/>\n<meta name=\"twitter:card\" content=\"summary_large_image\" \/>\n<meta name=\"twitter:label1\" content=\"Written by\" \/>\n\t<meta name=\"twitter:data1\" content=\"Roger Peltzer\" \/>\n<script type=\"application\/ld+json\" class=\"yoast-schema-graph\">{\"@context\":\"https:\\\/\\\/schema.org\",\"@graph\":[{\"@type\":\"Article\",\"@id\":\"https:\\\/\\\/roger-peltzer.com\\\/en\\\/human-rights-work-romero-initiative\\\/#article\",\"isPartOf\":{\"@id\":\"https:\\\/\\\/roger-peltzer.com\\\/en\\\/human-rights-work-romero-initiative\\\/\"},\"author\":{\"name\":\"Roger Peltzer\",\"@id\":\"https:\\\/\\\/roger-peltzer.com\\\/en\\\/#\\\/schema\\\/person\\\/6506ec1961bde1e8ad9521e95d6a8dac\"},\"headline\":\"Human rights work Romero Initiative\",\"datePublished\":\"2023-08-22T11:50:03+00:00\",\"dateModified\":\"2024-06-24T14:56:41+00:00\",\"mainEntityOfPage\":{\"@id\":\"https:\\\/\\\/roger-peltzer.com\\\/en\\\/human-rights-work-romero-initiative\\\/\"},\"wordCount\":83,\"commentCount\":0,\"publisher\":{\"@id\":\"https:\\\/\\\/roger-peltzer.com\\\/en\\\/#\\\/schema\\\/person\\\/6506ec1961bde1e8ad9521e95d6a8dac\"},\"image\":{\"@id\":\"https:\\\/\\\/roger-peltzer.com\\\/en\\\/human-rights-work-romero-initiative\\\/#primaryimage\"},\"thumbnailUrl\":\"https:\\\/\\\/roger-peltzer.com\\\/wp-content\\\/uploads\\\/2023\\\/08\\\/CIR-MRV-Fonds-mitLogo.png\",\"articleSection\":[\"Human rights\",\"Latin America\"],\"inLanguage\":\"en-US\",\"potentialAction\":[{\"@type\":\"CommentAction\",\"name\":\"Comment\",\"target\":[\"https:\\\/\\\/roger-peltzer.com\\\/en\\\/human-rights-work-romero-initiative\\\/#respond\"]}]},{\"@type\":\"WebPage\",\"@id\":\"https:\\\/\\\/roger-peltzer.com\\\/en\\\/human-rights-work-romero-initiative\\\/\",\"url\":\"https:\\\/\\\/roger-peltzer.com\\\/en\\\/human-rights-work-romero-initiative\\\/\",\"name\":\"Human rights work Romero Initiative - Foreign and Development Policy\",\"isPartOf\":{\"@id\":\"https:\\\/\\\/roger-peltzer.com\\\/en\\\/#website\"},\"primaryImageOfPage\":{\"@id\":\"https:\\\/\\\/roger-peltzer.com\\\/en\\\/human-rights-work-romero-initiative\\\/#primaryimage\"},\"image\":{\"@id\":\"https:\\\/\\\/roger-peltzer.com\\\/en\\\/human-rights-work-romero-initiative\\\/#primaryimage\"},\"thumbnailUrl\":\"https:\\\/\\\/roger-peltzer.com\\\/wp-content\\\/uploads\\\/2023\\\/08\\\/CIR-MRV-Fonds-mitLogo.png\",\"datePublished\":\"2023-08-22T11:50:03+00:00\",\"dateModified\":\"2024-06-24T14:56:41+00:00\",\"description\":\"Foreign and development policy blog by Roger Peltzer on the topics of fragile states, human rights and Latin America.\",\"breadcrumb\":{\"@id\":\"https:\\\/\\\/roger-peltzer.com\\\/en\\\/human-rights-work-romero-initiative\\\/#breadcrumb\"},\"inLanguage\":\"en-US\",\"potentialAction\":[{\"@type\":\"ReadAction\",\"target\":[\"https:\\\/\\\/roger-peltzer.com\\\/en\\\/human-rights-work-romero-initiative\\\/\"]}]},{\"@type\":\"ImageObject\",\"inLanguage\":\"en-US\",\"@id\":\"https:\\\/\\\/roger-peltzer.com\\\/en\\\/human-rights-work-romero-initiative\\\/#primaryimage\",\"url\":\"https:\\\/\\\/roger-peltzer.com\\\/wp-content\\\/uploads\\\/2023\\\/08\\\/CIR-MRV-Fonds-mitLogo.png\",\"contentUrl\":\"https:\\\/\\\/roger-peltzer.com\\\/wp-content\\\/uploads\\\/2023\\\/08\\\/CIR-MRV-Fonds-mitLogo.png\",\"width\":1920,\"height\":1080},{\"@type\":\"BreadcrumbList\",\"@id\":\"https:\\\/\\\/roger-peltzer.com\\\/en\\\/human-rights-work-romero-initiative\\\/#breadcrumb\",\"itemListElement\":[{\"@type\":\"ListItem\",\"position\":1,\"name\":\"Home\",\"item\":\"https:\\\/\\\/roger-peltzer.com\\\/en\\\/\"},{\"@type\":\"ListItem\",\"position\":2,\"name\":\"Human rights work Romero Initiative\"}]},{\"@type\":\"WebSite\",\"@id\":\"https:\\\/\\\/roger-peltzer.com\\\/en\\\/#website\",\"url\":\"https:\\\/\\\/roger-peltzer.com\\\/en\\\/\",\"name\":\"Foreign and Development Policy\",\"description\":\"Roger Peltzer\",\"publisher\":{\"@id\":\"https:\\\/\\\/roger-peltzer.com\\\/en\\\/#\\\/schema\\\/person\\\/6506ec1961bde1e8ad9521e95d6a8dac\"},\"potentialAction\":[{\"@type\":\"SearchAction\",\"target\":{\"@type\":\"EntryPoint\",\"urlTemplate\":\"https:\\\/\\\/roger-peltzer.com\\\/en\\\/?s={search_term_string}\"},\"query-input\":{\"@type\":\"PropertyValueSpecification\",\"valueRequired\":true,\"valueName\":\"search_term_string\"}}],\"inLanguage\":\"en-US\"},{\"@type\":[\"Person\",\"Organization\"],\"@id\":\"https:\\\/\\\/roger-peltzer.com\\\/en\\\/#\\\/schema\\\/person\\\/6506ec1961bde1e8ad9521e95d6a8dac\",\"name\":\"Roger Peltzer\",\"image\":{\"@type\":\"ImageObject\",\"inLanguage\":\"en-US\",\"@id\":\"https:\\\/\\\/roger-peltzer.com\\\/wp-content\\\/uploads\\\/2023\\\/09\\\/roger-peltzer-weltjugendtag-square.jpgd5bfa09cc9b6ba3f4dfe4bfbbc24c702\",\"url\":\"https:\\\/\\\/roger-peltzer.com\\\/wp-content\\\/uploads\\\/2023\\\/09\\\/roger-peltzer-weltjugendtag-square.jpg\",\"contentUrl\":\"https:\\\/\\\/roger-peltzer.com\\\/wp-content\\\/uploads\\\/2023\\\/09\\\/roger-peltzer-weltjugendtag-square.jpg\",\"caption\":\"Roger Peltzer\"},\"logo\":{\"@id\":\"https:\\\/\\\/roger-peltzer.com\\\/wp-content\\\/uploads\\\/2023\\\/09\\\/roger-peltzer-weltjugendtag-square.jpgd5bfa09cc9b6ba3f4dfe4bfbbc24c702\"},\"description\":\"[wpml-string context=\\\"pb-bioinfo\\\" name=\\\"info-1\\\"]70 Jahre alt, verheiratet, 3 Kinder und 4 Enkelkinder. Ich habe an der Universit\u00e4t M\u00fcnster Volkswirtschaft studiert und anschlie\u00dfend den postgraduierten Kurs am deutschen Institut f\u00fcr Entwicklungspolitik (heute IDOS) absolviert.[\\\/wpml-string]\",\"sameAs\":[\"https:\\\/\\\/roger-peltzer.com\\\/ueber-mich\\\/\"],\"url\":\"https:\\\/\\\/roger-peltzer.com\\\/en\\\/author\\\/roger\\\/\"}]}<\/script>\n<!-- \/ Yoast SEO plugin. -->","yoast_head_json":{"title":"Human rights work Romero Initiative - Foreign and Development Policy","description":"Foreign and development policy blog by Roger Peltzer on the topics of fragile states, human rights and Latin America.","robots":{"index":"index","follow":"follow","max-snippet":"max-snippet:-1","max-image-preview":"max-image-preview:large","max-video-preview":"max-video-preview:-1"},"canonical":"https:\/\/roger-peltzer.com\/en\/human-rights-work-romero-initiative\/","og_locale":"en_US","og_type":"article","og_title":"Human rights work Romero Initiative - Foreign and Development Policy","og_description":"Foreign and development policy blog by Roger Peltzer on the topics of fragile states, human rights and Latin America.","og_url":"https:\/\/roger-peltzer.com\/en\/human-rights-work-romero-initiative\/","og_site_name":"Foreign and Development Policy","article_published_time":"2023-08-22T11:50:03+00:00","article_modified_time":"2024-06-24T14:56:41+00:00","og_image":[{"width":1024,"height":576,"url":"https:\/\/roger-peltzer.com\/wp-content\/uploads\/2023\/08\/CIR-MRV-Fonds-mitLogo-1024x576.png","type":"image\/png"}],"author":"Roger Peltzer","twitter_card":"summary_large_image","twitter_misc":{"Written by":"Roger Peltzer"},"schema":{"@context":"https:\/\/schema.org","@graph":[{"@type":"Article","@id":"https:\/\/roger-peltzer.com\/en\/human-rights-work-romero-initiative\/#article","isPartOf":{"@id":"https:\/\/roger-peltzer.com\/en\/human-rights-work-romero-initiative\/"},"author":{"name":"Roger Peltzer","@id":"https:\/\/roger-peltzer.com\/en\/#\/schema\/person\/6506ec1961bde1e8ad9521e95d6a8dac"},"headline":"Human rights work Romero Initiative","datePublished":"2023-08-22T11:50:03+00:00","dateModified":"2024-06-24T14:56:41+00:00","mainEntityOfPage":{"@id":"https:\/\/roger-peltzer.com\/en\/human-rights-work-romero-initiative\/"},"wordCount":83,"commentCount":0,"publisher":{"@id":"https:\/\/roger-peltzer.com\/en\/#\/schema\/person\/6506ec1961bde1e8ad9521e95d6a8dac"},"image":{"@id":"https:\/\/roger-peltzer.com\/en\/human-rights-work-romero-initiative\/#primaryimage"},"thumbnailUrl":"https:\/\/roger-peltzer.com\/wp-content\/uploads\/2023\/08\/CIR-MRV-Fonds-mitLogo.png","articleSection":["Human rights","Latin America"],"inLanguage":"en-US","potentialAction":[{"@type":"CommentAction","name":"Comment","target":["https:\/\/roger-peltzer.com\/en\/human-rights-work-romero-initiative\/#respond"]}]},{"@type":"WebPage","@id":"https:\/\/roger-peltzer.com\/en\/human-rights-work-romero-initiative\/","url":"https:\/\/roger-peltzer.com\/en\/human-rights-work-romero-initiative\/","name":"Human rights work Romero Initiative - Foreign and Development Policy","isPartOf":{"@id":"https:\/\/roger-peltzer.com\/en\/#website"},"primaryImageOfPage":{"@id":"https:\/\/roger-peltzer.com\/en\/human-rights-work-romero-initiative\/#primaryimage"},"image":{"@id":"https:\/\/roger-peltzer.com\/en\/human-rights-work-romero-initiative\/#primaryimage"},"thumbnailUrl":"https:\/\/roger-peltzer.com\/wp-content\/uploads\/2023\/08\/CIR-MRV-Fonds-mitLogo.png","datePublished":"2023-08-22T11:50:03+00:00","dateModified":"2024-06-24T14:56:41+00:00","description":"Foreign and development policy blog by Roger Peltzer on the topics of fragile states, human rights and Latin America.","breadcrumb":{"@id":"https:\/\/roger-peltzer.com\/en\/human-rights-work-romero-initiative\/#breadcrumb"},"inLanguage":"en-US","potentialAction":[{"@type":"ReadAction","target":["https:\/\/roger-peltzer.com\/en\/human-rights-work-romero-initiative\/"]}]},{"@type":"ImageObject","inLanguage":"en-US","@id":"https:\/\/roger-peltzer.com\/en\/human-rights-work-romero-initiative\/#primaryimage","url":"https:\/\/roger-peltzer.com\/wp-content\/uploads\/2023\/08\/CIR-MRV-Fonds-mitLogo.png","contentUrl":"https:\/\/roger-peltzer.com\/wp-content\/uploads\/2023\/08\/CIR-MRV-Fonds-mitLogo.png","width":1920,"height":1080},{"@type":"BreadcrumbList","@id":"https:\/\/roger-peltzer.com\/en\/human-rights-work-romero-initiative\/#breadcrumb","itemListElement":[{"@type":"ListItem","position":1,"name":"Home","item":"https:\/\/roger-peltzer.com\/en\/"},{"@type":"ListItem","position":2,"name":"Human rights work Romero Initiative"}]},{"@type":"WebSite","@id":"https:\/\/roger-peltzer.com\/en\/#website","url":"https:\/\/roger-peltzer.com\/en\/","name":"Foreign and Development Policy","description":"Roger Peltzer","publisher":{"@id":"https:\/\/roger-peltzer.com\/en\/#\/schema\/person\/6506ec1961bde1e8ad9521e95d6a8dac"},"potentialAction":[{"@type":"SearchAction","target":{"@type":"EntryPoint","urlTemplate":"https:\/\/roger-peltzer.com\/en\/?s={search_term_string}"},"query-input":{"@type":"PropertyValueSpecification","valueRequired":true,"valueName":"search_term_string"}}],"inLanguage":"en-US"},{"@type":["Person","Organization"],"@id":"https:\/\/roger-peltzer.com\/en\/#\/schema\/person\/6506ec1961bde1e8ad9521e95d6a8dac","name":"Roger Peltzer","image":{"@type":"ImageObject","inLanguage":"en-US","@id":"https:\/\/roger-peltzer.com\/wp-content\/uploads\/2023\/09\/roger-peltzer-weltjugendtag-square.jpgd5bfa09cc9b6ba3f4dfe4bfbbc24c702","url":"https:\/\/roger-peltzer.com\/wp-content\/uploads\/2023\/09\/roger-peltzer-weltjugendtag-square.jpg","contentUrl":"https:\/\/roger-peltzer.com\/wp-content\/uploads\/2023\/09\/roger-peltzer-weltjugendtag-square.jpg","caption":"Roger Peltzer"},"logo":{"@id":"https:\/\/roger-peltzer.com\/wp-content\/uploads\/2023\/09\/roger-peltzer-weltjugendtag-square.jpgd5bfa09cc9b6ba3f4dfe4bfbbc24c702"},"description":"[wpml-string context=\"pb-bioinfo\" name=\"info-1\"]70 Jahre alt, verheiratet, 3 Kinder und 4 Enkelkinder. Ich habe an der Universit\u00e4t M\u00fcnster Volkswirtschaft studiert und anschlie\u00dfend den postgraduierten Kurs am deutschen Institut f\u00fcr Entwicklungspolitik (heute IDOS) absolviert.[\/wpml-string]","sameAs":["https:\/\/roger-peltzer.com\/ueber-mich\/"],"url":"https:\/\/roger-peltzer.com\/en\/author\/roger\/"}]}},"authors":[{"term_id":26,"user_id":2,"is_guest":0,"slug":"roger","display_name":"Roger Peltzer","avatar_url":{"url":"https:\/\/roger-peltzer.com\/wp-content\/uploads\/2023\/09\/roger-peltzer-weltjugendtag-square.jpg","url2x":"https:\/\/roger-peltzer.com\/wp-content\/uploads\/2023\/09\/roger-peltzer-weltjugendtag-square.jpg"},"0":null,"1":"","2":"","3":"","4":"","5":"","6":"","7":"","8":""}],"_links":{"self":[{"href":"https:\/\/roger-peltzer.com\/en\/wp-json\/wp\/v2\/posts\/577","targetHints":{"allow":["GET"]}}],"collection":[{"href":"https:\/\/roger-peltzer.com\/en\/wp-json\/wp\/v2\/posts"}],"about":[{"href":"https:\/\/roger-peltzer.com\/en\/wp-json\/wp\/v2\/types\/post"}],"author":[{"embeddable":true,"href":"https:\/\/roger-peltzer.com\/en\/wp-json\/wp\/v2\/users\/2"}],"replies":[{"embeddable":true,"href":"https:\/\/roger-peltzer.com\/en\/wp-json\/wp\/v2\/comments?post=577"}],"version-history":[{"count":2,"href":"https:\/\/roger-peltzer.com\/en\/wp-json\/wp\/v2\/posts\/577\/revisions"}],"predecessor-version":[{"id":581,"href":"https:\/\/roger-peltzer.com\/en\/wp-json\/wp\/v2\/posts\/577\/revisions\/581"}],"wp:featuredmedia":[{"embeddable":true,"href":"https:\/\/roger-peltzer.com\/en\/wp-json\/wp\/v2\/media\/481"}],"wp:attachment":[{"href":"https:\/\/roger-peltzer.com\/en\/wp-json\/wp\/v2\/media?parent=577"}],"wp:term":[{"taxonomy":"category","embeddable":true,"href":"https:\/\/roger-peltzer.com\/en\/wp-json\/wp\/v2\/categories?post=577"},{"taxonomy":"post_tag","embeddable":true,"href":"https:\/\/roger-peltzer.com\/en\/wp-json\/wp\/v2\/tags?post=577"},{"taxonomy":"author","embeddable":true,"href":"https:\/\/roger-peltzer.com\/en\/wp-json\/wp\/v2\/ppma_author?post=577"}],"curies":[{"name":"wp","href":"https:\/\/api.w.org\/{rel}","templated":true}]}}