{"id":65,"count":8,"description":"","link":"https:\/\/roger-peltzer.com\/en\/category\/latin-america\/","name":"Latin America","slug":"latin-america","taxonomy":"category","parent":0,"meta":[],"yoast_head":"<!-- This site is optimized with the Yoast SEO plugin v27.5 - https:\/\/yoast.com\/product\/yoast-seo-wordpress\/ -->\n<title>Latin America Archive - Foreign and Development Policy<\/title>\n<meta name=\"description\" content=\"Foreign and development policy blog by Roger Peltzer on the topics of fragile states, human rights and Latin America.\" \/>\n<meta name=\"robots\" content=\"index, follow, max-snippet:-1, max-image-preview:large, max-video-preview:-1\" \/>\n<link rel=\"canonical\" href=\"https:\/\/roger-peltzer.com\/en\/category\/latin-america\/\" \/>\n<meta property=\"og:locale\" content=\"en_US\" \/>\n<meta property=\"og:type\" content=\"article\" \/>\n<meta property=\"og:title\" content=\"Latin America Archive - Foreign and Development Policy\" \/>\n<meta property=\"og:description\" content=\"Foreign and development policy blog by Roger Peltzer on the topics of fragile states, human rights and Latin America.\" \/>\n<meta property=\"og:url\" content=\"https:\/\/roger-peltzer.com\/en\/category\/latin-america\/\" \/>\n<meta property=\"og:site_name\" content=\"Foreign and Development Policy\" \/>\n<meta property=\"og:image\" content=\"https:\/\/roger-peltzer.com\/wp-content\/uploads\/2023\/08\/globes-by-christian-lue.jpg\" \/>\n\t<meta property=\"og:image:width\" content=\"1920\" \/>\n\t<meta property=\"og:image:height\" content=\"1280\" \/>\n\t<meta property=\"og:image:type\" content=\"image\/jpeg\" \/>\n<meta name=\"twitter:card\" content=\"summary_large_image\" \/>\n<script type=\"application\/ld+json\" class=\"yoast-schema-graph\">{\"@context\":\"https:\\\/\\\/schema.org\",\"@graph\":[{\"@type\":\"CollectionPage\",\"@id\":\"https:\\\/\\\/roger-peltzer.com\\\/en\\\/category\\\/latin-america\\\/\",\"url\":\"https:\\\/\\\/roger-peltzer.com\\\/en\\\/category\\\/latin-america\\\/\",\"name\":\"Latin America Archive - Foreign and Development Policy\",\"isPartOf\":{\"@id\":\"https:\\\/\\\/roger-peltzer.com\\\/en\\\/#website\"},\"description\":\"Foreign and development policy blog by Roger Peltzer on the topics of fragile states, human rights and Latin America.\",\"breadcrumb\":{\"@id\":\"https:\\\/\\\/roger-peltzer.com\\\/en\\\/category\\\/latin-america\\\/#breadcrumb\"},\"inLanguage\":\"en-US\"},{\"@type\":\"BreadcrumbList\",\"@id\":\"https:\\\/\\\/roger-peltzer.com\\\/en\\\/category\\\/latin-america\\\/#breadcrumb\",\"itemListElement\":[{\"@type\":\"ListItem\",\"position\":1,\"name\":\"Home\",\"item\":\"https:\\\/\\\/roger-peltzer.com\\\/en\\\/\"},{\"@type\":\"ListItem\",\"position\":2,\"name\":\"Latin America\"}]},{\"@type\":\"WebSite\",\"@id\":\"https:\\\/\\\/roger-peltzer.com\\\/en\\\/#website\",\"url\":\"https:\\\/\\\/roger-peltzer.com\\\/en\\\/\",\"name\":\"Foreign and Development Policy\",\"description\":\"Roger Peltzer\",\"publisher\":{\"@id\":\"https:\\\/\\\/roger-peltzer.com\\\/en\\\/#\\\/schema\\\/person\\\/6506ec1961bde1e8ad9521e95d6a8dac\"},\"potentialAction\":[{\"@type\":\"SearchAction\",\"target\":{\"@type\":\"EntryPoint\",\"urlTemplate\":\"https:\\\/\\\/roger-peltzer.com\\\/en\\\/?s={search_term_string}\"},\"query-input\":{\"@type\":\"PropertyValueSpecification\",\"valueRequired\":true,\"valueName\":\"search_term_string\"}}],\"inLanguage\":\"en-US\"},{\"@type\":[\"Person\",\"Organization\"],\"@id\":\"https:\\\/\\\/roger-peltzer.com\\\/en\\\/#\\\/schema\\\/person\\\/6506ec1961bde1e8ad9521e95d6a8dac\",\"name\":\"Roger Peltzer\",\"image\":{\"@type\":\"ImageObject\",\"inLanguage\":\"en-US\",\"@id\":\"https:\\\/\\\/roger-peltzer.com\\\/wp-content\\\/uploads\\\/2023\\\/09\\\/roger-peltzer-weltjugendtag-square.jpg\",\"url\":\"https:\\\/\\\/roger-peltzer.com\\\/wp-content\\\/uploads\\\/2023\\\/09\\\/roger-peltzer-weltjugendtag-square.jpg\",\"contentUrl\":\"https:\\\/\\\/roger-peltzer.com\\\/wp-content\\\/uploads\\\/2023\\\/09\\\/roger-peltzer-weltjugendtag-square.jpg\",\"caption\":\"Roger Peltzer\"},\"logo\":{\"@id\":\"https:\\\/\\\/roger-peltzer.com\\\/wp-content\\\/uploads\\\/2023\\\/09\\\/roger-peltzer-weltjugendtag-square.jpg\"},\"description\":\"[wpml-string context=\\\"pb-bioinfo\\\" name=\\\"info-1\\\"]70 Jahre alt, verheiratet, 3 Kinder und 4 Enkelkinder. Ich habe an der Universit\u00e4t M\u00fcnster Volkswirtschaft studiert und anschlie\u00dfend den postgraduierten Kurs am deutschen Institut f\u00fcr Entwicklungspolitik (heute IDOS) absolviert.[\\\/wpml-string]\",\"sameAs\":[\"https:\\\/\\\/roger-peltzer.com\\\/ueber-mich\\\/\"]}]}<\/script>\n<!-- \/ Yoast SEO plugin. -->","yoast_head_json":{"title":"Latin America Archive - Foreign and Development Policy","description":"Foreign and development policy blog by Roger Peltzer on the topics of fragile states, human rights and Latin America.","robots":{"index":"index","follow":"follow","max-snippet":"max-snippet:-1","max-image-preview":"max-image-preview:large","max-video-preview":"max-video-preview:-1"},"canonical":"https:\/\/roger-peltzer.com\/en\/category\/latin-america\/","og_locale":"en_US","og_type":"article","og_title":"Latin America Archive - Foreign and Development Policy","og_description":"Foreign and development policy blog by Roger Peltzer on the topics of fragile states, human rights and Latin America.","og_url":"https:\/\/roger-peltzer.com\/en\/category\/latin-america\/","og_site_name":"Foreign and Development Policy","og_image":[{"width":1920,"height":1280,"url":"https:\/\/roger-peltzer.com\/wp-content\/uploads\/2023\/08\/globes-by-christian-lue.jpg","type":"image\/jpeg"}],"twitter_card":"summary_large_image","schema":{"@context":"https:\/\/schema.org","@graph":[{"@type":"CollectionPage","@id":"https:\/\/roger-peltzer.com\/en\/category\/latin-america\/","url":"https:\/\/roger-peltzer.com\/en\/category\/latin-america\/","name":"Latin America Archive - Foreign and Development Policy","isPartOf":{"@id":"https:\/\/roger-peltzer.com\/en\/#website"},"description":"Foreign and development policy blog by Roger Peltzer on the topics of fragile states, human rights and Latin America.","breadcrumb":{"@id":"https:\/\/roger-peltzer.com\/en\/category\/latin-america\/#breadcrumb"},"inLanguage":"en-US"},{"@type":"BreadcrumbList","@id":"https:\/\/roger-peltzer.com\/en\/category\/latin-america\/#breadcrumb","itemListElement":[{"@type":"ListItem","position":1,"name":"Home","item":"https:\/\/roger-peltzer.com\/en\/"},{"@type":"ListItem","position":2,"name":"Latin America"}]},{"@type":"WebSite","@id":"https:\/\/roger-peltzer.com\/en\/#website","url":"https:\/\/roger-peltzer.com\/en\/","name":"Foreign and Development Policy","description":"Roger Peltzer","publisher":{"@id":"https:\/\/roger-peltzer.com\/en\/#\/schema\/person\/6506ec1961bde1e8ad9521e95d6a8dac"},"potentialAction":[{"@type":"SearchAction","target":{"@type":"EntryPoint","urlTemplate":"https:\/\/roger-peltzer.com\/en\/?s={search_term_string}"},"query-input":{"@type":"PropertyValueSpecification","valueRequired":true,"valueName":"search_term_string"}}],"inLanguage":"en-US"},{"@type":["Person","Organization"],"@id":"https:\/\/roger-peltzer.com\/en\/#\/schema\/person\/6506ec1961bde1e8ad9521e95d6a8dac","name":"Roger Peltzer","image":{"@type":"ImageObject","inLanguage":"en-US","@id":"https:\/\/roger-peltzer.com\/wp-content\/uploads\/2023\/09\/roger-peltzer-weltjugendtag-square.jpg","url":"https:\/\/roger-peltzer.com\/wp-content\/uploads\/2023\/09\/roger-peltzer-weltjugendtag-square.jpg","contentUrl":"https:\/\/roger-peltzer.com\/wp-content\/uploads\/2023\/09\/roger-peltzer-weltjugendtag-square.jpg","caption":"Roger Peltzer"},"logo":{"@id":"https:\/\/roger-peltzer.com\/wp-content\/uploads\/2023\/09\/roger-peltzer-weltjugendtag-square.jpg"},"description":"[wpml-string context=\"pb-bioinfo\" name=\"info-1\"]70 Jahre alt, verheiratet, 3 Kinder und 4 Enkelkinder. Ich habe an der Universit\u00e4t M\u00fcnster Volkswirtschaft studiert und anschlie\u00dfend den postgraduierten Kurs am deutschen Institut f\u00fcr Entwicklungspolitik (heute IDOS) absolviert.[\/wpml-string]","sameAs":["https:\/\/roger-peltzer.com\/ueber-mich\/"]}]}},"_links":{"self":[{"href":"https:\/\/roger-peltzer.com\/en\/wp-json\/wp\/v2\/categories\/65","targetHints":{"allow":["GET"]}}],"collection":[{"href":"https:\/\/roger-peltzer.com\/en\/wp-json\/wp\/v2\/categories"}],"about":[{"href":"https:\/\/roger-peltzer.com\/en\/wp-json\/wp\/v2\/taxonomies\/category"}],"wp:post_type":[{"href":"https:\/\/roger-peltzer.com\/en\/wp-json\/wp\/v2\/posts?categories=65"}],"curies":[{"name":"wp","href":"https:\/\/api.w.org\/{rel}","templated":true}]}}